{"id":49556,"date":"2026-09-03T04:18:00","date_gmt":"2026-09-03T04:18:00","guid":{"rendered":"https:\/\/fmamiga909.com.ar\/?p=49556"},"modified":"2026-09-03T04:18:00","modified_gmt":"2026-09-03T04:18:00","slug":"preocupacion-por-paredes-salio-en-el-final-y-no-pateo-el-penal","status":"publish","type":"post","link":"https:\/\/fmamiga909.com.ar\/?p=49556","title":{"rendered":"Preocupaci\u00f3n por Paredes: sali\u00f3 en el final y no pate\u00f3 el penal"},"content":{"rendered":"<div id=\"storyBody\">\n<div id=\"element-body-0\" class=\"sc-df222161-0 hNvwjb\">\n<p><strong>Otra vez el isquiotibial.<\/strong> Otra vez una molestia que obliga a <strong>Leandro Paredes a salir antes del final.<\/strong> Y esta vez, <strong>en el peor momento posible<\/strong>: <strong>Boca empat\u00f3 0-0 con V\u00e9lez por los octavos de final de la Copa Argentina<\/strong> y <strong>termin\u00f3 definiendo por penales sin su capit\u00e1n<\/strong>, que ya no estaba en cancha para hacerse cargo de uno de los remates.<\/p>\n<\/div>\n<div id=\"element-body-1\" class=\"sc-df222161-0 hNvwjb\">\n<p>Paredes hab\u00eda jugado un buen partido. De hecho, <strong>hab\u00eda sido uno de los futbolistas m\u00e1s importantes de Boca<\/strong> durante los 82 minutos que estuvo en cancha. <strong>Manej\u00f3 la pelota, orden\u00f3 al equipo y dej\u00f3 dos pases de gol<\/strong> <strong>que pudieron cambiar la historia<\/strong>: uno para Velasco, a quien dej\u00f3 mano a mano, y otro para Merentiel. Pero a los 82\u2019, lleg\u00f3 <strong>el momento que nadie en Boca quer\u00eda<\/strong>.<\/p>\n<\/div>\n<div id=\"element-body-2\" class=\"sc-df222161-0 hNvwjb\">\n<p><strong>El capit\u00e1n sinti\u00f3 una molestia en el isquiotibial<\/strong> y <strong>pidi\u00f3 el cambio<\/strong>. No pudo aguantar hasta el final. Y <strong>la imagen r\u00e1pidamente gener\u00f3 preocupaci\u00f3n<\/strong>, sobre todo por lo que hab\u00eda ocurrido apenas unos d\u00edas atr\u00e1s.<\/p>\n<\/div>\n<div id=\"element-body-3\" class=\"sc-df222161-0 hNvwjb\">\n<p>Porque <strong>Paredes ya hab\u00eda forzado su regreso<\/strong> frente a Lan\u00fas. Despu\u00e9s de aquella lesi\u00f3n, el propio volante hab\u00eda reconocido que hab\u00eda <strong>acelerado los tiempos de recuperaci\u00f3n<\/strong>. <strong>\u201cLa lesi\u00f3n requer\u00eda un par de d\u00edas m\u00e1s, pero sab\u00edamos que era muy importante estar\u201d<\/strong>, hab\u00eda explicado. Incluso admiti\u00f3 que <strong>hab\u00eda jugado \u201cun poco cagado\u201d esos \u00faltimos 30 minutos<\/strong>.<\/p>\n<\/div>\n<div id=\"element-body-4\" class=\"sc-df222161-0 hNvwjb\">\n<p>Ahora volvi\u00f3 a ser exigido. <strong>Titular ante V\u00e9lez<\/strong>, <strong>m\u00e1s de 80 minutos en un partido de eliminaci\u00f3n directa<\/strong> y <strong>una nueva molestia en la misma zona<\/strong> que lo oblig\u00f3 a dejar la cancha. Una situaci\u00f3n que preocupa por lo que viene y que, adem\u00e1s, tuvo una consecuencia inmediata: <strong>Paredes no pudo estar en la definici\u00f3n desde los doce pasos<\/strong>.<\/p>\n<\/div>\n<div id=\"element-body-5\" class=\"sc-df222161-0 hNvwjb\">\n<p><strong>Boca necesitaba a su capit\u00e1n para el momento m\u00e1s caliente de la noche<\/strong>. Pero <strong>el empate sin goles llev\u00f3 el partido a los penales<\/strong> y <strong>Paredes ya estaba afuera<\/strong>. El hombre que hab\u00eda vuelto para ponerse el equipo al hombro termin\u00f3 mirando desde afuera una definici\u00f3n en la que, naturalmente, <strong>pod\u00eda haber sido uno de los encargados de patear<\/strong>.<\/p>\n<\/div>\n<div id=\"element-body-6\" class=\"sc-df222161-0 hNvwjb\">\n<p>Ahora, la pelota queda del lado de los estudios m\u00e9dicos. <strong>Boca deber\u00e1 determinar qu\u00e9 tiene Paredes<\/strong> y <strong>cu\u00e1nto tiempo podr\u00eda demandarle la recuperaci\u00f3n<\/strong> de cara a los <strong>cuartos de final de la Sudamericana ante San Pablo<\/strong> que ser\u00e1 dentro de diez d\u00edas.<\/p>\n<\/div>\n<\/div>\n<p><a href=\"https:\/\/www.ole.com.ar\/boca-juniors\/preocupacion-paredes-salio-final-pateo-penal_0_AIZnmGzwIN.html\">source<\/a><\/p>\n","protected":false},"excerpt":{"rendered":"<p>Otra vez el isquiotibial. Otra vez una molestia que obliga a Leandro Paredes a salir&#8230;<\/p>\n","protected":false},"author":3,"featured_media":49557,"comment_status":"closed","ping_status":"closed","sticky":false,"template":"","format":"standard","meta":{"footnotes":""},"categories":[21],"tags":[],"class_list":["post-49556","post","type-post","status-publish","format-standard","has-post-thumbnail","hentry","category-deportes"],"featured_image_urls":{"full":["https:\/\/fmamiga909.com.ar\/wp-content\/uploads\/2026\/09\/wp-header-logo-40.png",2000,1500,false],"thumbnail":["https:\/\/fmamiga909.com.ar\/wp-content\/uploads\/2026\/09\/wp-header-logo-40-150x150.png",150,150,true],"medium":["https:\/\/fmamiga909.com.ar\/wp-content\/uploads\/2026\/09\/wp-header-logo-40-300x225.png",300,225,true],"medium_large":["https:\/\/fmamiga909.com.ar\/wp-content\/uploads\/2026\/09\/wp-header-logo-40.png",2000,1500,false],"large":["https:\/\/fmamiga909.com.ar\/wp-content\/uploads\/2026\/09\/wp-header-logo-40-1024x768.png",640,480,true],"1536x1536":["https:\/\/fmamiga909.com.ar\/wp-content\/uploads\/2026\/09\/wp-header-logo-40-1536x1152.png",1536,1152,true],"2048x2048":["https:\/\/fmamiga909.com.ar\/wp-content\/uploads\/2026\/09\/wp-header-logo-40.png",2000,1500,false],"newsium-slider-full":["https:\/\/fmamiga909.com.ar\/wp-content\/uploads\/2026\/09\/wp-header-logo-40-1280x845.png",1280,845,true],"newsium-featured":["https:\/\/fmamiga909.com.ar\/wp-content\/uploads\/2026\/09\/wp-header-logo-40-1024x768.png",1024,768,true],"newsium-medium":["https:\/\/fmamiga909.com.ar\/wp-content\/uploads\/2026\/09\/wp-header-logo-40-720x475.png",720,475,true]},"author_info":{"display_name":"Fredy Giuliano","author_link":"https:\/\/fmamiga909.com.ar\/?author=3"},"category_info":"<a href=\"https:\/\/fmamiga909.com.ar\/?cat=21\" rel=\"category\">Deportes<\/a>","tag_info":"Deportes","comment_count":"0","_links":{"self":[{"href":"https:\/\/fmamiga909.com.ar\/index.php?rest_route=\/wp\/v2\/posts\/49556","targetHints":{"allow":["GET"]}}],"collection":[{"href":"https:\/\/fmamiga909.com.ar\/index.php?rest_route=\/wp\/v2\/posts"}],"about":[{"href":"https:\/\/fmamiga909.com.ar\/index.php?rest_route=\/wp\/v2\/types\/post"}],"author":[{"embeddable":true,"href":"https:\/\/fmamiga909.com.ar\/index.php?rest_route=\/wp\/v2\/users\/3"}],"replies":[{"embeddable":true,"href":"https:\/\/fmamiga909.com.ar\/index.php?rest_route=%2Fwp%2Fv2%2Fcomments&post=49556"}],"version-history":[{"count":0,"href":"https:\/\/fmamiga909.com.ar\/index.php?rest_route=\/wp\/v2\/posts\/49556\/revisions"}],"wp:featuredmedia":[{"embeddable":true,"href":"https:\/\/fmamiga909.com.ar\/index.php?rest_route=\/wp\/v2\/media\/49557"}],"wp:attachment":[{"href":"https:\/\/fmamiga909.com.ar\/index.php?rest_route=%2Fwp%2Fv2%2Fmedia&parent=49556"}],"wp:term":[{"taxonomy":"category","embeddable":true,"href":"https:\/\/fmamiga909.com.ar\/index.php?rest_route=%2Fwp%2Fv2%2Fcategories&post=49556"},{"taxonomy":"post_tag","embeddable":true,"href":"https:\/\/fmamiga909.com.ar\/index.php?rest_route=%2Fwp%2Fv2%2Ftags&post=49556"}],"curies":[{"name":"wp","href":"https:\/\/api.w.org\/{rel}","templated":true}]}}