{"id":49610,"date":"2026-09-03T05:03:16","date_gmt":"2026-09-03T05:03:16","guid":{"rendered":"https:\/\/fmamiga909.com.ar\/?p=49610"},"modified":"2026-09-03T05:03:16","modified_gmt":"2026-09-03T05:03:16","slug":"cuando-jugarian-boca-y-racing-los-cuartos-de-final-de-la-copa-argentina-y-sus-cruces-eliminatorios-recientes","status":"publish","type":"post","link":"https:\/\/fmamiga909.com.ar\/?p=49610","title":{"rendered":"Cu\u00e1ndo jugar\u00edan Boca y Racing los cuartos de final de la Copa Argentina y sus cruces eliminatorios recientes"},"content":{"rendered":"<div id=\"storyBody\">\n<div id=\"element-body-0\" class=\"sc-df222161-0 hNvwjb\">\n<p><strong><a href=\"https:\/\/www.ole.com.ar\/tema\/boca-juniors.html\" title=\"Boca Juniors\" alt=\"Boca Juniors\" class=\"slug\">Boca<\/a> venci\u00f3 a <a href=\"https:\/\/www.ole.com.ar\/tema\/velez.html\" title=\"V\u00e9lez\" alt=\"V\u00e9lez\" class=\"slug\">V\u00e9lez<\/a><\/strong> por 4-3 en los penales (0-0 en tiempo regular) este mi\u00e9rcoles por la noche en el Mario Alberto Kempes de C\u00f3rdoba y <strong>avanz\u00f3 a los cuartos de final de la <a href=\"https:\/\/www.ole.com.ar\/tema\/copa-argentina.html\" title=\"Copa Argentina\" alt=\"Copa Argentina\" class=\"slug\">Copa Argentina<\/a><\/strong>, donde <strong>enfrentar\u00e1 a Racing, un cl\u00e1sico<\/strong> y un cruce que viene repiti\u00e9ndose seguido en instancias mata-mata en m\u00faltiples competencias de los \u00faltimos a\u00f1os.<\/p>\n<\/div>\n<p><h2><strong>Cu\u00e1ndo jugar\u00edan Boca y Racing los cuartos de final<\/strong><\/h2>\n<\/p>\n<div id=\"element-body-2\" class=\"sc-df222161-0 hNvwjb\">\n<p>Hasta ahora, <strong>no hay sede ni fecha confirmada para los cuartos de final de la Copa Argentina<\/strong>. El calendario de Boca viene apretado: debe jugar tambi\u00e9n <strong>los cuartos de final de la Sudamericana contra San Pablo el 8 y el 16 de septiembre<\/strong>. Y la semifinales de ese certamen, en caso de que avance, ser\u00e1n entre el 13 y el 21 de octubre.<\/p>\n<\/div>\n<div id=\"element-body-3\" class=\"sc-df222161-0 hNvwjb\">\n<p>Pero habr\u00e1 <strong>una pausa por la Fecha FIFA entre el 21 de septiembre y el 6 de octubre<\/strong>. Y entre ese espacio <strong>podr\u00edan jugar el Xeneize y la Academia estos cuartos de final de la Copa Argentina<\/strong>.<\/p>\n<\/div>\n<div id=\"element-body-4\" class=\"sc-df222161-0 hNvwjb\">\n<p>La fecha de la final de la Copa Argentina, vale recordar, si est\u00e1 confirmada: <strong> ser\u00e1 el domingo 4 de noviembre,<\/strong> a\u00fan con sede a confirmar.<\/p>\n<\/div>\n<p><h2><strong>Los cruces eliminatorios recientes entre Boca y Racing<\/strong><\/h2>\n<\/p>\n<div id=\"element-body-6\" class=\"sc-df222161-0 hNvwjb\">\n<p>En los \u00faltimos seis a\u00f1os, el Xeneize y la Academia se vieron las caras en un total de <strong>siete mata-mata<\/strong>. Con <strong>saldo positivo para Racing, que logr\u00f3 imponerse en cuatro ocasiones<\/strong>, contra tres de Boca.<\/p>\n<\/div>\n<div id=\"element-body-7\" class=\"sc-df222161-0 hNvwjb\">\n<p>El \u00faltimo cruce data de diciembre del a\u00f1o pasado, cuando <strong>Racing venci\u00f3 a Boca por 1-0<\/strong> <strong>en la Bombonera<\/strong> por las <strong>semifinales del Clausura 2025<\/strong>.<\/p>\n<\/div>\n<div id=\"element-body-9\" class=\"sc-df222161-0 hNvwjb\">\n<p>Antes, en la <strong>Copa Libertadores 2023<\/strong>, all\u00e1 por agosto, se hab\u00edan visto las caras por los cuartos de final, donde, tras un 0-0 en el global, fue <strong>Boca el que se impuso 4-1 en los penales<\/strong> en el Cilindro de Avellaneda.<\/p>\n<\/div>\n<div id=\"element-body-10\" class=\"sc-df222161-0 hNvwjb\">\n<p>En enero de ese mismo a\u00f1o (2023), en el marco de la <strong>primera Supercopa Internacional<\/strong>, se enfrentaron en Abu Dhabi, con <strong>Racing llev\u00e1ndose la victoria y el t\u00edtulo por 2-1<\/strong>.<\/p>\n<\/div>\n<div id=\"element-body-11\" class=\"sc-df222161-0 hNvwjb\">\n<p>En noviembre de 2022 tuvieron tambi\u00e9n la <strong>final del Trofeo de Campeones en La Pedrera de Villa Mercedes, San Luis<\/strong>, con una <strong>victoria para Racing por falta de jugadores xeneizes<\/strong>: la Academia se impon\u00eda 2-1 y, luego de ese segundo gol, <strong>se desat\u00f3 una pelea entre los jugadores de ambos equipos<\/strong> que deriv\u00f3 con <strong>varios expulsados<\/strong>. La bronca persisti\u00f3 y cuando restaban apenas dos minutos adicionales del segundo tiempo extra, <strong>Dar\u00edo Benedetto sufri\u00f3 la quinta y \u00faltima expulsi\u00f3n en Boca<\/strong>, que se qued\u00f3 con solo seis jugadores en cancha y, como <strong>el reglamento obliga a tener un minimo de siete futbolistas<\/strong> en el campo de juego, <strong>el \u00e1rbitro Facundo Tello detuvo el encuentro y le dio el triunfo a los de Avellaneda<\/strong>.<\/p>\n<\/div>\n<div class=\"sc-c0843421-0 iNysjD image-embed\" id=\"element-body-12\"><img alt=\"El Trofeo de Campeones que Racing le gan\u00f3 a Boca. \" loading=\"lazy\" width=\"720\" height=\"100\" decoding=\"async\" data-nimg=\"1\" style=\"color:transparent\" src=\"https:\/\/fmamiga909.com.ar\/wp-content\/uploads\/2026\/09\/CrUs--5db_720x0__1.jpg\"\/><span class=\"epigraphe\">El Trofeo de Campeones que Racing le gan\u00f3 a Boca. <\/span><\/div>\n<div id=\"element-body-13\" class=\"sc-df222161-0 hNvwjb\">\n<p>Meses atr\u00e1s, en mayo del 2022, <strong>se enfrentaron por las semifinales de la Copa de la Liga 2022<\/strong>, en la cancha de Lan\u00fas y con la presencia de las dos hinchadas. Tras un 0-0 en tiempo regular, fueron a penales y <strong>fue Boca el que se impuso por 6-5<\/strong>.<\/p>\n<\/div>\n<div id=\"element-body-14\" class=\"sc-df222161-0 hNvwjb\">\n<p>En <strong>mayo del 2021<\/strong>, tambi\u00e9n por las <strong>semifinales de la Copa de la Liga<\/strong>, tuvieron otro <strong>0-0 y otra serie de penales<\/strong>. Aquella vez fue en el <strong>Estadio San Juan del Bicentenario<\/strong> y con <strong>victoria 4-2 para la Academia<\/strong>.<\/p>\n<\/div>\n<div id=\"element-body-15\" class=\"sc-df222161-0 hNvwjb\">\n<p>El que completa la lista es el <strong>cruce por los cuartos de final de la Copa Libertadores 2020<\/strong>, disputados en enero del 2021, y que tuvo a <strong>Boca como el vencedor<\/strong>: <strong>empataron 0-0 en la ida<\/strong> en el Cilindro y <strong>en la vuelta en la Bombonera el Xeneize gan\u00f3 2-0<\/strong>.<\/p>\n<\/div>\n<div id=\"element-body-16\" class=\"sc-a7166897-0 eTTZWU\"><a href=\"https:\/\/www.ole.com.ar\/copa-argentina\/boca-vs-velez-partido-copa-argentina-vivo-horario-ver-minuto-minuto_0_ce7wVppSiR.html\" aria-label=\"Montero h\u00e9roe y Boca a cuartos de final de la Copa Argentina\" class=\"sc-d4f573e5-0 bUEDsN\"\/><\/p>\n<section><picture><img alt=\"Montero h\u00e9roe y Boca a cuartos de final de la Copa Argentina\" loading=\"lazy\" width=\"290\" height=\"290\" decoding=\"async\" data-nimg=\"1\" style=\"color:transparent\" src=\"https:\/\/fmamiga909.com.ar\/wp-content\/uploads\/2026\/09\/1788411796_200_EEhYWm5dG_290x290__1.jpg\"\/><\/picture>\n<p><span>Mir\u00e1 tambi\u00e9n<\/span><\/p>\n<hr\/>\n<h3>Montero h\u00e9roe y Boca a cuartos de final de la Copa Argentina<\/h3>\n<\/p>\n<\/section>\n<\/div>\n<div id=\"element-body-17\" class=\"sc-a7166897-0 eTTZWU\"><a href=\"https:\/\/www.ole.com.ar\/velez\/orgullo-hernan-feler-relato-primera-vez-hijo-luca-velez-vs-boca-copa-argentina-video_0_SBC6FO6WA1.html\" aria-label=\"El orgullo de Hern\u00e1n Feler por relatar por primera vez a Luca: &quot;Entra mi hijo&quot;\" class=\"sc-d4f573e5-0 bUEDsN\"\/><\/p>\n<section><picture><img alt=\"El orgullo de Hern\u00e1n Feler por relatar por primera vez a Luca: &quot;Entra mi hijo&quot;\" loading=\"lazy\" width=\"290\" height=\"290\" decoding=\"async\" data-nimg=\"1\" style=\"color:transparent\" src=\"https:\/\/fmamiga909.com.ar\/wp-content\/uploads\/2026\/09\/1788411796_618_IlOC3ls2h_290x290__1.jpg\"\/><\/picture>\n<p><span>Mir\u00e1 tambi\u00e9n<\/span><\/p>\n<hr\/>\n<h3>El orgullo de Hern\u00e1n Feler por relatar por primera vez a Luca: \u00abEntra mi hijo\u00bb<\/h3>\n<\/p>\n<\/section>\n<\/div>\n<div id=\"element-body-18\" class=\"sc-a7166897-0 eTTZWU\"><a href=\"https:\/\/www.ole.com.ar\/boca-juniors\/boca-va-copa-argentina-sudamericana-torneo-clausura-tabla-anual-trofeo-campeones_0_psIzH4u2S8.html\" aria-label=\"Boca va por todo: los cinco t\u00edtulos que puede ganar en 2026\" class=\"sc-d4f573e5-0 bUEDsN\"\/><\/p>\n<section><picture><img alt=\"Boca va por todo: los cinco t\u00edtulos que puede ganar en 2026\" loading=\"lazy\" width=\"290\" height=\"290\" decoding=\"async\" data-nimg=\"1\" style=\"color:transparent\" src=\"https:\/\/fmamiga909.com.ar\/wp-content\/uploads\/2026\/09\/1788411796_448_pvER1W2Gb_290x290__1.jpg\"\/><\/picture>\n<p><span>Mir\u00e1 tambi\u00e9n<\/span><\/p>\n<hr\/>\n<h3>Boca va por todo: los cinco t\u00edtulos que puede ganar en 2026<\/h3>\n<\/p>\n<\/section>\n<\/div>\n<\/div>\n<p><a href=\"https:\/\/www.ole.com.ar\/copa-argentina\/jugarian-boca-racing-cuartos-final-copa-argentina_0_swOWa6ehFr.html\">source<\/a><\/p>\n","protected":false},"excerpt":{"rendered":"<p>Boca venci\u00f3 a V\u00e9lez por 4-3 en los penales (0-0 en tiempo regular) este mi\u00e9rcoles&#8230;<\/p>\n","protected":false},"author":3,"featured_media":49611,"comment_status":"closed","ping_status":"closed","sticky":false,"template":"","format":"standard","meta":{"footnotes":""},"categories":[21],"tags":[],"class_list":["post-49610","post","type-post","status-publish","format-standard","has-post-thumbnail","hentry","category-deportes"],"featured_image_urls":{"full":["https:\/\/fmamiga909.com.ar\/wp-content\/uploads\/2026\/09\/wp-header-logo-48.png",720,480,false],"thumbnail":["https:\/\/fmamiga909.com.ar\/wp-content\/uploads\/2026\/09\/wp-header-logo-48-150x150.png",150,150,true],"medium":["https:\/\/fmamiga909.com.ar\/wp-content\/uploads\/2026\/09\/wp-header-logo-48-300x200.png",300,200,true],"medium_large":["https:\/\/fmamiga909.com.ar\/wp-content\/uploads\/2026\/09\/wp-header-logo-48.png",720,480,false],"large":["https:\/\/fmamiga909.com.ar\/wp-content\/uploads\/2026\/09\/wp-header-logo-48.png",640,427,false],"1536x1536":["https:\/\/fmamiga909.com.ar\/wp-content\/uploads\/2026\/09\/wp-header-logo-48.png",720,480,false],"2048x2048":["https:\/\/fmamiga909.com.ar\/wp-content\/uploads\/2026\/09\/wp-header-logo-48.png",720,480,false],"newsium-slider-full":["https:\/\/fmamiga909.com.ar\/wp-content\/uploads\/2026\/09\/wp-header-logo-48.png",720,480,false],"newsium-featured":["https:\/\/fmamiga909.com.ar\/wp-content\/uploads\/2026\/09\/wp-header-logo-48.png",720,480,false],"newsium-medium":["https:\/\/fmamiga909.com.ar\/wp-content\/uploads\/2026\/09\/wp-header-logo-48-720x475.png",720,475,true]},"author_info":{"display_name":"Fredy Giuliano","author_link":"https:\/\/fmamiga909.com.ar\/?author=3"},"category_info":"<a href=\"https:\/\/fmamiga909.com.ar\/?cat=21\" rel=\"category\">Deportes<\/a>","tag_info":"Deportes","comment_count":"0","_links":{"self":[{"href":"https:\/\/fmamiga909.com.ar\/index.php?rest_route=\/wp\/v2\/posts\/49610","targetHints":{"allow":["GET"]}}],"collection":[{"href":"https:\/\/fmamiga909.com.ar\/index.php?rest_route=\/wp\/v2\/posts"}],"about":[{"href":"https:\/\/fmamiga909.com.ar\/index.php?rest_route=\/wp\/v2\/types\/post"}],"author":[{"embeddable":true,"href":"https:\/\/fmamiga909.com.ar\/index.php?rest_route=\/wp\/v2\/users\/3"}],"replies":[{"embeddable":true,"href":"https:\/\/fmamiga909.com.ar\/index.php?rest_route=%2Fwp%2Fv2%2Fcomments&post=49610"}],"version-history":[{"count":0,"href":"https:\/\/fmamiga909.com.ar\/index.php?rest_route=\/wp\/v2\/posts\/49610\/revisions"}],"wp:featuredmedia":[{"embeddable":true,"href":"https:\/\/fmamiga909.com.ar\/index.php?rest_route=\/wp\/v2\/media\/49611"}],"wp:attachment":[{"href":"https:\/\/fmamiga909.com.ar\/index.php?rest_route=%2Fwp%2Fv2%2Fmedia&parent=49610"}],"wp:term":[{"taxonomy":"category","embeddable":true,"href":"https:\/\/fmamiga909.com.ar\/index.php?rest_route=%2Fwp%2Fv2%2Fcategories&post=49610"},{"taxonomy":"post_tag","embeddable":true,"href":"https:\/\/fmamiga909.com.ar\/index.php?rest_route=%2Fwp%2Fv2%2Ftags&post=49610"}],"curies":[{"name":"wp","href":"https:\/\/api.w.org\/{rel}","templated":true}]}}