{"id":49620,"date":"2026-09-03T05:28:55","date_gmt":"2026-09-03T05:28:55","guid":{"rendered":"https:\/\/fmamiga909.com.ar\/?p=49620"},"modified":"2026-09-03T05:28:55","modified_gmt":"2026-09-03T05:28:55","slug":"el-orgullo-de-hernan-feler-por-relatar-por-primera-vez-a-luca-entra-mi-hijo","status":"publish","type":"post","link":"https:\/\/fmamiga909.com.ar\/?p=49620","title":{"rendered":"El orgullo de Hern\u00e1n Feler por relatar por primera vez a Luca: &quot;Entra mi hijo&quot;"},"content":{"rendered":"<div id=\"storyBody\">\n<div id=\"element-body-0\" class=\"sc-df222161-0 hNvwjb\">\n<p>La <strong><a href=\"https:\/\/www.ole.com.ar\/tema\/copa-argentina.html\" title=\"Copa Argentina\" alt=\"Copa Argentina\" class=\"slug\">Copa Argentina<\/a><\/strong> regal\u00f3 uno de esos <strong>momentos televisivos memorables<\/strong>. Este martes 2 de septiembre, en el marco del <a href=\"https:\/\/www.ole.com.ar\/copa-argentina\/boca-vs-velez-partido-copa-argentina-vivo-horario-ver-minuto-minuto_0_ce7wVppSiR.html\" target=\"_blank\" title=\"partido entre V\u00e9lez y Boca\" alt=\"partido entre V\u00e9lez y Boca\">partido entre V\u00e9lez y Boca<\/a>, a <strong>Hern\u00e1n Feler<\/strong>, <strong>relator de TyC Sports<\/strong>, le toc\u00f3 por primera vez seguir <strong>el minuto a minuto de las acciones de su hijo Luca, que ingres\u00f3 en el Fort\u00edn.<\/strong><\/p>\n<\/div>\n<div id=\"element-body-1\" class=\"sc-df222161-0 hNvwjb\">\n<p>Luca juega como <strong>mediocampista interior u ofensivo, es categor\u00eda 2008<\/strong> (18 a\u00f1os), toda su formaci\u00f3n fue en el club de Liniers, <strong> en este 2026 fue promovido por Guillermo Barros Schelotto y lleva diez partidos con la V en el pecho<\/strong>: dos por el Apertura (apenas dos minutos), siete por el actual Clausura (132&#8242; en total) y ahora debut\u00f3 en la Copa Argentina.<\/p>\n<\/div>\n<div id=\"element-body-2\" class=\"sc-df222161-0 hNvwjb\">\n<p>El momento entre <strong>el reconocido periodista que suele relatar los partidos de la Selecci\u00f3n Argentina para esta se\u00f1al y el futbolista<\/strong> (o sea, entre padre e hijo), <strong> se dio a los 81&#8217;13\u00bb. <\/strong> En la tercera y \u00faltima ventana de variantes, el Mellizo dispuso dos cambios. El primera lo nombr\u00f3 la cronista del campo de juego <strong>y el segundo, Hern\u00e1n interrumpi\u00f3: \u00ab\u00bfMe permit\u00eds este? Sale el n\u00famero 8, Lucas Robertone. A la cancha, con la 48, mi hijo, Luca Feler\u00bb.<\/strong><\/p>\n<\/div>\n<div class=\"sc-c0843421-0 iNysjD image-embed\" id=\"element-body-3\"><img alt=\"El ingreso de Luca Feler, en V\u00e9lez vs Boca, por la Copa Argentina.\" loading=\"lazy\" width=\"720\" height=\"100\" decoding=\"async\" data-nimg=\"1\" style=\"color:transparent\" src=\"https:\/\/fmamiga909.com.ar\/wp-content\/uploads\/2026\/09\/kFyM0ihAi_720x0__1.jpg\"\/><span class=\"epigraphe\">El ingreso de Luca Feler, en V\u00e9lez vs Boca, por la Copa Argentina.<\/span><\/div>\n<div class=\"sc-c0843421-0 iNysjD image-embed\" id=\"element-body-4\"><img alt=\"Hern\u00e1n Feler, relator de TyC Sports.\" loading=\"lazy\" width=\"720\" height=\"100\" decoding=\"async\" data-nimg=\"1\" style=\"color:transparent\" src=\"https:\/\/fmamiga909.com.ar\/wp-content\/uploads\/2026\/09\/V8RiLCOCO_720x0__1.jpg\"\/><span class=\"epigraphe\">Hern\u00e1n Feler, relator de TyC Sports.<\/span><\/div>\n<p><h2><strong>El video del momento del ingreso de Luca Feler y el orgullo de su padre, Hern\u00e1n<\/strong><\/h2>\n<\/p>\n<div id=\"element-body-6\" class=\"sc-8712cf2e-1 brsVwg\"><figcaption class=\"JWvideoNota_title\">\n<p>El padre pudo relatar por primera vez a su hijo, juvenil de V\u00e9lez que ingres\u00f3 ante Boca en la Copa Argentina (Video: TyC Sports).<\/p>\n<\/figcaption><\/div>\n<p><h2><strong>La carta que Feler padre le hab\u00eda escrito a su hijo cuando fue al banco vs. River <\/strong><\/h2>\n<\/p>\n<div id=\"element-body-8\" class=\"sc-df222161-0 hNvwjb\">\n<p>El juvenil mediocampista tuvo un 2025 espectacular en Sexta Divisi\u00f3n, donde el Mellizo ya lo hab\u00eda visto y lo sum\u00f3 a Primera. Y en febrero de este a\u00f1o, <strong>en la previa de su primera citaci\u00f3n, nada menos que contra River<\/strong>, su pap\u00e1 sorprendi\u00f3 con <a href=\"https:\/\/www.ole.com.ar\/velez\/carta-reconocido-relator-debut-hijo-banco-velez-primera-hernan-feler-luca_0_tmwIDJpy5t.html\" target=\"_blank\" title=\"un sentido posteo en redes sociales\" alt=\"un sentido posteo en redes sociales\">un sentido posteo en redes sociales<\/a>. Un reflejo, en un pu\u00f1ado de palabras, de a\u00f1os de lucha para llegar hasta este d\u00eda so\u00f1ado: <strong> \u00abMiles de d\u00edas persiguiendo este sue\u00f1o. D\u00edas de sol, de lluvia, de calor y de fr\u00edo. D\u00edas felices y otros no tanto. D\u00edas de comer solo en la tribuna apurado para entrar al colegio\u00bb.<\/strong><\/p>\n<\/div>\n<div id=\"element-body-9\" class=\"sc-df222161-0 hNvwjb\">\n<p>\u00abTambi\u00e9n vi ese d\u00eda que te subiste al auto llorando (como nunca) de tristeza porque no te citaban. Ese d\u00eda tambi\u00e9n lo vi. <strong>Te vi enojado, pero no bajaste los brazos. Nunca le faltaste el respeto a nadie. Nunca me dijiste: &#8216;Ma\u00f1ana no voy a entrenar<\/strong>&#8216;\u00bb, agreg\u00f3 el relator.<\/p>\n<\/div>\n<div class=\"sc-c0843421-0 iNysjD image-embed\" id=\"element-body-10\"><img alt=\"Luca Feler con su pap\u00e1, Hern\u00e1n, y su mam\u00e1.\" loading=\"lazy\" width=\"720\" height=\"100\" decoding=\"async\" data-nimg=\"1\" style=\"color:transparent\" src=\"https:\/\/fmamiga909.com.ar\/wp-content\/uploads\/2026\/09\/EBt6CrL2j_720x0__1.jpg\"\/><span class=\"epigraphe\">Luca Feler con su pap\u00e1, Hern\u00e1n, y su mam\u00e1.<\/span><\/div>\n<div id=\"element-body-11\" class=\"sc-df222161-0 hNvwjb\">\n<p>Y cerr\u00f3 su mensaje, que cosech\u00f3 miles de likes, con un profundo mensaje para el mediocampista de 18 a\u00f1os: <strong>\u00abHoy lleg\u00f3 ese d\u00eda que tanto so\u00f1aste. Vas a estar sentado en el banco de suplentes de V\u00e9lez. Enfrente River. Partido grande. D\u00eda inolvidable. Disfrutalo. S\u00e9 vos. Nadie te regal\u00f3 nada. Todo m\u00e9rito tuyo estar donde est\u00e1s\u00bb.<\/strong><\/p>\n<\/div>\n<div id=\"element-body-12\" class=\"sc-a7166897-0 eTTZWU\"><a href=\"https:\/\/www.ole.com.ar\/copa-argentina\/primer-homenaje-messi-minuto-aplausos-boca-velez_0_dlcNFfAC7J.html\" aria-label=\"El primer homenaje para Messi: un minuto de aplausos en Boca - V\u00e9lez\" class=\"sc-d4f573e5-0 bUEDsN\"\/><\/p>\n<section><picture><img alt=\"El primer homenaje para Messi: un minuto de aplausos en Boca - V\u00e9lez\" loading=\"lazy\" width=\"290\" height=\"290\" decoding=\"async\" data-nimg=\"1\" style=\"color:transparent\" src=\"https:\/\/fmamiga909.com.ar\/wp-content\/uploads\/2026\/09\/1788413334_637_b3eCt31v2_290x290__1.jpg\"\/><\/picture>\n<p><span>Mir\u00e1 tambi\u00e9n<\/span><\/p>\n<hr\/>\n<h3>El primer homenaje para Messi: un minuto de aplausos en Boca &#8211; V\u00e9lez<\/h3>\n<\/p>\n<\/section>\n<\/div>\n<div id=\"element-body-13\" class=\"sc-a7166897-0 eTTZWU\"><a href=\"https:\/\/www.ole.com.ar\/futbol-primera\/mercado-pases-2026-clausura-cierre-definitivo-refuerzos-bajas_0_5hTY80hKwT.html\" aria-label=\"Cerr\u00f3 el mercado de pases: refuerzos y bajas de \u00faltimo momento\" class=\"sc-d4f573e5-0 bUEDsN\"\/><\/p>\n<section><picture><img alt=\"Cerr\u00f3 el mercado de pases: refuerzos y bajas de \u00faltimo momento\" loading=\"lazy\" width=\"290\" height=\"290\" decoding=\"async\" data-nimg=\"1\" style=\"color:transparent\" src=\"https:\/\/fmamiga909.com.ar\/wp-content\/uploads\/2026\/09\/1788413334_70_0sgr7p76w_290x290__1.jpg\"\/><\/picture>\n<p><span>Mir\u00e1 tambi\u00e9n<\/span><\/p>\n<hr\/>\n<h3>Cerr\u00f3 el mercado de pases: refuerzos y bajas de \u00faltimo momento<\/h3>\n<\/p>\n<\/section>\n<\/div>\n<div id=\"element-body-14\" class=\"sc-a7166897-0 eTTZWU\"><a href=\"https:\/\/www.ole.com.ar\/platense\/bruno-sepulveda-banfield-goles-river-refuerzo-platense-copa-libertadores-vs-fluminense_0_ksGWlWP4tO.html\" aria-label=\"Bruno Sep\u00falveda: de meterle dos goles a River a jugar la Copa Libertadores con Platense\" class=\"sc-d4f573e5-0 bUEDsN\"\/><\/p>\n<section><picture><img alt=\"Bruno Sep\u00falveda: de meterle dos goles a River a jugar la Copa Libertadores con Platense\" loading=\"lazy\" width=\"290\" height=\"290\" decoding=\"async\" data-nimg=\"1\" style=\"color:transparent\" src=\"https:\/\/fmamiga909.com.ar\/wp-content\/uploads\/2026\/09\/J_jAo6P4O_290x290__1.jpg\"\/><\/picture>\n<p><span>Mir\u00e1 tambi\u00e9n<\/span><\/p>\n<hr\/>\n<h3>Bruno Sep\u00falveda: de meterle dos goles a River a jugar la Copa Libertadores con Platense<\/h3>\n<\/p>\n<\/section>\n<\/div>\n<div id=\"element-body-15\" class=\"sc-a7166897-0 eTTZWU\"><a href=\"https:\/\/www.ole.com.ar\/boca-juniors\/impresionante-convocatoria-boca-kempes_0_lRqisdIpqm.html\" aria-label=\"La impresionante convocatoria de Boca en el Kempes\" class=\"sc-d4f573e5-0 bUEDsN\"\/><\/p>\n<section><picture><img alt=\"La impresionante convocatoria de Boca en el Kempes\" loading=\"lazy\" width=\"290\" height=\"290\" decoding=\"async\" data-nimg=\"1\" style=\"color:transparent\" src=\"https:\/\/fmamiga909.com.ar\/wp-content\/uploads\/2026\/09\/ytVL62BK8_290x290__1.jpg\"\/><\/picture>\n<p><span>Mir\u00e1 tambi\u00e9n<\/span><\/p>\n<hr\/>\n<h3>La impresionante convocatoria de Boca en el Kempes<\/h3>\n<\/p>\n<\/section>\n<\/div>\n<div id=\"element-body-16\" class=\"sc-a7166897-0 eTTZWU\"><a href=\"https:\/\/www.ole.com.ar\/river-plate\/15-anos-maximo-goleador-todas-categorias-juveniles-afa-heraldo-fiorotto_0_zHxbmUwGew.html\" aria-label=\"Tiene 15 a\u00f1os y es el m\u00e1ximo goleador entre todas las categor\u00edas Juveniles de AFA: qui\u00e9n es Heraldo Fiorotto, una de las joyas de River\" class=\"sc-d4f573e5-0 bUEDsN\"\/><\/p>\n<section><picture><img alt=\"Tiene 15 a\u00f1os y es el m\u00e1ximo goleador entre todas las categor\u00edas Juveniles de AFA: qui\u00e9n es Heraldo Fiorotto, una de las joyas de River\" loading=\"lazy\" width=\"290\" height=\"290\" decoding=\"async\" data-nimg=\"1\" style=\"color:transparent\" src=\"https:\/\/fmamiga909.com.ar\/wp-content\/uploads\/2026\/09\/TTQ7zGjb2_290x290__1.jpg\"\/><\/picture>\n<p><span>Mir\u00e1 tambi\u00e9n<\/span><\/p>\n<hr\/>\n<h3>Tiene 15 a\u00f1os y es el m\u00e1ximo goleador entre todas las categor\u00edas Juveniles de AFA: qui\u00e9n es Heraldo Fiorotto, una de las joyas de River<\/h3>\n<\/p>\n<\/section>\n<\/div>\n<\/div>\n<p><a href=\"https:\/\/www.ole.com.ar\/velez\/orgullo-hernan-feler-relato-primera-vez-hijo-luca-velez-vs-boca-copa-argentina-video_0_SBC6FO6WA1.html\">source<\/a><\/p>\n","protected":false},"excerpt":{"rendered":"<p>La Copa Argentina regal\u00f3 uno de esos momentos televisivos memorables. Este martes 2 de septiembre,&#8230;<\/p>\n","protected":false},"author":3,"featured_media":49621,"comment_status":"closed","ping_status":"closed","sticky":false,"template":"","format":"standard","meta":{"footnotes":""},"categories":[21],"tags":[],"class_list":["post-49620","post","type-post","status-publish","format-standard","has-post-thumbnail","hentry","category-deportes"],"featured_image_urls":{"full":["https:\/\/fmamiga909.com.ar\/wp-content\/uploads\/2026\/09\/wp-header-logo-49.png",720,442,false],"thumbnail":["https:\/\/fmamiga909.com.ar\/wp-content\/uploads\/2026\/09\/wp-header-logo-49-150x150.png",150,150,true],"medium":["https:\/\/fmamiga909.com.ar\/wp-content\/uploads\/2026\/09\/wp-header-logo-49-300x184.png",300,184,true],"medium_large":["https:\/\/fmamiga909.com.ar\/wp-content\/uploads\/2026\/09\/wp-header-logo-49.png",720,442,false],"large":["https:\/\/fmamiga909.com.ar\/wp-content\/uploads\/2026\/09\/wp-header-logo-49.png",640,393,false],"1536x1536":["https:\/\/fmamiga909.com.ar\/wp-content\/uploads\/2026\/09\/wp-header-logo-49.png",720,442,false],"2048x2048":["https:\/\/fmamiga909.com.ar\/wp-content\/uploads\/2026\/09\/wp-header-logo-49.png",720,442,false],"newsium-slider-full":["https:\/\/fmamiga909.com.ar\/wp-content\/uploads\/2026\/09\/wp-header-logo-49.png",720,442,false],"newsium-featured":["https:\/\/fmamiga909.com.ar\/wp-content\/uploads\/2026\/09\/wp-header-logo-49.png",720,442,false],"newsium-medium":["https:\/\/fmamiga909.com.ar\/wp-content\/uploads\/2026\/09\/wp-header-logo-49.png",720,442,false]},"author_info":{"display_name":"Fredy Giuliano","author_link":"https:\/\/fmamiga909.com.ar\/?author=3"},"category_info":"<a href=\"https:\/\/fmamiga909.com.ar\/?cat=21\" rel=\"category\">Deportes<\/a>","tag_info":"Deportes","comment_count":"0","_links":{"self":[{"href":"https:\/\/fmamiga909.com.ar\/index.php?rest_route=\/wp\/v2\/posts\/49620","targetHints":{"allow":["GET"]}}],"collection":[{"href":"https:\/\/fmamiga909.com.ar\/index.php?rest_route=\/wp\/v2\/posts"}],"about":[{"href":"https:\/\/fmamiga909.com.ar\/index.php?rest_route=\/wp\/v2\/types\/post"}],"author":[{"embeddable":true,"href":"https:\/\/fmamiga909.com.ar\/index.php?rest_route=\/wp\/v2\/users\/3"}],"replies":[{"embeddable":true,"href":"https:\/\/fmamiga909.com.ar\/index.php?rest_route=%2Fwp%2Fv2%2Fcomments&post=49620"}],"version-history":[{"count":0,"href":"https:\/\/fmamiga909.com.ar\/index.php?rest_route=\/wp\/v2\/posts\/49620\/revisions"}],"wp:featuredmedia":[{"embeddable":true,"href":"https:\/\/fmamiga909.com.ar\/index.php?rest_route=\/wp\/v2\/media\/49621"}],"wp:attachment":[{"href":"https:\/\/fmamiga909.com.ar\/index.php?rest_route=%2Fwp%2Fv2%2Fmedia&parent=49620"}],"wp:term":[{"taxonomy":"category","embeddable":true,"href":"https:\/\/fmamiga909.com.ar\/index.php?rest_route=%2Fwp%2Fv2%2Fcategories&post=49620"},{"taxonomy":"post_tag","embeddable":true,"href":"https:\/\/fmamiga909.com.ar\/index.php?rest_route=%2Fwp%2Fv2%2Ftags&post=49620"}],"curies":[{"name":"wp","href":"https:\/\/api.w.org\/{rel}","templated":true}]}}