{"id":49626,"date":"2026-09-03T16:22:41","date_gmt":"2026-09-03T16:22:41","guid":{"rendered":"https:\/\/fmamiga909.com.ar\/?p=49626"},"modified":"2026-09-03T16:22:41","modified_gmt":"2026-09-03T16:22:41","slug":"el-espaldarazo-de-un-ex-boca-a-freitas-tras-dejar-river-hay-que-tenerle-paciencia","status":"publish","type":"post","link":"https:\/\/fmamiga909.com.ar\/?p=49626","title":{"rendered":"El espaldarazo de un ex Boca a Freitas tras dejar River: &quot;Hay que tenerle paciencia&#8230;&quot;"},"content":{"rendered":"<div id=\"storyBody\">\n<div id=\"element-body-0\" class=\"sc-df222161-0 hNvwjb\">\n<p>Entre tantos refuerzos que llegaron en un mercado de pases de nivel europeo, la transferencia de <strong>Joaqu\u00edn Freitas<\/strong> (u$s 15M con impuestos m\u00e1s pagos por objetivos incluidos) fue una bomba de salida que <strong>sacudi\u00f3 a N\u00fa\u00f1ez y a R\u00edo de Janeiro por igual.<\/strong> En una operaci\u00f3n rel\u00e1mpago que sorprendi\u00f3 a los hinchas de <strong><a href=\"https:\/\/www.ole.com.ar\/tema\/river-plate.html\" title=\"River Plate\" alt=\"River Plate\" class=\"slug\">River<\/a><\/strong>, en cuesti\u00f3n de horas el juvenil de 19 a\u00f1os dej\u00f3 el Monumental <strong>para ser presentado en el Maracan\u00e1<\/strong>, donde ya lo empiezan a conocer. <\/p>\n<\/div>\n<div id=\"element-body-1\" class=\"sc-df222161-0 hNvwjb\">\n<p>Con el Brasileirao ya iniciado y en la antesala de los cuartos de la <strong><a href=\"https:\/\/www.ole.com.ar\/tema\/copa-libertadores.html\" title=\"Copa Libertadores\" alt=\"Copa Libertadores\" class=\"slug\">Copa Libertadores<\/a><\/strong>, la exigencia que tendr\u00e1 ser\u00e1 inmediata y el delantero no estar\u00e1 solo: <strong><a href=\"https:\/\/www.ole.com.ar\/tema\/agustin-rossi.html\" title=\"Agust\u00edn Rossi\" alt=\"Agust\u00edn Rossi\" class=\"slug\">Agust\u00edn Rossi<\/a><\/strong>, due\u00f1o del arco carioca y con un pasado imborrable en Boca, asumi\u00f3 un rol de mentor y le dio un espaldarazo de bienvenida.<\/p>\n<\/div>\n<div id=\"element-body-2\" class=\"sc-df222161-0 hNvwjb\">\n<p>En rueda de prensa, el #1 no se guard\u00f3 ninguna palabra de apoyo para el chico nacido en San Fernando. Con la serenidad que lo caracteriza, dej\u00f3 en claro que la adaptaci\u00f3n en un gigante de Am\u00e9rica requiere acompa\u00f1amiento m\u00e1s all\u00e1 de lo futbol\u00edstico: \u00abComo argentino, y m\u00e1s a\u00fan como extranjero cuando llegu\u00e9, <strong>creo que lo m\u00e1s importante para \u00e9l hoy en d\u00eda es el recibimiento que le demos.<\/strong> Viene del Ascenso de Argentina y <strong>comenz\u00f3 en Tercera Divisi\u00f3n como yo\u00bb<\/strong>, comenz\u00f3 recordando Rossi sobre los or\u00edgenes compartidos.<\/p>\n<\/div>\n<div class=\"sc-c0843421-0 iNysjD image-embed\" id=\"element-body-3\"><img alt=\"Agust\u00edn Rossi. REUTERS\/Sergio Moraes\" loading=\"lazy\" width=\"720\" height=\"100\" decoding=\"async\" data-nimg=\"1\" style=\"color:transparent\" src=\"https:\/\/fmamiga909.com.ar\/wp-content\/uploads\/2026\/09\/cshVjZJw3_720x0__1.jpg\"\/><span class=\"epigraphe\">Agust\u00edn Rossi. REUTERS\/Sergio Moraes<\/span><\/div>\n<div id=\"element-body-4\" class=\"sc-df222161-0 hNvwjb\">\n<p>En ese contexto, Rossi traz\u00f3 un paralelismo sobre los comienzos de ambos, \u00e9l en Chacarita y Freitas en Acassuso: \u00abHizo su debut con casi mi misma edad. \u00c9l siendo m\u00e1s joven todav\u00eda, con 16. <strong>Por eso lo m\u00e1s importante es que lo ayudemos a adaptarse. <\/strong> No es lo mismo el f\u00fatbol argentino que el brasile\u00f1o. <strong>El f\u00fatbol de ac\u00e1 est\u00e1 un paso por encima<\/strong> y tenemos que ayudarlo lo m\u00e1ximo posible <strong>para que se adapte r\u00e1pido y nos d\u00e9 una mano en la cancha<\/strong>, que para eso vino\u00bb.<\/p>\n<\/div>\n<div class=\"sc-c0843421-0 iNysjD image-embed\" id=\"element-body-5\"><img alt=\"Joaqu\u00edn Freitas, presentado en el Mengao. Prensa Flamengo.\" loading=\"lazy\" width=\"720\" height=\"100\" decoding=\"async\" data-nimg=\"1\" style=\"color:transparent\" src=\"https:\/\/fmamiga909.com.ar\/wp-content\/uploads\/2026\/09\/adpH6oTfP_720x0__1.jpg\"\/><span class=\"epigraphe\">Joaqu\u00edn Freitas, presentado en el Mengao. Prensa Flamengo.<\/span><\/div>\n<div id=\"element-body-6\" class=\"sc-df222161-0 hNvwjb\">\n<p>Pese a que Freitas viene de vestir la camiseta del Millonario y de convivir con el clima del Monumental, <strong>Rossi remarc\u00f3 que el f\u00fatbol brasile\u00f1o impone un chip diferente:<\/strong> \u00abNo se vio mucho de \u00e9l antes de venir, pero <strong>s\u00e9 que nos va a ayudar mucho. <\/strong> Lo \u00fanico que puedo pedir es paciencia. <strong>Es dif\u00edcil salir de casa siendo tan joven y venir a un equipo del tama\u00f1o de Flamengo, que es el m\u00e1s grande de Brasil.<\/strong> Por m\u00e1s que est\u00e9 acostumbrado a esa presi\u00f3n en River, <strong>ac\u00e1 va a ser diferente y tenemos que ayudarlo a encontrarse r\u00e1pidamente\u00bb.<\/strong><\/p>\n<\/div>\n<div class=\"sc-c0843421-0 iNysjD image-embed\" id=\"element-body-7\"><img alt=\"Joaqu\u00edn Freitas, presentado en el Mengao. Prensa Flamengo.\" loading=\"lazy\" width=\"720\" height=\"100\" decoding=\"async\" data-nimg=\"1\" style=\"color:transparent\" src=\"https:\/\/fmamiga909.com.ar\/wp-content\/uploads\/2026\/09\/PUnApgZyD_720x0__1.jpg\"\/><span class=\"epigraphe\">Joaqu\u00edn Freitas, presentado en el Mengao. Prensa Flamengo.<\/span><\/div>\n<p><h2><strong>\u00bfQu\u00e9 dijo Freitas en su presentaci\u00f3n en el Maracan\u00e1?<\/strong><\/h2>\n<\/p>\n<div id=\"element-body-9\" class=\"sc-df222161-0 hNvwjb\">\n<p>Acompa\u00f1ado por el ecuatoriano <strong>Anthony Valencia<\/strong>, otro de los refuerzos del elenco carioca para el segundo semestre de la temporada, <strong>Freitas salt\u00f3 al campo de juego en la previa del partido entre el Mengao y el Mirassol<\/strong>, por el Brasilerao. <\/p>\n<\/div>\n<div id=\"element-body-11\" class=\"sc-df222161-0 hNvwjb\">\n<p>Aunque no estuvo convocado para jugar, el ex River salud\u00f3 a los torcedores y comparti\u00f3 un momento con la mascota del Fla. <strong>\u201cEs una locura, un estadio hermoso, con una gente muy linda\u201d<\/strong>, dijo en un breve video que difundi\u00f3 el club a trav\u00e9s de sus redes sociales.<\/p>\n<\/div>\n<div id=\"element-body-12\" class=\"sc-df222161-0 hNvwjb\">\n<h2><strong>El mensaje de despedida de Freitas de River<\/strong><\/h2>\n<\/div>\n<div class=\"sc-c0843421-0 iNysjD image-embed\" id=\"element-body-13\"><img alt=\"Freitas se despidi\u00f3 de River con una carta en IG.\" loading=\"lazy\" width=\"720\" height=\"100\" decoding=\"async\" data-nimg=\"1\" style=\"color:transparent\" src=\"https:\/\/fmamiga909.com.ar\/wp-content\/uploads\/2026\/09\/yUPV6ZDdZ_720x0__1.jpg\"\/><span class=\"epigraphe\">Freitas se despidi\u00f3 de River con una carta en IG.<\/span><\/div>\n<\/div>\n<p><a href=\"https:\/\/www.ole.com.ar\/river-plate\/river-plate-agustin-rossi-respaldo-flamengo-joaquin-freitas_0_IQDb1U6WNI.html\">source<\/a><\/p>\n","protected":false},"excerpt":{"rendered":"<p>Entre tantos refuerzos que llegaron en un mercado de pases de nivel europeo, la transferencia&#8230;<\/p>\n","protected":false},"author":3,"featured_media":49627,"comment_status":"closed","ping_status":"closed","sticky":false,"template":"","format":"standard","meta":{"footnotes":""},"categories":[21],"tags":[],"class_list":["post-49626","post","type-post","status-publish","format-standard","has-post-thumbnail","hentry","category-deportes"],"featured_image_urls":{"full":["https:\/\/fmamiga909.com.ar\/wp-content\/uploads\/2026\/09\/wp-header-logo-50.png",720,542,false],"thumbnail":["https:\/\/fmamiga909.com.ar\/wp-content\/uploads\/2026\/09\/wp-header-logo-50-150x150.png",150,150,true],"medium":["https:\/\/fmamiga909.com.ar\/wp-content\/uploads\/2026\/09\/wp-header-logo-50-300x226.png",300,226,true],"medium_large":["https:\/\/fmamiga909.com.ar\/wp-content\/uploads\/2026\/09\/wp-header-logo-50.png",720,542,false],"large":["https:\/\/fmamiga909.com.ar\/wp-content\/uploads\/2026\/09\/wp-header-logo-50.png",640,482,false],"1536x1536":["https:\/\/fmamiga909.com.ar\/wp-content\/uploads\/2026\/09\/wp-header-logo-50.png",720,542,false],"2048x2048":["https:\/\/fmamiga909.com.ar\/wp-content\/uploads\/2026\/09\/wp-header-logo-50.png",720,542,false],"newsium-slider-full":["https:\/\/fmamiga909.com.ar\/wp-content\/uploads\/2026\/09\/wp-header-logo-50.png",720,542,false],"newsium-featured":["https:\/\/fmamiga909.com.ar\/wp-content\/uploads\/2026\/09\/wp-header-logo-50.png",720,542,false],"newsium-medium":["https:\/\/fmamiga909.com.ar\/wp-content\/uploads\/2026\/09\/wp-header-logo-50-720x475.png",720,475,true]},"author_info":{"display_name":"Fredy Giuliano","author_link":"https:\/\/fmamiga909.com.ar\/?author=3"},"category_info":"<a href=\"https:\/\/fmamiga909.com.ar\/?cat=21\" rel=\"category\">Deportes<\/a>","tag_info":"Deportes","comment_count":"0","_links":{"self":[{"href":"https:\/\/fmamiga909.com.ar\/index.php?rest_route=\/wp\/v2\/posts\/49626","targetHints":{"allow":["GET"]}}],"collection":[{"href":"https:\/\/fmamiga909.com.ar\/index.php?rest_route=\/wp\/v2\/posts"}],"about":[{"href":"https:\/\/fmamiga909.com.ar\/index.php?rest_route=\/wp\/v2\/types\/post"}],"author":[{"embeddable":true,"href":"https:\/\/fmamiga909.com.ar\/index.php?rest_route=\/wp\/v2\/users\/3"}],"replies":[{"embeddable":true,"href":"https:\/\/fmamiga909.com.ar\/index.php?rest_route=%2Fwp%2Fv2%2Fcomments&post=49626"}],"version-history":[{"count":0,"href":"https:\/\/fmamiga909.com.ar\/index.php?rest_route=\/wp\/v2\/posts\/49626\/revisions"}],"wp:featuredmedia":[{"embeddable":true,"href":"https:\/\/fmamiga909.com.ar\/index.php?rest_route=\/wp\/v2\/media\/49627"}],"wp:attachment":[{"href":"https:\/\/fmamiga909.com.ar\/index.php?rest_route=%2Fwp%2Fv2%2Fmedia&parent=49626"}],"wp:term":[{"taxonomy":"category","embeddable":true,"href":"https:\/\/fmamiga909.com.ar\/index.php?rest_route=%2Fwp%2Fv2%2Fcategories&post=49626"},{"taxonomy":"post_tag","embeddable":true,"href":"https:\/\/fmamiga909.com.ar\/index.php?rest_route=%2Fwp%2Fv2%2Ftags&post=49626"}],"curies":[{"name":"wp","href":"https:\/\/api.w.org\/{rel}","templated":true}]}}