{"id":49636,"date":"2026-09-03T16:25:48","date_gmt":"2026-09-03T16:25:48","guid":{"rendered":"https:\/\/fmamiga909.com.ar\/?p=49636"},"modified":"2026-09-03T16:25:48","modified_gmt":"2026-09-03T16:25:48","slug":"la-despedida-de-leo-messi-que-todos-queremos","status":"publish","type":"post","link":"https:\/\/fmamiga909.com.ar\/?p=49636","title":{"rendered":"La despedida de Leo Messi que todos queremos"},"content":{"rendered":"<div id=\"storyBody\">\n<div id=\"element-body-0\" class=\"sc-df222161-0 hNvwjb\">\n<p>No pas\u00f3 ni una semana del shock por <a href=\"https:\/\/www.ole.com.ar\/seleccion\/lionel-messi-retiro-seleccion-argentina_0_Q7Uo8ybTrO.html\" target=\"_blank\" title=\"el anuncio emotivo y oficial de Leo\" alt=\"el anuncio emotivo y oficial de Leo\">el anuncio emotivo y oficial de Leo<\/a>, que <a href=\"https:\/\/www.ole.com.ar\/messi\/lionel-messi-seleccion-argentina-retiro-carta-instagram-vacie-comunicado-posteo_0_ZofRDtcMUP.html\" target=\"_blank\" title=\"explic\u00f3 por qu\u00e9 ya no jugar\u00e1 m\u00e1s en la Selecci\u00f3n Argentina\" alt=\"explic\u00f3 por qu\u00e9 ya no jugar\u00e1 m\u00e1s en la Selecci\u00f3n Argentina\">explic\u00f3 por qu\u00e9 ya no jugar\u00e1 m\u00e1s en la Selecci\u00f3n Argentina<\/a>, despu\u00e9s de m\u00e1s de dos d\u00e9cadas incre\u00edbles, con altos y bajos y un final a lo grande. Con <a href=\"https:\/\/www.ole.com.ar\/messi\/messi-eterno-titulos-seleccion-argentina-mundial-copa-america-finalissima-jjoo-sub-20_0_aUpiS45iby.html\" target=\"_blank\" title=\"un \u00faltimo sprint so\u00f1ado\" alt=\"un \u00faltimo sprint so\u00f1ado\">un \u00faltimo sprint so\u00f1ado<\/a>, que incluy\u00f3 un Mundial, una final en 2026, dos t\u00edtulos de Copa Am\u00e9rica y <strong>un pueblo identificado con \u00e9l como nave insignia<\/strong>. Y <a href=\"https:\/\/www.ole.com.ar\/messi\/lionelmessi-diarios-mundo-retiro-seleccionargentina_0_2q7kuWajqq.html\" target=\"_blank\" title=\"el mundo elogiando\" alt=\"el mundo elogiando\">el mundo elogiando<\/a>, desde todos los \u00e1mbitos y todos los deportes. <\/p>\n<\/div>\n<div id=\"element-body-1\" class=\"sc-df222161-0 hNvwjb\">\n<p>En medio de ese anuncio que ya genera nostalgia, m\u00e1s all\u00e1 del agradecimiento eterno por lo que dio y por marcar <a href=\"https:\/\/www.ole.com.ar\/opinion\/messielgeniodelaresiliencia_0_iuz6CRLleM.html\" target=\"_blank\" title=\"un camino de calidad y resiliencia\" alt=\"un camino de calidad y resiliencia\">un camino de calidad y resiliencia<\/a>, <strong>la pregunta del mill\u00f3n es si habr\u00e1 despedida oficial de Leo<\/strong>. Y d\u00f3nde. Es <strong>un clamor popular que acompa\u00f1a Ol\u00e9<\/strong>. S\u00ed, porque <strong>el 10, el mejor de la historia, debe tener su \u00faltima vez con la celeste y blanca.<\/strong><\/p>\n<\/div>\n<div id=\"element-body-2\" class=\"sc-df222161-0 hNvwjb\">\n<p>Es decir, la despedida ya fue, est\u00e1 claro. A los 39 a\u00f1os, no se le puede pedir m\u00e1s a Messi en la Selecci\u00f3n. <strong><a href=\"https:\/\/www.ole.com.ar\/messi\/lionel-messi-seleccion-retiro-mensajes-jugadores-companeros-mundo-futbol-redes-instagram-di-maria-paul-colapinto_0_ThwfzOeziM.html\" target=\"_blank\" title=\"Lo expresaron sus compa\u00f1eros de la Scaloneta\" alt=\"Lo expresaron sus compa\u00f1eros de la Scaloneta\">Lo expresaron sus compa\u00f1eros de la Scaloneta<\/a><\/strong>, agradeci\u00e9ndole por tanto, y no solo en lo futbol\u00edstico. <strong>Pero debe haber un adi\u00f3s en vivo y en directo en la cancha<\/strong>, para que esa imagen de Leo con la 10 celeste y blanca sea para la historia. <strong>\u00bfY d\u00f3nde mejor que en la Argentina?<\/strong><\/p>\n<\/div>\n<div id=\"element-body-3\" class=\"sc-df222161-0 hNvwjb\">\n<p>Messi, obviamente, solo se despidi\u00f3 con <strong><a href=\"https:\/\/www.ole.com.ar\/seleccion\/viral-tendencia-lapicera-messi-despedida-seleccion-harry-potter-giratiempos_0_cYXHV28V6L.html\" target=\"_blank\" title=\"una carta manuscrita que dio la vuelta al mundo\" alt=\"una carta manuscrita que dio la vuelta al mundo\">una carta manuscrita que dio la vuelta al mundo<\/a><\/strong>, con cada frase suya. Y ni hablar de un adi\u00f3s presencial. Pero es una chance latente y <strong>no hay que descartar esta fecha FIFA, que arranca el lunes 21 de septiembre, en breve<\/strong>. No hay que acelerarse, pero\u2026 <\/p>\n<\/div>\n<p><h2><strong>Encuesta: si Messi accede a un \u00faltimo partido en la Selecci\u00f3n, \u00bfd\u00f3nde deber\u00eda jugarse?<\/strong><\/h2>\n<\/p>\n<div id=\"element-body-6\" class=\"sc-df222161-0 hNvwjb\">\n<p><strong>Incluso desde el entorno del 10 no se animan a descartar la presencia de Leo, si se da la chance de un amistoso de la Selecci\u00f3n<\/strong>. A\u00fan en AFA no se confirma ni se conocen posibles rivales, <strong>no hubo oficializaci\u00f3n pero tienen en la cabeza la idea de una movida en el pais.<\/strong><\/p>\n<\/div>\n<div id=\"element-body-7\" class=\"sc-df222161-0 hNvwjb\">\n<p><strong>Todo el mundo futbolero se pregunta si Messi se despedir\u00e1 en Argentina.<\/strong> Y una vez que se lanz\u00f3 el #PorLaUltimaDeLeo, qued\u00f3 claro que <strong> no alcanzar\u00eda ni un estadio para un mill\u00f3n de personas para despedirlo y agasajarlo<\/strong>. Si lo hicieron con ovaciones a full en cada partido en casa <strong>, ni imaginarse lo que ser\u00eda una noche para agradecerle y mimarlo despu\u00e9s de su anuncio<\/strong>, que va a seguir doliendo, dejando un vac\u00edo imposible de llenar. Incluso ya en el \u00e1mbito local empezaron el mi\u00e9rcoles en Copa Argentina, en el partido entre V\u00e9lez y Boca, con <a href=\"https:\/\/www.ole.com.ar\/copa-argentina\/primer-homenaje-messi-minuto-aplausos-boca-velez_0_dlcNFfAC7J.html\" target=\"_blank\" title=\"un aplauso de todo el estadio al minuto 10\" alt=\"un aplauso de todo el estadio al minuto 10\">un aplauso de todo el estadio al minuto 10<\/a> y <a href=\"https:\/\/www.ole.com.ar\/futbol-primera\/especial-homenaje-lionel-messi-retiro-seleccion-argentina-torneo-clausura-afa_0_VWr6NEcSrE.html\" target=\"_blank\" title=\"se repetir\u00e1 en todo el f\u00fatbol argento, a pedido de AFA\" alt=\"se repetir\u00e1 en todo el f\u00fatbol argento, a pedido de AFA\">se repetir\u00e1 en todo el f\u00fatbol argento, a pedido de AFA<\/a>.<\/p>\n<\/div>\n<div id=\"element-body-8\" class=\"sc-8712cf2e-1 brsVwg\"><figcaption class=\"JWvideoNota_title\">\n<p>Tras su retiro de la Selecci\u00f3n, la AFA dispuso que a los 10&#8242; del primer tiempo de la pr\u00f3xima fecha en el f\u00fatbol argentino se detuviera el encuentro para homenajear a Leo.<\/p>\n<\/figcaption><\/div>\n<p><h2><strong>Las posibles fechas en 2026 para una despedida de Messi<\/strong><\/h2>\n<\/p>\n<div id=\"element-body-10\" class=\"sc-df222161-0 hNvwjb\">\n<p>Mirando el calendario, <strong>Messi podr\u00eda llegar a estar en el pa\u00eds en la semana del 20 de septiembre,<\/strong> durante <a href=\"https:\/\/www.ole.com.ar\/seleccion\/messi-seleccion-retiro-argentina-amistosos-scaloni_0_eJV7ENaDZN.html\" target=\"_blank\" title=\"una fecha FIFA extra large\" alt=\"una fecha FIFA extra large\">una fecha FIFA extra large<\/a> (con el Inter Miami, el 10 tiene partidos el 20, el 27 y luego el 10 de octubre). Todo hip\u00f3tesis y deseo, claro, por ahora nada firme.<\/p>\n<\/div>\n<div id=\"element-body-11\" class=\"sc-df222161-0 hNvwjb\">\n<p><strong>Si tiene que ser, debe ser en el pa\u00eds.<\/strong> Con su gente, <a href=\"https:\/\/www.ole.com.ar\/messi\/lionel-messi-despedida-seleccion-argentina-mensaje-celia-cuccittini-familia_0_2aON7Eaw5z.html\" target=\"_blank\" title=\"con su familia, Anto y sus tres hijos, mam\u00e1 Celia\" alt=\"con su familia, Anto y sus tres hijos, mam\u00e1 Celia\">con su familia, Anto y sus tres hijos, mam\u00e1 Celia<\/a>, hermanos, sobrinos\u2026 y los hinchas que lo idolatran. Los que vayan a verlo en vivo y en directo, afortunados, y quienes lo aclamen en su regreso al pa\u00eds. <strong>\u00bfPero d\u00f3nde? <\/strong><\/p>\n<\/div>\n<div class=\"sc-c0843421-0 iNysjD image-embed\" id=\"element-body-12\"><img alt=\"La noticia del retiro de Messi de la Selecci\u00f3n Argentina impact\u00f3 en el mundo.\" loading=\"lazy\" width=\"720\" height=\"100\" decoding=\"async\" data-nimg=\"1\" style=\"color:transparent\" src=\"https:\/\/fmamiga909.com.ar\/wp-content\/uploads\/2026\/09\/4nAB1MsJl_720x0__1.jpg\"\/><span class=\"epigraphe\">La noticia del retiro de Messi de la Selecci\u00f3n Argentina impact\u00f3 en el mundo.<\/span><\/div>\n<div id=\"element-body-13\" class=\"sc-df222161-0 hNvwjb\">\n<p><strong>El Monumental cuenta con la ventaja de tener 84.000 localidades,<\/strong> aunque tampoco ser\u00eda una locura verlo <strong>en su Rosario, en la cancha de Newell&#8217;s.<\/strong> Opciones no faltan para una despedida que todos esperan hacerle, para <strong>un \u2018Last Dance\u2019 que ser\u00eda \u00e9pico y merecido a partes iguales.<\/strong><\/p>\n<\/div>\n<div id=\"element-body-14\" class=\"sc-df222161-0 hNvwjb\">\n<p>Claro que si se trata de un amistoso FIFA de Selecci\u00f3n, por suerte <strong>no afectar\u00eda la sanci\u00f3n por el Mundial, del aforo del 50%<\/strong>: es solo para encuentros de Eliminatorias, con lo que habr\u00eda v\u00eda libre para un estadio que explote por Leo. Mientras, la gente vota en la encuesta en las plataformas de Ol\u00e9 y quiere un adi\u00f3s presencial. Y tambi\u00e9n, <a href=\"https:\/\/www.ole.com.ar\/messi\/retiro-seleccion-argentina-vuelve-jugar-lionel-messi-inter-messi_0_kQ2OSPuk4g.html\" target=\"_blank\" title=\"Leo se prepara para un nuevo partido el s\u00e1bado, en Miami\" alt=\"Leo se prepara para un nuevo partido el s\u00e1bado, en Miami\">Leo se prepara para un nuevo partido el s\u00e1bado, en Miami<\/a>.<\/p>\n<\/div>\n<div class=\"sc-c0843421-0 iNysjD image-embed\" id=\"element-body-15\"><img alt=\"De pu\u00f1o y letra, la carta de Messi para anunciar su retiro de la Selecci\u00f3n (IG Lionel Messi).&#10;&#10;\" loading=\"lazy\" width=\"720\" height=\"100\" decoding=\"async\" data-nimg=\"1\" style=\"color:transparent\" src=\"https:\/\/fmamiga909.com.ar\/wp-content\/uploads\/2026\/09\/wAq2DXrMI_720x0__1.jpg\"\/><span class=\"epigraphe\">De pu\u00f1o y letra, la carta de Messi para anunciar su retiro de la Selecci\u00f3n (IG Lionel Messi).<\/p>\n<p><\/span><\/div>\n<div id=\"element-body-16\" class=\"sc-df222161-0 hNvwjb\">\n<p><strong>#PorLaUltimaDeLeo.<\/strong> Despu\u00e9s del anuncio conmovedor del lunes, <strong>que se venga con una fiesta de aquellas<\/strong>. <strong> La que se merece Leo. La que se merecen los argentinos, en una comuni\u00f3n eterna<\/strong>. Te esperamos, \u201cpor la \u00faltima de las \u00faltimas de Leo\u201d.<\/p>\n<\/div>\n<div id=\"element-body-17\" class=\"sc-a7166897-0 eTTZWU\"><a href=\"https:\/\/www.ole.com.ar\/copa-argentina\/primer-homenaje-messi-minuto-aplausos-boca-velez_0_dlcNFfAC7J.html\" aria-label=\"El primer homenaje para Messi: un minuto de aplausos en Boca - V\u00e9lez\" class=\"sc-d4f573e5-0 bUEDsN\"\/><\/p>\n<section><picture><img alt=\"El primer homenaje para Messi: un minuto de aplausos en Boca - V\u00e9lez\" loading=\"lazy\" width=\"290\" height=\"290\" decoding=\"async\" data-nimg=\"1\" style=\"color:transparent\" src=\"https:\/\/fmamiga909.com.ar\/wp-content\/uploads\/2026\/09\/1788452747_229_b3eCt31v2_290x290__1.jpg\"\/><\/picture>\n<p><span>Mir\u00e1 tambi\u00e9n<\/span><\/p>\n<hr\/>\n<h3>El primer homenaje para Messi: un minuto de aplausos en Boca &#8211; V\u00e9lez<\/h3>\n<\/p>\n<\/section>\n<\/div>\n<div id=\"element-body-18\" class=\"sc-a7166897-0 eTTZWU\"><a href=\"https:\/\/www.ole.com.ar\/seleccion\/campeones-mundo-carlos-bilardo-visita-ruggeri-giusti-tapia-batista_0_Sh3OA7D061.html\" aria-label=\"Los campeones del 86 y una nueva visita a Bilardo \" class=\"sc-d4f573e5-0 bUEDsN\"\/><\/p>\n<section><picture><img alt=\"Los campeones del 86 y una nueva visita a Bilardo \" loading=\"lazy\" width=\"290\" height=\"290\" decoding=\"async\" data-nimg=\"1\" style=\"color:transparent\" src=\"https:\/\/fmamiga909.com.ar\/wp-content\/uploads\/2026\/09\/GeJGwbLGH_290x290__1.jpg\"\/><\/picture>\n<p><span>Mir\u00e1 tambi\u00e9n<\/span><\/p>\n<hr\/>\n<h3>Los campeones del 86 y una nueva visita a Bilardo <\/h3>\n<\/p>\n<\/section>\n<\/div>\n<div id=\"element-body-19\" class=\"sc-a7166897-0 eTTZWU\"><a href=\"https:\/\/www.ole.com.ar\/seleccion\/jose-manuel-lopez-revela-dio-espalda-festejo-premiacion-espana-mundial-2026-levanta-copa_0_l1XK1UVc9e.html\" aria-label=\"El Flaco L\u00f3pez revel\u00f3 por qu\u00e9 no le dio la espalda a la premiaci\u00f3n de Espa\u00f1a en el Mundial 2026\" class=\"sc-d4f573e5-0 bUEDsN\"\/><\/p>\n<section><picture><img alt=\"El Flaco L\u00f3pez revel\u00f3 por qu\u00e9 no le dio la espalda a la premiaci\u00f3n de Espa\u00f1a en el Mundial 2026\" loading=\"lazy\" width=\"290\" height=\"290\" decoding=\"async\" data-nimg=\"1\" style=\"color:transparent\" src=\"https:\/\/fmamiga909.com.ar\/wp-content\/uploads\/2026\/09\/1788452747_346_V-Icn2gbt_290x290__1.jpg\"\/><\/picture>\n<p><span>Mir\u00e1 tambi\u00e9n<\/span><\/p>\n<hr\/>\n<h3>El Flaco L\u00f3pez revel\u00f3 por qu\u00e9 no le dio la espalda a la premiaci\u00f3n de Espa\u00f1a en el Mundial 2026<\/h3>\n<\/p>\n<\/section>\n<\/div>\n<div id=\"element-body-20\" class=\"sc-a7166897-0 eTTZWU\"><a href=\"https:\/\/www.ole.com.ar\/futbol-primera\/especial-homenaje-lionel-messi-retiro-seleccion-argentina-torneo-clausura-afa_0_VWr6NEcSrE.html\" aria-label=\"El homenaje especial para Lionel Messi en la pr\u00f3xima fecha del f\u00fatbol argentino\" class=\"sc-d4f573e5-0 bUEDsN\"\/><\/p>\n<section><picture><img alt=\"El homenaje especial para Lionel Messi en la pr\u00f3xima fecha del f\u00fatbol argentino\" loading=\"lazy\" width=\"290\" height=\"290\" decoding=\"async\" data-nimg=\"1\" style=\"color:transparent\" src=\"https:\/\/fmamiga909.com.ar\/wp-content\/uploads\/2026\/09\/crmwb-iru_290x290__1.jpg\"\/><\/picture>\n<p><span>Mir\u00e1 tambi\u00e9n<\/span><\/p>\n<hr\/>\n<h3>El homenaje especial para Lionel Messi en la pr\u00f3xima fecha del f\u00fatbol argentino<\/h3>\n<\/p>\n<\/section>\n<\/div>\n<div id=\"element-body-21\" class=\"sc-a7166897-0 eTTZWU\"><a href=\"https:\/\/www.ole.com.ar\/messi\/messi-propuesto-como-embajador-ilustre-itinerante-argentina-proyecto-llego-congreso_0_W5WSoRrIDa.html\" aria-label=\"Messi, propuesto como \u201cembajador ilustre e itinerante\u201d de Argentina: el proyecto que lleg\u00f3 al Congreso\" class=\"sc-d4f573e5-0 bUEDsN\"\/><\/p>\n<section><picture><img alt=\"Messi, propuesto como \u201cembajador ilustre e itinerante\u201d de Argentina: el proyecto que lleg\u00f3 al Congreso\" loading=\"lazy\" width=\"290\" height=\"290\" decoding=\"async\" data-nimg=\"1\" style=\"color:transparent\" src=\"https:\/\/fmamiga909.com.ar\/wp-content\/uploads\/2026\/09\/Rv77dZx7D_290x290__1.jpg\"\/><\/picture>\n<p><span>Mir\u00e1 tambi\u00e9n<\/span><\/p>\n<hr\/>\n<h3>Messi, propuesto como \u201cembajador ilustre e itinerante\u201d de Argentina: el proyecto que lleg\u00f3 al Congreso<\/h3>\n<\/p>\n<\/section>\n<\/div>\n<div id=\"element-body-22\" class=\"sc-a7166897-0 eTTZWU\"><a href=\"https:\/\/www.ole.com.ar\/river-plate\/river-plate-matias-galarza-fonda-futuro-estudiantes-cantilo_0_8nizh4Yba0.html\" aria-label=\"Galarza Fonda: de marginado en River a ser compa\u00f1ero de Messi en Inter Miami\" class=\"sc-d4f573e5-0 bUEDsN\"\/><\/p>\n<section><picture><img alt=\"Galarza Fonda: de marginado en River a ser compa\u00f1ero de Messi en Inter Miami\" loading=\"lazy\" width=\"290\" height=\"290\" decoding=\"async\" data-nimg=\"1\" style=\"color:transparent\" src=\"https:\/\/fmamiga909.com.ar\/wp-content\/uploads\/2026\/09\/1788452747_788_IoSTkmqgq_290x290__1.jpg\"\/><\/picture>\n<p><span>Mir\u00e1 tambi\u00e9n<\/span><\/p>\n<hr\/>\n<h3>Galarza Fonda: de marginado en River a ser compa\u00f1ero de Messi en Inter Miami<\/h3>\n<\/p>\n<\/section>\n<\/div>\n<\/div>\n<p><a href=\"https:\/\/www.ole.com.ar\/messi\/lionel-messi-merece-ultimo-partido-despedida-argentina-encuesta-deberia-jugarse-ultima-leo_0_VGaRrc89jK.html\">source<\/a><\/p>\n","protected":false},"excerpt":{"rendered":"<p>No pas\u00f3 ni una semana del shock por el anuncio emotivo y oficial de Leo,&#8230;<\/p>\n","protected":false},"author":3,"featured_media":49637,"comment_status":"closed","ping_status":"closed","sticky":false,"template":"","format":"standard","meta":{"footnotes":""},"categories":[21],"tags":[],"class_list":["post-49636","post","type-post","status-publish","format-standard","has-post-thumbnail","hentry","category-deportes"],"featured_image_urls":{"full":["https:\/\/fmamiga909.com.ar\/wp-content\/uploads\/2026\/09\/wp-header-logo-51.png",720,483,false],"thumbnail":["https:\/\/fmamiga909.com.ar\/wp-content\/uploads\/2026\/09\/wp-header-logo-51-150x150.png",150,150,true],"medium":["https:\/\/fmamiga909.com.ar\/wp-content\/uploads\/2026\/09\/wp-header-logo-51-300x201.png",300,201,true],"medium_large":["https:\/\/fmamiga909.com.ar\/wp-content\/uploads\/2026\/09\/wp-header-logo-51.png",720,483,false],"large":["https:\/\/fmamiga909.com.ar\/wp-content\/uploads\/2026\/09\/wp-header-logo-51.png",640,429,false],"1536x1536":["https:\/\/fmamiga909.com.ar\/wp-content\/uploads\/2026\/09\/wp-header-logo-51.png",720,483,false],"2048x2048":["https:\/\/fmamiga909.com.ar\/wp-content\/uploads\/2026\/09\/wp-header-logo-51.png",720,483,false],"newsium-slider-full":["https:\/\/fmamiga909.com.ar\/wp-content\/uploads\/2026\/09\/wp-header-logo-51.png",720,483,false],"newsium-featured":["https:\/\/fmamiga909.com.ar\/wp-content\/uploads\/2026\/09\/wp-header-logo-51.png",720,483,false],"newsium-medium":["https:\/\/fmamiga909.com.ar\/wp-content\/uploads\/2026\/09\/wp-header-logo-51-720x475.png",720,475,true]},"author_info":{"display_name":"Fredy Giuliano","author_link":"https:\/\/fmamiga909.com.ar\/?author=3"},"category_info":"<a href=\"https:\/\/fmamiga909.com.ar\/?cat=21\" rel=\"category\">Deportes<\/a>","tag_info":"Deportes","comment_count":"0","_links":{"self":[{"href":"https:\/\/fmamiga909.com.ar\/index.php?rest_route=\/wp\/v2\/posts\/49636","targetHints":{"allow":["GET"]}}],"collection":[{"href":"https:\/\/fmamiga909.com.ar\/index.php?rest_route=\/wp\/v2\/posts"}],"about":[{"href":"https:\/\/fmamiga909.com.ar\/index.php?rest_route=\/wp\/v2\/types\/post"}],"author":[{"embeddable":true,"href":"https:\/\/fmamiga909.com.ar\/index.php?rest_route=\/wp\/v2\/users\/3"}],"replies":[{"embeddable":true,"href":"https:\/\/fmamiga909.com.ar\/index.php?rest_route=%2Fwp%2Fv2%2Fcomments&post=49636"}],"version-history":[{"count":0,"href":"https:\/\/fmamiga909.com.ar\/index.php?rest_route=\/wp\/v2\/posts\/49636\/revisions"}],"wp:featuredmedia":[{"embeddable":true,"href":"https:\/\/fmamiga909.com.ar\/index.php?rest_route=\/wp\/v2\/media\/49637"}],"wp:attachment":[{"href":"https:\/\/fmamiga909.com.ar\/index.php?rest_route=%2Fwp%2Fv2%2Fmedia&parent=49636"}],"wp:term":[{"taxonomy":"category","embeddable":true,"href":"https:\/\/fmamiga909.com.ar\/index.php?rest_route=%2Fwp%2Fv2%2Fcategories&post=49636"},{"taxonomy":"post_tag","embeddable":true,"href":"https:\/\/fmamiga909.com.ar\/index.php?rest_route=%2Fwp%2Fv2%2Ftags&post=49636"}],"curies":[{"name":"wp","href":"https:\/\/api.w.org\/{rel}","templated":true}]}}