{"id":49640,"date":"2026-09-03T16:31:50","date_gmt":"2026-09-03T16:31:50","guid":{"rendered":"https:\/\/fmamiga909.com.ar\/?p=49640"},"modified":"2026-09-03T16:31:50","modified_gmt":"2026-09-03T16:31:50","slug":"diego-milito-de-fue-un-error-renovarle-a-costas-a-jamas-voy-a-hacer-locuras-en-los-mercados","status":"publish","type":"post","link":"https:\/\/fmamiga909.com.ar\/?p=49640","title":{"rendered":"Diego Milito: de &quot;fue un error renovarle a Costas&quot; a &quot;jam\u00e1s voy a hacer locuras en los mercados&quot;"},"content":{"rendered":"<div id=\"storyBody\">\n<div id=\"element-body-0\" class=\"sc-df222161-0 hNvwjb\">\n<p><a href=\"https:\/\/www.ole.com.ar\/tema\/diego-milito.html\" title=\"Diego Milito\" alt=\"Diego Milito\" class=\"slug\">Diego Milito<\/a> no es un presidente muy cercano a los medios. Es dif\u00edcil escucharlo hablar del d\u00eda a d\u00eda de <a href=\"https:\/\/www.ole.com.ar\/tema\/racing.html\" title=\"Racing\" alt=\"Racing\" class=\"slug\">Racing<\/a>. En un mal momento deportivo del equipo, y con un Cilindro que ya se pronunci\u00f3 en su contra a pesar de ser \u00eddolo, el mandam\u00e1s <strong>brind\u00f3 una rueda de prensa<\/strong> en el contexto de la <strong>firma del contrato de Leandro C\u00f3rdoba<\/strong>, <strong>el noveno y \u00faltimo refuerzo del equipo<\/strong>. <strong>Necesitado de aclarar varios temas que generan malestar en gran parte de los hinchas<\/strong>. Milito contest\u00f3 por primera vez sobre algunos temas que se le cuestionan: <strong>el prometido \u00absalto de calidad\u00bb<\/strong>, <strong>los flojos mercados de pases<\/strong> y hasta <strong>la salida de Gustavo Costas tras hacerle un contrato de tres a\u00f1os<\/strong>.<\/p>\n<\/div>\n<p><h2><strong>El salto de calidad<\/strong>: de promesa de campa\u00f1a a la actualidad<\/h2>\n<\/p>\n<div id=\"element-body-2\" class=\"sc-df222161-0 hNvwjb\">\n<p>\u00abCuando me refer\u00eda al <strong>salto de calidad era al institucional<\/strong>. Se percibe y se ve en el d\u00eda a d\u00eda. No s\u00f3lo el f\u00fatbol. Yo entiendo que <strong>el coraz\u00f3n es el f\u00fatbol<\/strong>. Lo s\u00e9 por que vengo de ah\u00ed. Entiendo perfectamente a la gente, lo que significa ganar y perder. Con el salto de calidad me refer\u00eda al d\u00eda a d\u00eda, a seguir creciendo. A <strong>comprar un colegio como el que hicimos<\/strong>, <strong>la educaci\u00f3n es b\u00e1sica<\/strong>. Es fundamental. Nuestros chicos van a estudiar a un lugar apto y para m\u00ed <strong>eso es crecimiento, es salto de calidad<\/strong>.<\/p>\n<\/div>\n<div id=\"element-body-3\" class=\"sc-df222161-0 hNvwjb\">\n<p>\u00abTambi\u00e9n es infraestructura. <strong>Vamos a inaugurar un Centro de Alto Rendimiento<\/strong>, <strong>uno de los mejores de Sudamericana<\/strong>. Los chicos est\u00e1n <strong>compitiendo en el Mundial Sub 18 de Clubes<\/strong> para seguir posicionando la marca Racing donde se tiene que posicionar. <strong>Trajimos a Nike a la Argentina<\/strong>, <strong>somos los \u00fanicos en vestir Nike<\/strong> y as\u00ed puedo seguir. Todos los empleados y \u00e1reas siguen creciendo. Entiendo el f\u00fatbol.<\/p>\n<\/div>\n<p><h2>Los mercados de pases de Racing<\/h2>\n<\/p>\n<div id=\"element-body-5\" class=\"sc-df222161-0 hNvwjb\">\n<p>\u00bb <strong>No podemos traer jugadores de 20 millones de d\u00f3lares<\/strong>. <strong>Voy a cuidar el patrimonio del club<\/strong>. <strong>Las finanzas, que Racing sea un club confiable en lo financiero<\/strong>. Tengo el <strong>compromiso con los hinchas y socios<\/strong> que me han votado de <strong>seguir creciendo sin endeudarnos<\/strong>. <strong>Jam\u00e1s voy a hacer locuras en los mercados de pases<\/strong>\u00ab.<\/p>\n<\/div>\n<p><h2>El mal momento del equipo <\/h2>\n<\/p>\n<div id=\"element-body-7\" class=\"sc-df222161-0 hNvwjb\">\n<p>\u00abEs una situaci\u00f3n, sobre todo de resultados, que no nos gusta. Eso est\u00e1 claro. Racing no puede estar donde est\u00e1 hoy, <strong>puesto 22 ni 14 de 15 en el torneo actual<\/strong>. No estamos contentos como no lo est\u00e1 la gente. Los hemos escuchado, tienen raz\u00f3n. Yo tambi\u00e9n me enojo. El equipo en estos partidos ha demostrado cosas. Buenos partidos, para ser honestos creo que sinceramente hemos merecido alg\u00fan punto m\u00e1s. <strong>Desde que lleg\u00f3 Juan Pablo (Vojvoda) hicimos buenos partidos<\/strong>; ganamos dos instancias de Copa Argentina, con Boca fue bueno, con Banfield merecimos\u00a0m\u00e1s.<\/p>\n<\/div>\n<div id=\"element-body-8\" class=\"sc-df222161-0 hNvwjb\">\n<p>\u00abEs un a\u00f1o complejo, no me gusta verlo donde est\u00e1 <strong>.<\/strong> <strong>Tenemos que ganar, salir de ah\u00ed. Revertir la situaci\u00f3n.<\/strong> Es un equipo nuevo, que est\u00e1 en plena formaci\u00f3n, con cuerpo t\u00e9cnico nuevo. Lo vemos trabajar, <strong>es un DT institucional, comprometido y que le da herramientas a los jugadores.<\/strong> Ellos est\u00e1n contentos con la metodolog\u00eda. <strong>Tenemos mejor futuro que presente.<\/strong> Se necesita tiempo para que el equipo vaya engranando y para que se conforme un nuevo grupo\u00bb.<\/p>\n<\/div>\n<p><h2>La salida de Gustavo Costas<\/h2>\n<\/p>\n<div id=\"element-body-10\" class=\"sc-df222161-0 hNvwjb\">\n<p>\u00bb <strong>Hacemos autocr\u00edtica<\/strong>. <strong>Fue un error y lo asumo<\/strong>. Pero <strong>est\u00e1bamos convencidos de los 3 a\u00f1os por delante<\/strong>, porque <strong>ven\u00edamos de una semifinal, una final del torneo<\/strong> y <strong>hab\u00eda un equipo entregado a su entrenador<\/strong>, que se tiraban de cabeza por \u00e9l y era fundamental\u00bb.<\/p>\n<\/div>\n<div id=\"element-body-11\" class=\"sc-df222161-0 hNvwjb\">\n<p>\u00abCuando nos ponemos a negociar, <strong>Gustavo nos exig\u00eda un contrato dif\u00edcil de alcanzar<\/strong>. No digo que no lo mereciera, pero <strong>decidimos prorratearlo en tres a\u00f1os<\/strong>. Perdimos de vista el desgaste despu\u00e9s de dos a\u00f1os en el plantel y lamentablemente es f\u00fatbol. A los pocos meses <strong>las cosas no salieron como esper\u00e1bamos<\/strong>. No es agradable por el cari\u00f1o que uno le tiene a Gustavo como DT y como persona. Es un \u00eddolo del club, pero <strong>hay que tomar decisiones para mejorar<\/strong>\u00ab.<\/p>\n<\/div>\n<div id=\"element-body-12\" class=\"sc-a7166897-0 eTTZWU\"><a href=\"https:\/\/www.ole.com.ar\/futbol-primera\/mercado-pases-2026-clausura-cierre-definitivo-refuerzos-bajas_0_5hTY80hKwT.html\" aria-label=\"Cerr\u00f3 el mercado de pases: refuerzos y bajas de \u00faltimo momento\" class=\"sc-d4f573e5-0 bUEDsN\"\/><\/p>\n<section><picture><img alt=\"Cerr\u00f3 el mercado de pases: refuerzos y bajas de \u00faltimo momento\" loading=\"lazy\" width=\"290\" height=\"290\" decoding=\"async\" data-nimg=\"1\" style=\"color:transparent\" src=\"https:\/\/fmamiga909.com.ar\/wp-content\/uploads\/2026\/09\/1788453109_260_0sgr7p76w_290x290__1.jpg\"\/><\/picture>\n<p><span>Mir\u00e1 tambi\u00e9n<\/span><\/p>\n<hr\/>\n<h3>Cerr\u00f3 el mercado de pases: refuerzos y bajas de \u00faltimo momento<\/h3>\n<\/p>\n<\/section>\n<\/div>\n<div id=\"element-body-13\" class=\"sc-a7166897-0 eTTZWU\"><a href=\"https:\/\/www.ole.com.ar\/futbol-internacional\/santiagososa-vascodagama-pedroemanuel-copadobrasil-vitoria_0_IrCiFXmX8r.html\" aria-label=\"Santiago Sosa ya es clave en Vasco da Gama: fue figura en el triunfo ante Vitoria, conquist\u00f3 a los hinchas y se gan\u00f3 los elogios del DT\" class=\"sc-d4f573e5-0 bUEDsN\"\/><\/p>\n<section><picture><img alt=\"Santiago Sosa ya es clave en Vasco da Gama: fue figura en el triunfo ante Vitoria, conquist\u00f3 a los hinchas y se gan\u00f3 los elogios del DT\" loading=\"lazy\" width=\"290\" height=\"290\" decoding=\"async\" data-nimg=\"1\" style=\"color:transparent\" src=\"https:\/\/fmamiga909.com.ar\/wp-content\/uploads\/2026\/09\/28uZctz2e_290x290__1.jpg\"\/><\/picture>\n<p><span>Mir\u00e1 tambi\u00e9n<\/span><\/p>\n<hr\/>\n<h3>Santiago Sosa ya es clave en Vasco da Gama: fue figura en el triunfo ante Vitoria, conquist\u00f3 a los hinchas y se gan\u00f3 los elogios del DT<\/h3>\n<\/p>\n<\/section>\n<\/div>\n<\/div>\n<p><a href=\"https:\/\/www.ole.com.ar\/futbol-primera\/racing-milito-costas-rueda-prensa-presidente_0_2jnjWafNWV.html\">source<\/a><\/p>\n","protected":false},"excerpt":{"rendered":"<p>Diego Milito no es un presidente muy cercano a los medios. Es dif\u00edcil escucharlo hablar&#8230;<\/p>\n","protected":false},"author":3,"featured_media":49641,"comment_status":"closed","ping_status":"closed","sticky":false,"template":"","format":"standard","meta":{"footnotes":""},"categories":[21],"tags":[],"class_list":["post-49640","post","type-post","status-publish","format-standard","has-post-thumbnail","hentry","category-deportes"],"featured_image_urls":{"full":["https:\/\/fmamiga909.com.ar\/wp-content\/uploads\/2026\/09\/wp-header-logo-52.png",290,290,false],"thumbnail":["https:\/\/fmamiga909.com.ar\/wp-content\/uploads\/2026\/09\/wp-header-logo-52-150x150.png",150,150,true],"medium":["https:\/\/fmamiga909.com.ar\/wp-content\/uploads\/2026\/09\/wp-header-logo-52.png",290,290,false],"medium_large":["https:\/\/fmamiga909.com.ar\/wp-content\/uploads\/2026\/09\/wp-header-logo-52.png",290,290,false],"large":["https:\/\/fmamiga909.com.ar\/wp-content\/uploads\/2026\/09\/wp-header-logo-52.png",290,290,false],"1536x1536":["https:\/\/fmamiga909.com.ar\/wp-content\/uploads\/2026\/09\/wp-header-logo-52.png",290,290,false],"2048x2048":["https:\/\/fmamiga909.com.ar\/wp-content\/uploads\/2026\/09\/wp-header-logo-52.png",290,290,false],"newsium-slider-full":["https:\/\/fmamiga909.com.ar\/wp-content\/uploads\/2026\/09\/wp-header-logo-52.png",290,290,false],"newsium-featured":["https:\/\/fmamiga909.com.ar\/wp-content\/uploads\/2026\/09\/wp-header-logo-52.png",290,290,false],"newsium-medium":["https:\/\/fmamiga909.com.ar\/wp-content\/uploads\/2026\/09\/wp-header-logo-52.png",290,290,false]},"author_info":{"display_name":"Fredy Giuliano","author_link":"https:\/\/fmamiga909.com.ar\/?author=3"},"category_info":"<a href=\"https:\/\/fmamiga909.com.ar\/?cat=21\" rel=\"category\">Deportes<\/a>","tag_info":"Deportes","comment_count":"0","_links":{"self":[{"href":"https:\/\/fmamiga909.com.ar\/index.php?rest_route=\/wp\/v2\/posts\/49640","targetHints":{"allow":["GET"]}}],"collection":[{"href":"https:\/\/fmamiga909.com.ar\/index.php?rest_route=\/wp\/v2\/posts"}],"about":[{"href":"https:\/\/fmamiga909.com.ar\/index.php?rest_route=\/wp\/v2\/types\/post"}],"author":[{"embeddable":true,"href":"https:\/\/fmamiga909.com.ar\/index.php?rest_route=\/wp\/v2\/users\/3"}],"replies":[{"embeddable":true,"href":"https:\/\/fmamiga909.com.ar\/index.php?rest_route=%2Fwp%2Fv2%2Fcomments&post=49640"}],"version-history":[{"count":0,"href":"https:\/\/fmamiga909.com.ar\/index.php?rest_route=\/wp\/v2\/posts\/49640\/revisions"}],"wp:featuredmedia":[{"embeddable":true,"href":"https:\/\/fmamiga909.com.ar\/index.php?rest_route=\/wp\/v2\/media\/49641"}],"wp:attachment":[{"href":"https:\/\/fmamiga909.com.ar\/index.php?rest_route=%2Fwp%2Fv2%2Fmedia&parent=49640"}],"wp:term":[{"taxonomy":"category","embeddable":true,"href":"https:\/\/fmamiga909.com.ar\/index.php?rest_route=%2Fwp%2Fv2%2Fcategories&post=49640"},{"taxonomy":"post_tag","embeddable":true,"href":"https:\/\/fmamiga909.com.ar\/index.php?rest_route=%2Fwp%2Fv2%2Ftags&post=49640"}],"curies":[{"name":"wp","href":"https:\/\/api.w.org\/{rel}","templated":true}]}}