{"id":49656,"date":"2026-09-03T16:42:35","date_gmt":"2026-09-03T16:42:35","guid":{"rendered":"https:\/\/fmamiga909.com.ar\/?p=49656"},"modified":"2026-09-03T16:42:35","modified_gmt":"2026-09-03T16:42:35","slug":"real-madrid-expectante-asencio-quedo-absuelto-y-tres-juveniles-fueron-condenados-a-un-ano-de-carcel","status":"publish","type":"post","link":"https:\/\/fmamiga909.com.ar\/?p=49656","title":{"rendered":"Real Madrid, expectante: Asencio qued\u00f3 absuelto y tres juveniles fueron condenados a un a\u00f1o de c\u00e1rcel"},"content":{"rendered":"<div id=\"storyBody\">\n<div id=\"element-body-0\" class=\"sc-df222161-0 hNvwjb\">\n<p>En medio de una situaci\u00f3n dif\u00edcil <a href=\"\/futbol-internacional\/espana\/jugador-real-madrid-condenado-manejar-alcoholizado-raul-asencio-multa-espana_0_CWbw7oASos.html\" target=\"_blank\" title=\"por el positivo de alcoholemia\" alt=\"por el positivo de alcoholemia\">por el positivo de alcoholemia<\/a>, con tir\u00f3n de orejas por parte de su entrenador Jos\u00e9 Mourinho, <strong>Ra\u00fal Asencio<\/strong> recibi\u00f3 una buena noticia respecto al juicio en el que compareci\u00f3, <strong>acusado de difundir pornograf\u00eda infantil junto a otros tres canteranos del Real Madrid.<\/strong><\/p>\n<\/div>\n<div id=\"element-body-1\" class=\"sc-df222161-0 hNvwjb\">\n<p><strong>Ferr\u00e1n Ruiz, Juan Rodr\u00edguez y Andr\u00e9s Garc\u00eda<\/strong> son los juveniles del Merengue que debieron aceptar la condena de un a\u00f1o de c\u00e1rcel por el v\u00eddeo sexual que grabaron en 2023 en Gran Canaria, <strong>mientras que el defensor de la Casa Blanca finalmente fue absuelto.<\/strong><\/p>\n<\/div>\n<div id=\"element-body-2\" class=\"sc-df222161-0 hNvwjb\">\n<p>Tras un largo proceso, las dos j\u00f3venes que aparecen en las im\u00e1genes, una de las cuales ten\u00eda 16 a\u00f1os entonces, confirmaron un perd\u00f3n clave en el juicio que benefici\u00f3 a los cuatro jugadores. <strong>Esa determinaci\u00f3n termin\u00f3 de liberar a Asencio.<\/strong><\/p>\n<\/div>\n<div class=\"sc-c0843421-0 iNysjD image-embed\" id=\"element-body-3\"><img alt=\"Ra\u00fal Asencio, en libertad.\" loading=\"lazy\" width=\"720\" height=\"100\" decoding=\"async\" data-nimg=\"1\" style=\"color:transparent\" src=\"https:\/\/fmamiga909.com.ar\/wp-content\/uploads\/2026\/09\/gtRqHZPOz_720x0__1.jpg\"\/><span class=\"epigraphe\">Ra\u00fal Asencio, en libertad.<\/span><\/div>\n<div id=\"element-body-4\" class=\"sc-df222161-0 hNvwjb\">\n<p>Es que ese perd\u00f3n anul\u00f3 el \u00fanico cargo al que se enfrentaba el zaguero del Real Madrid, que responde a la revelaci\u00f3n de secretos por haber mostrado a un tercero el v\u00eddeo que le enviaron los otros procesados a sabiendas de que se grab\u00f3 sin permiso de las denunciantes. Cabe se\u00f1alar que tanto a \u00e9l como a los mencionados canteranos, llegaron a pedir penas mucho m\u00e1s contundentes.<\/p>\n<\/div>\n<div id=\"element-body-5\" class=\"sc-df222161-0 hNvwjb\">\n<p>El Ministerio Fiscal lleg\u00f3 a solicitar cuatro a\u00f1os y siete meses de c\u00e1rcel para Ferr\u00e1n Ruiz, Juan Rodr\u00edguez y Andr\u00e9s Garc\u00eda, con dos a\u00f1os y medio de cumplimiento para Ra\u00fal Asencio.<\/p>\n<\/div>\n<div id=\"element-body-6\" class=\"sc-df222161-0 hNvwjb\">\n<p>Asencio, fuertemente cuestionado por Mourinho durante la \u00faltima conferencia de prensa en la cual le pidi\u00f3 m\u00e1s profesionalismo, ha pedido disculpas a las v\u00edctimas y agradeci\u00f3 su perd\u00f3n.<\/p>\n<\/div>\n<div class=\"sc-c0843421-0 iNysjD image-embed\" id=\"element-body-7\"><img alt=\"Jos\u00e9 Mourinho cuestion\u00f3 el profesionalismo de Asencio.\" loading=\"lazy\" width=\"720\" height=\"100\" decoding=\"async\" data-nimg=\"1\" style=\"color:transparent\" src=\"https:\/\/fmamiga909.com.ar\/wp-content\/uploads\/2026\/09\/f9y3kqjuZ_720x0__1.jpg\"\/><span class=\"epigraphe\">Jos\u00e9 Mourinho cuestion\u00f3 el profesionalismo de Asencio.<\/span><\/div>\n<div id=\"element-body-8\" class=\"sc-df222161-0 hNvwjb\">\n<p>Cabe resaltar que el zaguero de 23 a\u00f1os tambi\u00e9n qued\u00f3 absuelto del pago de las costas del juicio, que s\u00ed deber\u00e1n abonar los otros tres procesados, a los que se les ha impuesto una orden de alejamiento de dos a\u00f1os respecto de la v\u00edctima, que ten\u00eda 16 a\u00f1os cuando ocurrieron los hechos, y una inhabilitaci\u00f3n para ejercer cualquier profesi\u00f3n u oficio que implique contacto con menores de edad durante tres a\u00f1os.<\/p>\n<\/div>\n<div id=\"element-body-9\" class=\"sc-df222161-0 hNvwjb\">\n<h2><strong>El caso en el que se vio afectado Ra\u00fal Asencio<\/strong> <\/h2>\n<\/div>\n<div id=\"element-body-10\" class=\"sc-df222161-0 hNvwjb\">\n<p>Ra\u00fal Asencio fue acusado de haber difundido un video de pornograf\u00eda infantil que tres futbolistas de las Inferiores del Real Madrid grabaron con menores de edad en 2023. <\/p>\n<\/div>\n<div id=\"element-body-11\" class=\"sc-df222161-0 hNvwjb\">\n<p>Seg\u00fan explicaron los medios locales, el abogado de las v\u00edctimas lleg\u00f3 a presentar un escrito para pedir que se endurezca la eventual pena contra el defensor, con hasta <strong> cuatro a\u00f1os de prisi\u00f3n y una indemnizaci\u00f3n total de 58 mil euros<\/strong> por da\u00f1os y estr\u00e9s postraum\u00e1tico.<\/p>\n<\/div>\n<div class=\"sc-c0843421-0 iNysjD image-embed\" id=\"element-body-12\"><img alt=\"Ra\u00fal Asencio en el Real Madrid. (AP)\" loading=\"lazy\" width=\"720\" height=\"100\" decoding=\"async\" data-nimg=\"1\" style=\"color:transparent\" src=\"https:\/\/fmamiga909.com.ar\/wp-content\/uploads\/2026\/09\/Bo2nOh2v0_720x0__1.jpg\"\/><span class=\"epigraphe\">Ra\u00fal Asencio en el Real Madrid. (AP)<\/span><\/div>\n<div id=\"element-body-13\" class=\"sc-df222161-0 hNvwjb\">\n<p>Adem\u00e1s, gracias a las pericias que se hicieron sobre los tel\u00e9fonos de los involucrados, se pudo demostrar que el central se refer\u00eda a una de las adolescentes en tono burl\u00f3n por lo sucedido. Por lo tanto, su situaci\u00f3n legal se agrav\u00f3 durante el juicio. <\/p>\n<\/div>\n<p><h2>Cu\u00e1ndo se formaliz\u00f3 la denuncia contra Ra\u00fal Asencio y los tres futbolistas de Inferiores del Real Madrid<\/h2>\n<\/p>\n<div id=\"element-body-15\" class=\"sc-df222161-0 hNvwjb\">\n<p>Seg\u00fan la denuncia de 2023, el grupo de tres futbolistas (Andr\u00e9s Garc\u00eda, Ferr\u00e1n Ruiz y Juan Rodr\u00edguez) fue detenido por la Guardia Civil espa\u00f1ola, por grabar un video pornogr\u00e1fico con dos mujeres -una menor de edad- y compartirlo sin su consentimiento. Asencio, por su parte, estuvo involucrado al haber recibido estas im\u00e1genes a pesar de no haber sido parte del acto en s\u00ed.<\/p>\n<\/div>\n<div class=\"sc-c0843421-0 iNysjD image-embed\" id=\"element-body-16\"><img alt=\"Ra\u00fal Asencio en el Real Madrid. (REUTER)\" loading=\"lazy\" width=\"720\" height=\"100\" decoding=\"async\" data-nimg=\"1\" style=\"color:transparent\" src=\"https:\/\/fmamiga909.com.ar\/wp-content\/uploads\/2026\/09\/GRrIkcOCn_720x0__1.jpg\"\/><span class=\"epigraphe\">Ra\u00fal Asencio en el Real Madrid. (REUTER)<\/span><\/div>\n<div id=\"element-body-17\" class=\"sc-a7166897-0 eTTZWU\"><a href=\"https:\/\/www.ole.com.ar\/seleccion\/efecto-mundial-2026-fifa-jugadores-selecciones-cambiaron-equipo-impacto-mercado-pases-argentinos_0_I970rZr0lR.html\" aria-label=\"Efecto Mundial 2026: con 12 argentinos, 267 jugadores de 47 selecciones cambiaron de equipo&#10;\" class=\"sc-d4f573e5-0 bUEDsN\"\/><\/p>\n<section><picture><img alt=\"Efecto Mundial 2026: con 12 argentinos, 267 jugadores de 47 selecciones cambiaron de equipo&#10;\" loading=\"lazy\" width=\"290\" height=\"290\" decoding=\"async\" data-nimg=\"1\" style=\"color:transparent\" src=\"https:\/\/fmamiga909.com.ar\/wp-content\/uploads\/2026\/09\/TeI60Nx7v_290x290__1.jpg\"\/><\/picture>\n<p><span>Mir\u00e1 tambi\u00e9n<\/span><\/p>\n<hr\/>\n<h3>Efecto Mundial 2026: con 12 argentinos, 267 jugadores de 47 selecciones cambiaron de equipo<br \/>\n<\/h3>\n<\/p>\n<\/section>\n<\/div>\n<div id=\"element-body-18\" class=\"sc-a7166897-0 eTTZWU\"><a href=\"https:\/\/www.ole.com.ar\/futbol-internacional\/italia\/luka-modric-eligio-mejor-jugador-seriea-nico-paz-milan_0_4yZ4JUvbM8.html\" aria-label=\"El enorme reconocimiento de Modric a Nico Paz: lo eligi\u00f3 como el mejor de la Serie A\" class=\"sc-d4f573e5-0 bUEDsN\"\/><\/p>\n<section><picture><img alt=\"El enorme reconocimiento de Modric a Nico Paz: lo eligi\u00f3 como el mejor de la Serie A\" loading=\"lazy\" width=\"290\" height=\"290\" decoding=\"async\" data-nimg=\"1\" style=\"color:transparent\" src=\"https:\/\/fmamiga909.com.ar\/wp-content\/uploads\/2026\/09\/pccgfSSpjx_290x290__1.jpg\"\/><\/picture>\n<p><span>Mir\u00e1 tambi\u00e9n<\/span><\/p>\n<hr\/>\n<h3>El enorme reconocimiento de Modric a Nico Paz: lo eligi\u00f3 como el mejor de la Serie A<\/h3>\n<\/p>\n<\/section>\n<\/div>\n<div id=\"element-body-19\" class=\"sc-a7166897-0 eTTZWU\"><a href=\"https:\/\/www.ole.com.ar\/futbol-internacional\/espana\/sera-un-jugador-importante-mourinho-hablo-sobre-futuro-julian-alvarez-atletico_0_QFga2WRWJr.html\" aria-label=\"\u201cSer\u00e1 un jugador importante\u201d: Mourinho habl\u00f3 sobre el futuro de Juli\u00e1n \u00c1lvarez en el Atl\u00e9tico\" class=\"sc-d4f573e5-0 bUEDsN\"\/><\/p>\n<section><picture><img alt=\"\u201cSer\u00e1 un jugador importante\u201d: Mourinho habl\u00f3 sobre el futuro de Juli\u00e1n \u00c1lvarez en el Atl\u00e9tico\" loading=\"lazy\" width=\"290\" height=\"290\" decoding=\"async\" data-nimg=\"1\" style=\"color:transparent\" src=\"https:\/\/fmamiga909.com.ar\/wp-content\/uploads\/2026\/09\/JwkhQEvw5_290x290__1.jpg\"\/><\/picture>\n<p><span>Mir\u00e1 tambi\u00e9n<\/span><\/p>\n<hr\/>\n<h3>\u201cSer\u00e1 un jugador importante\u201d: Mourinho habl\u00f3 sobre el futuro de Juli\u00e1n \u00c1lvarez en el Atl\u00e9tico<\/h3>\n<\/p>\n<\/section>\n<\/div>\n<\/div>\n<p><a href=\"https:\/\/www.ole.com.ar\/informacion-general\/raul-asencio-real-madrid-defensor-ferran-ruiz-juan-rodriguez-andres-garcia-condenados-ano-prision-exonerado_0_GCtTY6tiEW.html\">source<\/a><\/p>\n","protected":false},"excerpt":{"rendered":"<p>En medio de una situaci\u00f3n dif\u00edcil por el positivo de alcoholemia, con tir\u00f3n de orejas&#8230;<\/p>\n","protected":false},"author":3,"featured_media":49657,"comment_status":"closed","ping_status":"closed","sticky":false,"template":"","format":"standard","meta":{"footnotes":""},"categories":[21],"tags":[],"class_list":["post-49656","post","type-post","status-publish","format-standard","has-post-thumbnail","hentry","category-deportes"],"featured_image_urls":{"full":["https:\/\/fmamiga909.com.ar\/wp-content\/uploads\/2026\/09\/wp-header-logo-54.png",720,480,false],"thumbnail":["https:\/\/fmamiga909.com.ar\/wp-content\/uploads\/2026\/09\/wp-header-logo-54-150x150.png",150,150,true],"medium":["https:\/\/fmamiga909.com.ar\/wp-content\/uploads\/2026\/09\/wp-header-logo-54-300x200.png",300,200,true],"medium_large":["https:\/\/fmamiga909.com.ar\/wp-content\/uploads\/2026\/09\/wp-header-logo-54.png",720,480,false],"large":["https:\/\/fmamiga909.com.ar\/wp-content\/uploads\/2026\/09\/wp-header-logo-54.png",640,427,false],"1536x1536":["https:\/\/fmamiga909.com.ar\/wp-content\/uploads\/2026\/09\/wp-header-logo-54.png",720,480,false],"2048x2048":["https:\/\/fmamiga909.com.ar\/wp-content\/uploads\/2026\/09\/wp-header-logo-54.png",720,480,false],"newsium-slider-full":["https:\/\/fmamiga909.com.ar\/wp-content\/uploads\/2026\/09\/wp-header-logo-54.png",720,480,false],"newsium-featured":["https:\/\/fmamiga909.com.ar\/wp-content\/uploads\/2026\/09\/wp-header-logo-54.png",720,480,false],"newsium-medium":["https:\/\/fmamiga909.com.ar\/wp-content\/uploads\/2026\/09\/wp-header-logo-54-720x475.png",720,475,true]},"author_info":{"display_name":"Fredy Giuliano","author_link":"https:\/\/fmamiga909.com.ar\/?author=3"},"category_info":"<a href=\"https:\/\/fmamiga909.com.ar\/?cat=21\" rel=\"category\">Deportes<\/a>","tag_info":"Deportes","comment_count":"0","_links":{"self":[{"href":"https:\/\/fmamiga909.com.ar\/index.php?rest_route=\/wp\/v2\/posts\/49656","targetHints":{"allow":["GET"]}}],"collection":[{"href":"https:\/\/fmamiga909.com.ar\/index.php?rest_route=\/wp\/v2\/posts"}],"about":[{"href":"https:\/\/fmamiga909.com.ar\/index.php?rest_route=\/wp\/v2\/types\/post"}],"author":[{"embeddable":true,"href":"https:\/\/fmamiga909.com.ar\/index.php?rest_route=\/wp\/v2\/users\/3"}],"replies":[{"embeddable":true,"href":"https:\/\/fmamiga909.com.ar\/index.php?rest_route=%2Fwp%2Fv2%2Fcomments&post=49656"}],"version-history":[{"count":0,"href":"https:\/\/fmamiga909.com.ar\/index.php?rest_route=\/wp\/v2\/posts\/49656\/revisions"}],"wp:featuredmedia":[{"embeddable":true,"href":"https:\/\/fmamiga909.com.ar\/index.php?rest_route=\/wp\/v2\/media\/49657"}],"wp:attachment":[{"href":"https:\/\/fmamiga909.com.ar\/index.php?rest_route=%2Fwp%2Fv2%2Fmedia&parent=49656"}],"wp:term":[{"taxonomy":"category","embeddable":true,"href":"https:\/\/fmamiga909.com.ar\/index.php?rest_route=%2Fwp%2Fv2%2Fcategories&post=49656"},{"taxonomy":"post_tag","embeddable":true,"href":"https:\/\/fmamiga909.com.ar\/index.php?rest_route=%2Fwp%2Fv2%2Ftags&post=49656"}],"curies":[{"name":"wp","href":"https:\/\/api.w.org\/{rel}","templated":true}]}}