{"id":49665,"date":"2026-09-03T16:49:32","date_gmt":"2026-09-03T16:49:32","guid":{"rendered":"https:\/\/fmamiga909.com.ar\/?p=49665"},"modified":"2026-09-03T16:49:32","modified_gmt":"2026-09-03T16:49:32","slug":"benvenuto-zeballos-el-chango-ya-esta-en-italia-para-sumarse-al-monza","status":"publish","type":"post","link":"https:\/\/fmamiga909.com.ar\/?p=49665","title":{"rendered":"Benvenuto, Zeballos: el Chango ya est\u00e1 en Italia para sumarse al Monza"},"content":{"rendered":"<div id=\"storyBody\">\n<div id=\"element-body-0\" class=\"sc-df222161-0 hNvwjb\">\n<p>Despu\u00e9s de la despedida emotiva en <strong><a href=\"https:\/\/www.ole.com.ar\/tema\/boca-juniors.html\" title=\"Boca Juniors\" alt=\"Boca Juniors\" class=\"slug\">Boca<\/a><\/strong>, <strong><a href=\"https:\/\/www.ole.com.ar\/tema\/exequiel-zeballos.html\" title=\"Exequiel Zeballos\" alt=\"Exequiel Zeballos\" class=\"slug\">Exequiel Zeballos<\/a> lleg\u00f3 este jueves a Mil\u00e1n<\/strong> junto a su representante, Diego Merino, para <strong>sumarse al Monza<\/strong> y comenzar formalmente una nueva etapa de su carrera. El delantero de 24 a\u00f1os finalmente pudo cumplir el objetivo que ven\u00eda persiguiendo desde hac\u00eda meses: <strong>dar el salto al f\u00fatbol europeo<\/strong>.<\/p>\n<\/div>\n<div id=\"element-body-1\" class=\"sc-df222161-0 hNvwjb\">\n<p>La operaci\u00f3n se cerr\u00f3 en <strong>una cifra cercana a los cinco millones de d\u00f3lares<\/strong> y <strong>Boca conservar\u00e1 una plusval\u00eda del 40%<\/strong> ante una futura transferencia. Un punto importante teniendo en cuenta que <strong>el contrato del delantero terminaba en diciembre<\/strong> y que durante los \u00faltimos meses su futuro hab\u00eda generado incertidumbre.<\/p>\n<\/div>\n<p><h2><strong>El deseo de Europa<\/strong> <strong>sin perjudicar a Boca<\/strong><\/h2>\n<\/p>\n<div id=\"element-body-3\" class=\"sc-df222161-0 hNvwjb\">\n<p>La idea de Zeballos y de Merino siempre fue <strong>conseguir una salida hacia Europa, pero dejando un capital en Boca<\/strong>. Es decir, pese a la ansiedad del Chango por definir su futuro, <strong>nunca se baraj\u00f3 la posibilidad de marcharse libre en diciembre<\/strong>. Se form\u00f3 en el club, realiz\u00f3 pr\u00e1cticamente toda su carrera all\u00ed y quer\u00eda irse de la mejor manera.<\/p>\n<\/div>\n<div id=\"element-body-4\" class=\"sc-df222161-0 hNvwjb\">\n<p>El camino, sin embargo, tuvo varias vueltas. En un principio, <strong><a href=\"https:\/\/www.ole.com.ar\/tema\/napoli.html\" title=\"Napoli\" alt=\"Napoli\" class=\"slug\">Napoli<\/a> apareci\u00f3 como el destino que parec\u00eda m\u00e1s cercano<\/strong>. Despu\u00e9s surgieron las posibilidades de <strong>Celta de Vigo<\/strong> y <strong>Parma<\/strong>, pero por diferentes motivos ninguna negociaci\u00f3n pudo concretarse.<\/p>\n<\/div>\n<div id=\"element-body-6\" class=\"sc-df222161-0 hNvwjb\">\n<p>Finalmente apareci\u00f3 Monza y consigui\u00f3 <strong>llegar a un acuerdo con Boca<\/strong>. El delantero firm\u00f3 <strong>contrato hasta junio de 2030<\/strong> y encontr\u00f3 as\u00ed el destino que buscaba.<\/p>\n<\/div>\n<p><h2><strong>Una nueva vida en Italia<\/strong><\/h2>\n<\/p>\n<div id=\"element-body-9\" class=\"sc-df222161-0 hNvwjb\">\n<p><strong>Zeballos desembarca en un club con una estructura de primer nivel<\/strong> y con <strong>tradici\u00f3n vendedora dentro del f\u00fatbol italiano<\/strong>. Una instituci\u00f3n que adem\u00e1s <strong>conoce bien el mercado argentino<\/strong> y en la que Nicol\u00e1s Burdisso trabaj\u00f3 como secretario deportivo.<\/p>\n<\/div>\n<div id=\"element-body-10\" class=\"sc-df222161-0 hNvwjb\">\n<p>Para el Chango comienza ahora <strong>un desaf\u00edo completamente diferente<\/strong> despu\u00e9s de <strong>una vida ligada a Boca<\/strong>. <strong>Lleg\u00f3 muy joven a las Inferiores<\/strong>, atraves\u00f3 <strong>momentos extraordinarios y otros dur\u00edsimos<\/strong> por las lesiones y termin\u00f3 march\u00e1ndose cuando hab\u00eda <strong>perdido espacio dentro de la consideraci\u00f3n de <a href=\"https:\/\/www.ole.com.ar\/tema\/rodolfo-arruabarrena.html\" title=\"Rodolfo Arruabarrena\" alt=\"Rodolfo Arruabarrena\" class=\"slug\">Rodolfo Arruabarrena<\/a><\/strong>.<\/p>\n<\/div>\n<div id=\"element-body-11\" class=\"sc-8712cf2e-1 brsVwg\"><figcaption class=\"JWvideoNota_title\">\n<p>Exequiel Zeballos se despid\u00f3 de Boca Predio y emprendi\u00f3 su viaje a Italia para sumarse al Monza. @BocaJrsOficial<\/p>\n<\/figcaption><\/div>\n<div id=\"element-body-12\" class=\"sc-df222161-0 hNvwjb\">\n<p>La imagen de este jueves en el aeropuerto junto a Merino termin\u00f3 de ponerle escenario al cambio. Atr\u00e1s quedaron las negociaciones, la incertidumbre y la despedida. <strong>Zeballos ya est\u00e1 en Italia y comienza su primera aventura europea<\/strong>.<\/p>\n<\/div>\n<div id=\"element-body-14\" class=\"sc-a7166897-0 eTTZWU\"><a href=\"https:\/\/www.ole.com.ar\/boca-juniors\/record-estadisticas-boca-penales-copa-argentina-partido-velez_0_qadsvDPPeS.html\" aria-label=\"El impresionante r\u00e9cord de Boca en los penales que agigant\u00f3 ante V\u00e9lez\" class=\"sc-d4f573e5-0 bUEDsN\"\/><\/p>\n<section><picture><img alt=\"El impresionante r\u00e9cord de Boca en los penales que agigant\u00f3 ante V\u00e9lez\" loading=\"lazy\" width=\"290\" height=\"290\" decoding=\"async\" data-nimg=\"1\" style=\"color:transparent\" src=\"https:\/\/fmamiga909.com.ar\/wp-content\/uploads\/2026\/09\/nTx66Y2EE_290x290__1.jpg\"\/><\/picture>\n<p><span>Mir\u00e1 tambi\u00e9n<\/span><\/p>\n<hr\/>\n<h3>El impresionante r\u00e9cord de Boca en los penales que agigant\u00f3 ante V\u00e9lez<\/h3>\n<\/p>\n<\/section>\n<\/div>\n<div id=\"element-body-15\" class=\"sc-a7166897-0 eTTZWU\"><a href=\"https:\/\/www.ole.com.ar\/boca-juniors\/gesto-juan-roman-riquelme-alvaro-montero-figura-boca-velez-penales-copa-argentina_0_TwuU7LVmwR.html\" aria-label=\"El gesto de Riquelme con Montero luego de ser figura ante V\u00e9lez\" class=\"sc-d4f573e5-0 bUEDsN\"\/><\/p>\n<section><picture><img alt=\"El gesto de Riquelme con Montero luego de ser figura ante V\u00e9lez\" loading=\"lazy\" width=\"290\" height=\"290\" decoding=\"async\" data-nimg=\"1\" style=\"color:transparent\" src=\"https:\/\/fmamiga909.com.ar\/wp-content\/uploads\/2026\/09\/mKxb83gS3_290x290__1.jpg\"\/><\/picture>\n<p><span>Mir\u00e1 tambi\u00e9n<\/span><\/p>\n<hr\/>\n<h3>El gesto de Riquelme con Montero luego de ser figura ante V\u00e9lez<\/h3>\n<\/p>\n<\/section>\n<\/div>\n<div id=\"element-body-16\" class=\"sc-a7166897-0 eTTZWU\"><a href=\"https:\/\/www.ole.com.ar\/boca-juniors\/triunfazo-boca-penales-copa-argentina_0_tYvSWOxGtu.html\" aria-label=\"El uno por uno del triunfazo de Boca por penales en la Copa Argentina\" class=\"sc-d4f573e5-0 bUEDsN\"\/><\/p>\n<section><picture><img alt=\"El uno por uno del triunfazo de Boca por penales en la Copa Argentina\" loading=\"lazy\" width=\"290\" height=\"290\" decoding=\"async\" data-nimg=\"1\" style=\"color:transparent\" src=\"https:\/\/fmamiga909.com.ar\/wp-content\/uploads\/2026\/09\/1788454172_909_qASzDBDGP_290x290__1.jpg\"\/><\/picture>\n<p><span>Mir\u00e1 tambi\u00e9n<\/span><\/p>\n<hr\/>\n<h3>El uno por uno del triunfazo de Boca por penales en la Copa Argentina<\/h3>\n<\/p>\n<\/section>\n<\/div>\n<div id=\"element-body-17\" class=\"sc-a7166897-0 eTTZWU\"><a href=\"https:\/\/www.ole.com.ar\/futbol-primera\/tremendo-contraste-river-boca-definicion-penales-tanda-montero-bletran-karma-suerte_0_YuXVUoLrRW.html\" aria-label=\"El tremendo contraste de River y Boca en penales: el karma de uno es la felicidad del otro\" class=\"sc-d4f573e5-0 bUEDsN\"\/><\/p>\n<section><picture><img alt=\"El tremendo contraste de River y Boca en penales: el karma de uno es la felicidad del otro\" loading=\"lazy\" width=\"290\" height=\"290\" decoding=\"async\" data-nimg=\"1\" style=\"color:transparent\" src=\"https:\/\/fmamiga909.com.ar\/wp-content\/uploads\/2026\/09\/THnWfXqW3_290x290__1.jpg\"\/><\/picture>\n<p><span>Mir\u00e1 tambi\u00e9n<\/span><\/p>\n<hr\/>\n<h3>El tremendo contraste de River y Boca en penales: el karma de uno es la felicidad del otro<\/h3>\n<\/p>\n<\/section>\n<\/div>\n<div id=\"element-body-18\" class=\"sc-a7166897-0 eTTZWU\"><a href=\"https:\/\/www.ole.com.ar\/boca-juniors\/lesion-leandro-paredes-partido-boca-velez-copa-argentina_0_RMZljHDAH5.html\" aria-label=\"La respuesta de Paredes a Ol\u00e9 sobre la lesi\u00f3n que sufri\u00f3 con V\u00e9lez\" class=\"sc-d4f573e5-0 bUEDsN\"\/><\/p>\n<section><picture><img alt=\"La respuesta de Paredes a Ol\u00e9 sobre la lesi\u00f3n que sufri\u00f3 con V\u00e9lez\" loading=\"lazy\" width=\"290\" height=\"290\" decoding=\"async\" data-nimg=\"1\" style=\"color:transparent\" src=\"https:\/\/fmamiga909.com.ar\/wp-content\/uploads\/2026\/09\/03gCnZ-NR_290x290__1.jpg\"\/><\/picture>\n<p><span>Mir\u00e1 tambi\u00e9n<\/span><\/p>\n<hr\/>\n<h3>La respuesta de Paredes a Ol\u00e9 sobre la lesi\u00f3n que sufri\u00f3 con V\u00e9lez<\/h3>\n<\/p>\n<\/section>\n<\/div>\n<div id=\"element-body-19\" class=\"sc-a7166897-0 eTTZWU\"><a href=\"https:\/\/www.ole.com.ar\/boca-juniors\/arruabarrena-conferencia-boca-velez-copa-argentina_0_BbNZ2Mt2oD.html\" aria-label=\"La conexi\u00f3n con la historia grande de Boca que hizo el Vasco tras el triunfo ante V\u00e9lez\" class=\"sc-d4f573e5-0 bUEDsN\"\/><\/p>\n<section><picture><img alt=\"La conexi\u00f3n con la historia grande de Boca que hizo el Vasco tras el triunfo ante V\u00e9lez\" loading=\"lazy\" width=\"290\" height=\"290\" decoding=\"async\" data-nimg=\"1\" style=\"color:transparent\" src=\"https:\/\/fmamiga909.com.ar\/wp-content\/uploads\/2026\/09\/6vd-Fw7fG_290x290__1.jpg\"\/><\/picture>\n<p><span>Mir\u00e1 tambi\u00e9n<\/span><\/p>\n<hr\/>\n<h3>La conexi\u00f3n con la historia grande de Boca que hizo el Vasco tras el triunfo ante V\u00e9lez<\/h3>\n<\/p>\n<\/section>\n<\/div>\n<div id=\"element-body-20\" class=\"sc-a7166897-0 eTTZWU\"><a href=\"https:\/\/www.ole.com.ar\/boca-juniors\/viaje-boca-cordoba-mendoza-gimnasia-paro-aviones_0_KsvaB2GhzH.html\" aria-label=\"Alivio para Boca: se levant\u00f3 el paro de aviones y viaja a Mendoza\" class=\"sc-d4f573e5-0 bUEDsN\"\/><\/p>\n<section><picture><img alt=\"Alivio para Boca: se levant\u00f3 el paro de aviones y viaja a Mendoza\" loading=\"lazy\" width=\"290\" height=\"290\" decoding=\"async\" data-nimg=\"1\" style=\"color:transparent\" src=\"https:\/\/fmamiga909.com.ar\/wp-content\/uploads\/2026\/09\/DbYKd4qj-_290x290__1.jpg\"\/><\/picture>\n<p><span>Mir\u00e1 tambi\u00e9n<\/span><\/p>\n<hr\/>\n<h3>Alivio para Boca: se levant\u00f3 el paro de aviones y viaja a Mendoza<\/h3>\n<\/p>\n<\/section>\n<\/div>\n<\/div>\n<p><a href=\"https:\/\/www.ole.com.ar\/boca-juniors\/ezxequiel-changuito-zeballos-boca-llegada-italia-monza_0_4c14GNhMTm.html\">source<\/a><\/p>\n","protected":false},"excerpt":{"rendered":"<p>Despu\u00e9s de la despedida emotiva en Boca, Exequiel Zeballos lleg\u00f3 este jueves a Mil\u00e1n junto&#8230;<\/p>\n","protected":false},"author":3,"featured_media":49666,"comment_status":"closed","ping_status":"closed","sticky":false,"template":"","format":"standard","meta":{"footnotes":""},"categories":[21],"tags":[],"class_list":["post-49665","post","type-post","status-publish","format-standard","has-post-thumbnail","hentry","category-deportes"],"featured_image_urls":{"full":["https:\/\/fmamiga909.com.ar\/wp-content\/uploads\/2026\/09\/wp-header-logo-55.png",290,290,false],"thumbnail":["https:\/\/fmamiga909.com.ar\/wp-content\/uploads\/2026\/09\/wp-header-logo-55-150x150.png",150,150,true],"medium":["https:\/\/fmamiga909.com.ar\/wp-content\/uploads\/2026\/09\/wp-header-logo-55.png",290,290,false],"medium_large":["https:\/\/fmamiga909.com.ar\/wp-content\/uploads\/2026\/09\/wp-header-logo-55.png",290,290,false],"large":["https:\/\/fmamiga909.com.ar\/wp-content\/uploads\/2026\/09\/wp-header-logo-55.png",290,290,false],"1536x1536":["https:\/\/fmamiga909.com.ar\/wp-content\/uploads\/2026\/09\/wp-header-logo-55.png",290,290,false],"2048x2048":["https:\/\/fmamiga909.com.ar\/wp-content\/uploads\/2026\/09\/wp-header-logo-55.png",290,290,false],"newsium-slider-full":["https:\/\/fmamiga909.com.ar\/wp-content\/uploads\/2026\/09\/wp-header-logo-55.png",290,290,false],"newsium-featured":["https:\/\/fmamiga909.com.ar\/wp-content\/uploads\/2026\/09\/wp-header-logo-55.png",290,290,false],"newsium-medium":["https:\/\/fmamiga909.com.ar\/wp-content\/uploads\/2026\/09\/wp-header-logo-55.png",290,290,false]},"author_info":{"display_name":"Fredy Giuliano","author_link":"https:\/\/fmamiga909.com.ar\/?author=3"},"category_info":"<a href=\"https:\/\/fmamiga909.com.ar\/?cat=21\" rel=\"category\">Deportes<\/a>","tag_info":"Deportes","comment_count":"0","_links":{"self":[{"href":"https:\/\/fmamiga909.com.ar\/index.php?rest_route=\/wp\/v2\/posts\/49665","targetHints":{"allow":["GET"]}}],"collection":[{"href":"https:\/\/fmamiga909.com.ar\/index.php?rest_route=\/wp\/v2\/posts"}],"about":[{"href":"https:\/\/fmamiga909.com.ar\/index.php?rest_route=\/wp\/v2\/types\/post"}],"author":[{"embeddable":true,"href":"https:\/\/fmamiga909.com.ar\/index.php?rest_route=\/wp\/v2\/users\/3"}],"replies":[{"embeddable":true,"href":"https:\/\/fmamiga909.com.ar\/index.php?rest_route=%2Fwp%2Fv2%2Fcomments&post=49665"}],"version-history":[{"count":0,"href":"https:\/\/fmamiga909.com.ar\/index.php?rest_route=\/wp\/v2\/posts\/49665\/revisions"}],"wp:featuredmedia":[{"embeddable":true,"href":"https:\/\/fmamiga909.com.ar\/index.php?rest_route=\/wp\/v2\/media\/49666"}],"wp:attachment":[{"href":"https:\/\/fmamiga909.com.ar\/index.php?rest_route=%2Fwp%2Fv2%2Fmedia&parent=49665"}],"wp:term":[{"taxonomy":"category","embeddable":true,"href":"https:\/\/fmamiga909.com.ar\/index.php?rest_route=%2Fwp%2Fv2%2Fcategories&post=49665"},{"taxonomy":"post_tag","embeddable":true,"href":"https:\/\/fmamiga909.com.ar\/index.php?rest_route=%2Fwp%2Fv2%2Ftags&post=49665"}],"curies":[{"name":"wp","href":"https:\/\/api.w.org\/{rel}","templated":true}]}}