{"id":49680,"date":"2026-09-03T17:16:01","date_gmt":"2026-09-03T17:16:01","guid":{"rendered":"https:\/\/fmamiga909.com.ar\/?p=49680"},"modified":"2026-09-03T17:16:01","modified_gmt":"2026-09-03T17:16:01","slug":"asi-se-juega-la-fecha-8-del-torneo-clausura-dias-horarios-y-como-ver-por-tv","status":"publish","type":"post","link":"https:\/\/fmamiga909.com.ar\/?p=49680","title":{"rendered":"As\u00ed se juega la fecha 8 del Torneo Clausura: d\u00edas, horarios y c\u00f3mo ver por TV"},"content":{"rendered":"<div id=\"storyBody\">\n<div id=\"element-body-0\" class=\"sc-df222161-0 hNvwjb\">\n<p>La s\u00e9ptima fecha del <strong><a href=\"https:\/\/www.ole.com.ar\/tema\/torneo-clausura.html\" title=\"Torneo Clausura\" alt=\"Torneo Clausura\" class=\"slug\">Torneo Clausura<\/a><\/strong> ya qued\u00f3 atr\u00e1s y dej\u00f3 a <strong><a href=\"https:\/\/www.ole.com.ar\/tema\/instituto-cordoba.html\" title=\"Instituto de C\u00f3rdoba\" alt=\"Instituto de C\u00f3rdoba\" class=\"slug\">Instituto<\/a><\/strong> y <strong><a href=\"https:\/\/www.ole.com.ar\/tema\/argentinos-juniors.html\" title=\"Argentinos Juniors\" alt=\"Argentinos Juniors\" class=\"slug\">Argentinos Juniors<\/a><\/strong> como los <a href=\"https:\/\/www.ole.com.ar\/futbol-primera\/torneo-clausura-tablas-posiciones-resultados-fecha-7-playoffs-instituto-argentinos-lideres-zonas_0_7HuyzpEaXC.html\" target=\"_blank\" title=\"l\u00edderes de sus respectivas zonas\" alt=\"l\u00edderes de sus respectivas zonas\">l\u00edderes de sus respectivas zonas<\/a>, ambos con 16 puntos. La Gloria manda en la Zona A, mientras que el Bicho se ubica en lo m\u00e1s alto de la Zona B. Ahora, la competencia continuar\u00e1 este viernes 4 de septiembre desde las 16:45, cuando se ponga en marcha la jornada 8. <strong>Ac\u00e1, todos los partidos, con sus respectivos d\u00edas, horarios, \u00e1rbitros y transmisiones de TV.<\/strong><\/p>\n<\/div>\n<p><h2><strong>Viernes 4 de septiembre<\/strong><\/h2>\n<\/p>\n<div id=\"element-body-2\" class=\"sc-df222161-0 hNvwjb\">\n<p><strong>16.45 Estudiantes (R\u00edo Cuarto) \u2013 Sarmiento<\/strong> (Zona B) &#8211; <strong>(ESPN Premium)<\/strong><\/p>\n<\/div>\n<div id=\"element-body-4\" class=\"sc-df222161-0 hNvwjb\">\n<p>Asistente 1: Dami\u00e1n Espinoza<\/p>\n<\/div>\n<div id=\"element-body-5\" class=\"sc-df222161-0 hNvwjb\">\n<p>Asistente 2: Mat\u00edas Bianchi<\/p>\n<\/div>\n<div id=\"element-body-6\" class=\"sc-df222161-0 hNvwjb\">\n<p>Cuarto \u00e1rbitro: Luis Mart\u00ednez<\/p>\n<\/div>\n<div id=\"element-body-8\" class=\"sc-df222161-0 hNvwjb\">\n<p>AVAR: Mauro Ramos Errasti<\/p>\n<\/div>\n<div id=\"element-body-9\" class=\"sc-df222161-0 hNvwjb\">\n<p><strong>19.00 Belgrano \u2013 Hurac\u00e1n<\/strong> (Zona B) &#8211; <strong> (ESPN Premium)<\/strong><\/p>\n<\/div>\n<div id=\"element-body-10\" class=\"sc-df222161-0 hNvwjb\">\n<p>\u00c1rbitro: Luis Lobo Medina<\/p>\n<\/div>\n<div id=\"element-body-11\" class=\"sc-df222161-0 hNvwjb\">\n<p>Asistente 1: Federico Cano<\/p>\n<\/div>\n<div id=\"element-body-12\" class=\"sc-df222161-0 hNvwjb\">\n<p>Asistente 2: Daniel Zamora<\/p>\n<\/div>\n<div id=\"element-body-13\" class=\"sc-df222161-0 hNvwjb\">\n<p>Cuarto \u00e1rbitro: Nelson Bejas<\/p>\n<\/div>\n<div id=\"element-body-14\" class=\"sc-df222161-0 hNvwjb\">\n<p>VAR: Maximiliano Macheroni<\/p>\n<\/div>\n<div id=\"element-body-16\" class=\"sc-df222161-0 hNvwjb\">\n<p><strong>19.00 Platense \u2013 Deportivo Riestra<\/strong> (Zona A) <strong>&#8211; (TNT Sports<\/strong>)<\/p>\n<\/div>\n<div id=\"element-body-17\" class=\"sc-df222161-0 hNvwjb\">\n<p>\u00c1rbitro: \u00c1lvaro Carranza<\/p>\n<\/div>\n<div id=\"element-body-18\" class=\"sc-df222161-0 hNvwjb\">\n<p>Asistente 1: Cristian Navarro<\/p>\n<\/div>\n<div id=\"element-body-19\" class=\"sc-df222161-0 hNvwjb\">\n<p>Asistente 2: Lucas V\u00e1zquez<\/p>\n<\/div>\n<div id=\"element-body-20\" class=\"sc-df222161-0 hNvwjb\">\n<p>Cuarto \u00e1rbitro: Maximiliano L\u00f3pez Monti<\/p>\n<\/div>\n<p><h2><strong>S\u00e1bado 5 de septiembre<\/strong><\/h2>\n<\/p>\n<div id=\"element-body-24\" class=\"sc-df222161-0 hNvwjb\">\n<p><strong>13.30 Aldosivi \u2013 Banfield<\/strong> (Zona B) &#8211; <strong>(ESPN Premium)<\/strong><\/p>\n<\/div>\n<div id=\"element-body-25\" class=\"sc-df222161-0 hNvwjb\">\n<p>\u00c1rbitro: Sebasti\u00e1n Mart\u00ednez<\/p>\n<\/div>\n<div id=\"element-body-27\" class=\"sc-df222161-0 hNvwjb\">\n<p>Asistente 2: Ram\u00f3n Ortiz<\/p>\n<\/div>\n<div id=\"element-body-28\" class=\"sc-df222161-0 hNvwjb\">\n<p>Cuarto \u00e1rbitro: Franco Mor\u00f3n<\/p>\n<\/div>\n<div id=\"element-body-31\" class=\"sc-df222161-0 hNvwjb\">\n<p><strong>14.30 Gimnasia \u2013 Tigre<\/strong> (Zona B) &#8211; <strong>(TNT Sports)<\/strong><\/p>\n<\/div>\n<div id=\"element-body-33\" class=\"sc-df222161-0 hNvwjb\">\n<p>Asistente 1: Juan Del Fueyo<\/p>\n<\/div>\n<div id=\"element-body-34\" class=\"sc-df222161-0 hNvwjb\">\n<p>Asistente 2: Marcelo Errante<\/p>\n<\/div>\n<div id=\"element-body-35\" class=\"sc-df222161-0 hNvwjb\">\n<p>Cuarto \u00e1rbitro: Jorge Broggi<\/p>\n<\/div>\n<div id=\"element-body-38\" class=\"sc-df222161-0 hNvwjb\">\n<p><strong>16.30 Gimnasia (Mza.) \u2013 Boca<\/strong> (Zona A) <strong>&#8211; (ESPN Premium)<\/strong><\/p>\n<\/div>\n<div class=\"sc-c0843421-0 iNysjD image-embed\" id=\"element-body-40\"><img alt=\"Dar\u00edo Herrera dirigir\u00e1 Gimnasia de Mendoza - Boca.\" loading=\"lazy\" width=\"720\" height=\"100\" decoding=\"async\" data-nimg=\"1\" style=\"color:transparent\" src=\"https:\/\/fmamiga909.com.ar\/wp-content\/uploads\/2026\/09\/OYuXmAg90_720x0__1.jpg\"\/><span class=\"epigraphe\">Dar\u00edo Herrera dirigir\u00e1 Gimnasia de Mendoza &#8211; Boca.<\/span><\/div>\n<div id=\"element-body-41\" class=\"sc-df222161-0 hNvwjb\">\n<p>Asistente 1: Facundo Rodr\u00edguez<\/p>\n<\/div>\n<div id=\"element-body-42\" class=\"sc-df222161-0 hNvwjb\">\n<p>Asistente 2: Diego Mart\u00edn<\/p>\n<\/div>\n<div id=\"element-body-43\" class=\"sc-df222161-0 hNvwjb\">\n<p>Cuarto \u00e1rbitro: Agust\u00edn Vegetti<\/p>\n<\/div>\n<div id=\"element-body-46\" class=\"sc-df222161-0 hNvwjb\">\n<p><strong>19.00 San Lorenzo \u2013 Talleres<\/strong> (Zona A) &#8211; <strong>(TNT Sports)<\/strong><\/p>\n<\/div>\n<div id=\"element-body-47\" class=\"sc-df222161-0 hNvwjb\">\n<p>\u00c1rbitro: Fernando Echenique<\/p>\n<\/div>\n<div id=\"element-body-48\" class=\"sc-df222161-0 hNvwjb\">\n<p>Asistente 1: Agust\u00edn M\u00e9ndez<\/p>\n<\/div>\n<div id=\"element-body-49\" class=\"sc-df222161-0 hNvwjb\">\n<p>Asistente 2: Uriel Garc\u00eda Leri<\/p>\n<\/div>\n<div id=\"element-body-50\" class=\"sc-df222161-0 hNvwjb\">\n<p>Cuarto \u00e1rbitro: Mart\u00edn Desp\u00f3sito<\/p>\n<\/div>\n<div id=\"element-body-53\" class=\"sc-df222161-0 hNvwjb\">\n<p><strong>21.15 V\u00e9lez \u2013 Estudiantes<\/strong> (Zona A) <strong>&#8211; (ESPN Premium)<\/strong><\/p>\n<\/div>\n<div id=\"element-body-55\" class=\"sc-df222161-0 hNvwjb\">\n<p>Asistente 1: Sebasti\u00e1n Raineri<\/p>\n<\/div>\n<div id=\"element-body-56\" class=\"sc-df222161-0 hNvwjb\">\n<p>Asistente 2: Pablo Gualtieri<\/p>\n<\/div>\n<div id=\"element-body-57\" class=\"sc-df222161-0 hNvwjb\">\n<p>Cuarto \u00e1rbitro: Ramiro Maglio<\/p>\n<\/div>\n<p><h2><strong>Domingo 6 de septiembre<\/strong><\/h2>\n<\/p>\n<div id=\"element-body-61\" class=\"sc-df222161-0 hNvwjb\">\n<p><strong>14.45 Rosario Central \u2013 Newell&#8217;s<\/strong> (Interzonal) <strong> &#8211; (TNT Sports)<\/strong><\/p>\n<\/div>\n<div id=\"element-body-62\" class=\"sc-df222161-0 hNvwjb\">\n<p>\u00c1rbitro: Yael Falc\u00f3n P\u00e9rez<\/p>\n<\/div>\n<div class=\"sc-c0843421-0 iNysjD image-embed\" id=\"element-body-63\"><img alt=\" Falc\u00f3n P\u00e9rez en el cl\u00e1sico rosarino.\" loading=\"lazy\" width=\"720\" height=\"100\" decoding=\"async\" data-nimg=\"1\" style=\"color:transparent\" src=\"https:\/\/fmamiga909.com.ar\/wp-content\/uploads\/2026\/09\/U3xVrBxQ6_720x0__1.jpg\"\/><span class=\"epigraphe\"> Falc\u00f3n P\u00e9rez en el cl\u00e1sico rosarino.<\/span><\/div>\n<div id=\"element-body-64\" class=\"sc-df222161-0 hNvwjb\">\n<p>Asistente 1: Miguel Savorani<\/p>\n<\/div>\n<div id=\"element-body-65\" class=\"sc-df222161-0 hNvwjb\">\n<p>Asistente 2: Pablo Gonz\u00e1lez<\/p>\n<\/div>\n<div id=\"element-body-66\" class=\"sc-df222161-0 hNvwjb\">\n<p>Cuarto \u00e1rbitro: Leandro Rey Hilfer<\/p>\n<\/div>\n<div id=\"element-body-69\" class=\"sc-df222161-0 hNvwjb\">\n<p><strong>17.00 Lan\u00fas \u2013 Defensa y Justicia<\/strong> (Zona A) <strong>&#8211; (ESPN Premium)<\/strong><\/p>\n<\/div>\n<div id=\"element-body-71\" class=\"sc-df222161-0 hNvwjb\">\n<p>Asistente 1: Marcelo Bistocco<\/p>\n<\/div>\n<div id=\"element-body-72\" class=\"sc-df222161-0 hNvwjb\">\n<p>Asistente 2: Ernesto Callegari<\/p>\n<\/div>\n<div id=\"element-body-73\" class=\"sc-df222161-0 hNvwjb\">\n<p>Cuarto \u00e1rbitro: Valent\u00edn Pompei<\/p>\n<\/div>\n<div id=\"element-body-75\" class=\"sc-df222161-0 hNvwjb\">\n<p>AVAR: Maximiliano L\u00f3pez Monti<\/p>\n<\/div>\n<div id=\"element-body-76\" class=\"sc-df222161-0 hNvwjb\">\n<p><strong>17.00 Central C\u00f3rdoba \u2013 Independiente<\/strong> (Zona A) <strong> &#8211; (TNT Sports)<\/strong><\/p>\n<\/div>\n<div id=\"element-body-77\" class=\"sc-df222161-0 hNvwjb\">\n<p>\u00c1rbitro: Andr\u00e9s Gariano<\/p>\n<\/div>\n<div id=\"element-body-78\" class=\"sc-df222161-0 hNvwjb\">\n<p>Asistente 1: Jos\u00e9 Castelli<\/p>\n<\/div>\n<div id=\"element-body-79\" class=\"sc-df222161-0 hNvwjb\">\n<p>Asistente 2: Marcos Horticolou<\/p>\n<\/div>\n<div id=\"element-body-80\" class=\"sc-df222161-0 hNvwjb\">\n<p>Cuarto \u00e1rbitro: Kevin Bustos<\/p>\n<\/div>\n<div id=\"element-body-81\" class=\"sc-df222161-0 hNvwjb\">\n<p>VAR: Gast\u00f3n Mons\u00f3n Brizuela<\/p>\n<\/div>\n<div id=\"element-body-83\" class=\"sc-df222161-0 hNvwjb\">\n<p><strong>19.15 River \u2013 Independiente Rivadavia Mza.<\/strong> (Zona B) <strong> &#8211; (TNT Sports)<\/strong><\/p>\n<\/div>\n<div id=\"element-body-84\" class=\"sc-df222161-0 hNvwjb\">\n<p>\u00c1rbitro: Nicol\u00e1s Ram\u00edrez<\/p>\n<\/div>\n<div id=\"element-body-85\" class=\"sc-df222161-0 hNvwjb\">\n<p>Asistente 1: Diego Bonf\u00e1<\/p>\n<\/div>\n<div id=\"element-body-86\" class=\"sc-df222161-0 hNvwjb\">\n<p>Asistente 2: Erik Grunmann<\/p>\n<\/div>\n<div id=\"element-body-87\" class=\"sc-df222161-0 hNvwjb\">\n<p>Cuarto \u00e1rbitro: Juan Cruz Robledo<\/p>\n<\/div>\n<div id=\"element-body-88\" class=\"sc-df222161-0 hNvwjb\">\n<p>VAR: Hern\u00e1n Mastr\u00e1ngelo<\/p>\n<\/div>\n<div id=\"element-body-90\" class=\"sc-df222161-0 hNvwjb\">\n<p><strong>21.30 Racing \u2013 Atl\u00e9tico Tucum\u00e1n<\/strong> (Zona B) &#8211; <strong> (ESPN Premium)<\/strong><\/p>\n<\/div>\n<div id=\"element-body-91\" class=\"sc-df222161-0 hNvwjb\">\n<p>\u00c1rbitro: Pablo Echavarr\u00eda<\/p>\n<\/div>\n<div id=\"element-body-93\" class=\"sc-df222161-0 hNvwjb\">\n<p>Asistente 2: Mariana De Almeida<\/p>\n<\/div>\n<div id=\"element-body-94\" class=\"sc-df222161-0 hNvwjb\">\n<p>Cuarto \u00e1rbitro: Ignacio Cuicchi<\/p>\n<\/div>\n<p><h2><strong>Lunes 7 de septiembre<\/strong><\/h2>\n<\/p>\n<div id=\"element-body-98\" class=\"sc-df222161-0 hNvwjb\">\n<p><strong>19.00 Barracas Central \u2013 Argentinos <\/strong>(Zona B) &#8211; <strong>(ESPN Premium)<\/strong><\/p>\n<\/div>\n<div id=\"element-body-99\" class=\"sc-df222161-0 hNvwjb\">\n<p>\u00c1rbitro: Leandro Rey Hilfer<\/p>\n<\/div>\n<div id=\"element-body-100\" class=\"sc-df222161-0 hNvwjb\">\n<p>Asistente 1: Pablo Acevedo<\/p>\n<\/div>\n<div id=\"element-body-101\" class=\"sc-df222161-0 hNvwjb\">\n<p>Asistente 2: Iv\u00e1n Aliende<\/p>\n<\/div>\n<div id=\"element-body-102\" class=\"sc-df222161-0 hNvwjb\">\n<p>Cuarto \u00e1rbitro: Valent\u00edn Bocaccia<\/p>\n<\/div>\n<div id=\"element-body-105\" class=\"sc-df222161-0 hNvwjb\">\n<p><strong>21.15 Uni\u00f3n \u2013 Instituto<\/strong> (Zona A) &#8211; <strong>(TNT Sports)<\/strong><\/p>\n<\/div>\n<div id=\"element-body-106\" class=\"sc-df222161-0 hNvwjb\">\n<p>\u00c1rbitro: Nicol\u00e1s Lamolina<\/p>\n<\/div>\n<div id=\"element-body-107\" class=\"sc-df222161-0 hNvwjb\">\n<p>Asistente 1: Adri\u00e1n Delbarba<\/p>\n<\/div>\n<div id=\"element-body-108\" class=\"sc-df222161-0 hNvwjb\">\n<p>Asistente 2: Javier Mihura<\/p>\n<\/div>\n<div id=\"element-body-109\" class=\"sc-df222161-0 hNvwjb\">\n<p>Cuarto \u00e1rbitro: Guillermo Gonz\u00e1lez<\/p>\n<\/div>\n<div id=\"element-body-112\" class=\"sc-a7166897-0 eTTZWU\"><a href=\"https:\/\/www.ole.com.ar\/huracan\/ignacio-pussetto-huracan-fractura-mano_0_Jp1TDQt5ty.html\" aria-label=\"Un nuevo golpe para Hurac\u00e1n: se fractur\u00f3 Pussetto\" class=\"sc-d4f573e5-0 bUEDsN\"\/><\/p>\n<section><picture><img alt=\"Un nuevo golpe para Hurac\u00e1n: se fractur\u00f3 Pussetto\" loading=\"lazy\" width=\"290\" height=\"290\" decoding=\"async\" data-nimg=\"1\" style=\"color:transparent\" src=\"https:\/\/fmamiga909.com.ar\/wp-content\/uploads\/2026\/09\/zVq9hbnZ9_290x290__1.jpg\"\/><\/picture>\n<p><span>Mir\u00e1 tambi\u00e9n<\/span><\/p>\n<hr\/>\n<h3>Un nuevo golpe para Hurac\u00e1n: se fractur\u00f3 Pussetto<\/h3>\n<\/p>\n<\/section>\n<\/div>\n<div id=\"element-body-113\" class=\"sc-a7166897-0 eTTZWU\"><a href=\"https:\/\/www.ole.com.ar\/futbol-primera\/tremendo-contraste-river-boca-definicion-penales-tanda-montero-bletran-karma-suerte_0_YuXVUoLrRW.html\" aria-label=\"El tremendo contraste de River y Boca en penales: el karma de uno es la felicidad del otro\" class=\"sc-d4f573e5-0 bUEDsN\"\/><\/p>\n<section><picture><img alt=\"El tremendo contraste de River y Boca en penales: el karma de uno es la felicidad del otro\" loading=\"lazy\" width=\"290\" height=\"290\" decoding=\"async\" data-nimg=\"1\" style=\"color:transparent\" src=\"https:\/\/fmamiga909.com.ar\/wp-content\/uploads\/2026\/09\/1788455760_872_THnWfXqW3_290x290__1.jpg\"\/><\/picture>\n<p><span>Mir\u00e1 tambi\u00e9n<\/span><\/p>\n<hr\/>\n<h3>El tremendo contraste de River y Boca en penales: el karma de uno es la felicidad del otro<\/h3>\n<\/p>\n<\/section>\n<\/div>\n<div id=\"element-body-114\" class=\"sc-a7166897-0 eTTZWU\"><a href=\"https:\/\/www.ole.com.ar\/seleccion\/fecha-fifa-primera-post-mundial-amistosos-conmebol-argentina_0_KwShzb8oLN.html\" aria-label=\"A la espera de Argentina, los 24 amistosos de las selecciones Conmebol en la fecha FIFA\" class=\"sc-d4f573e5-0 bUEDsN\"\/><\/p>\n<section><picture><img alt=\"A la espera de Argentina, los 24 amistosos de las selecciones Conmebol en la fecha FIFA\" loading=\"lazy\" width=\"290\" height=\"290\" decoding=\"async\" data-nimg=\"1\" style=\"color:transparent\" src=\"https:\/\/fmamiga909.com.ar\/wp-content\/uploads\/2026\/09\/K97pjUnyf_290x290__1.jpg\"\/><\/picture>\n<p><span>Mir\u00e1 tambi\u00e9n<\/span><\/p>\n<hr\/>\n<h3>A la espera de Argentina, los 24 amistosos de las selecciones Conmebol en la fecha FIFA<\/h3>\n<\/p>\n<\/section>\n<\/div>\n<div id=\"element-body-115\" class=\"sc-a7166897-0 eTTZWU\"><a href=\"https:\/\/www.ole.com.ar\/seleccion\/efecto-mundial-2026-fifa-jugadores-selecciones-cambiaron-equipo-impacto-mercado-pases-argentinos_0_I970rZr0lR.html\" aria-label=\"Efecto Mundial 2026: con 12 argentinos, 267 jugadores de 47 selecciones cambiaron de equipo&#10;\" class=\"sc-d4f573e5-0 bUEDsN\"\/><\/p>\n<section><picture><img alt=\"Efecto Mundial 2026: con 12 argentinos, 267 jugadores de 47 selecciones cambiaron de equipo&#10;\" loading=\"lazy\" width=\"290\" height=\"290\" decoding=\"async\" data-nimg=\"1\" style=\"color:transparent\" src=\"https:\/\/fmamiga909.com.ar\/wp-content\/uploads\/2026\/09\/1788455760_983_TeI60Nx7v_290x290__1.jpg\"\/><\/picture>\n<p><span>Mir\u00e1 tambi\u00e9n<\/span><\/p>\n<hr\/>\n<h3>Efecto Mundial 2026: con 12 argentinos, 267 jugadores de 47 selecciones cambiaron de equipo<br \/>\n<\/h3>\n<\/p>\n<\/section>\n<\/div>\n<div id=\"element-body-116\" class=\"sc-a7166897-0 eTTZWU\"><a href=\"https:\/\/www.ole.com.ar\/boca-juniors\/gesto-juan-roman-riquelme-alvaro-montero-figura-boca-velez-penales-copa-argentina_0_TwuU7LVmwR.html\" aria-label=\"El gesto de Riquelme con Montero luego de ser figura ante V\u00e9lez\" class=\"sc-d4f573e5-0 bUEDsN\"\/><\/p>\n<section><picture><img alt=\"El gesto de Riquelme con Montero luego de ser figura ante V\u00e9lez\" loading=\"lazy\" width=\"290\" height=\"290\" decoding=\"async\" data-nimg=\"1\" style=\"color:transparent\" src=\"https:\/\/fmamiga909.com.ar\/wp-content\/uploads\/2026\/09\/1788455760_839_mKxb83gS3_290x290__1.jpg\"\/><\/picture>\n<p><span>Mir\u00e1 tambi\u00e9n<\/span><\/p>\n<hr\/>\n<h3>El gesto de Riquelme con Montero luego de ser figura ante V\u00e9lez<\/h3>\n<\/p>\n<\/section>\n<\/div>\n<div id=\"element-body-117\" class=\"sc-a7166897-0 eTTZWU\"><a href=\"https:\/\/www.ole.com.ar\/river-plate\/river-plate-agustin-rossi-respaldo-flamengo-joaquin-freitas_0_IQDb1U6WNI.html\" aria-label=\"El espaldarazo de un ex Boca a Freitas tras dejar River: &quot;Hay que tenerle paciencia...&quot;\" class=\"sc-d4f573e5-0 bUEDsN\"\/><\/p>\n<section><picture><img alt=\"El espaldarazo de un ex Boca a Freitas tras dejar River: &quot;Hay que tenerle paciencia...&quot;\" loading=\"lazy\" width=\"290\" height=\"290\" decoding=\"async\" data-nimg=\"1\" style=\"color:transparent\" src=\"https:\/\/fmamiga909.com.ar\/wp-content\/uploads\/2026\/09\/WFyZMvqsK_290x290__1.jpg\"\/><\/picture>\n<p><span>Mir\u00e1 tambi\u00e9n<\/span><\/p>\n<hr\/>\n<h3>El espaldarazo de un ex Boca a Freitas tras dejar River: \u00abHay que tenerle paciencia&#8230;\u00bb<\/h3>\n<\/p>\n<\/section>\n<\/div>\n<div id=\"element-body-118\" class=\"sc-a7166897-0 eTTZWU\"><a href=\"https:\/\/www.ole.com.ar\/seleccion\/campeones-mundo-carlos-bilardo-visita-ruggeri-giusti-tapia-batista_0_Sh3OA7D061.html\" aria-label=\"Los campeones del 86 y una nueva visita a Bilardo \" class=\"sc-d4f573e5-0 bUEDsN\"\/><\/p>\n<section><picture><img alt=\"Los campeones del 86 y una nueva visita a Bilardo \" loading=\"lazy\" width=\"290\" height=\"290\" decoding=\"async\" data-nimg=\"1\" style=\"color:transparent\" src=\"https:\/\/fmamiga909.com.ar\/wp-content\/uploads\/2026\/09\/1788455761_639_GeJGwbLGH_290x290__1.jpg\"\/><\/picture>\n<p><span>Mir\u00e1 tambi\u00e9n<\/span><\/p>\n<hr\/>\n<h3>Los campeones del 86 y una nueva visita a Bilardo <\/h3>\n<\/p>\n<\/section>\n<\/div>\n<\/div>\n<p><a href=\"https:\/\/www.ole.com.ar\/futbol-primera\/juega-fecha-8-torneo-clausura-liga-profesional-dias-horarios-arbitros-ver-tv-transmision-espn-premium-tnt-sports_0_fngYBOSQSF.html\">source<\/a><\/p>\n","protected":false},"excerpt":{"rendered":"<p>La s\u00e9ptima fecha del Torneo Clausura ya qued\u00f3 atr\u00e1s y dej\u00f3 a Instituto y Argentinos&#8230;<\/p>\n","protected":false},"author":3,"featured_media":49681,"comment_status":"closed","ping_status":"closed","sticky":false,"template":"","format":"standard","meta":{"footnotes":""},"categories":[21],"tags":[],"class_list":["post-49680","post","type-post","status-publish","format-standard","has-post-thumbnail","hentry","category-deportes"],"featured_image_urls":{"full":["https:\/\/fmamiga909.com.ar\/wp-content\/uploads\/2026\/09\/wp-header-logo-57.png",720,480,false],"thumbnail":["https:\/\/fmamiga909.com.ar\/wp-content\/uploads\/2026\/09\/wp-header-logo-57-150x150.png",150,150,true],"medium":["https:\/\/fmamiga909.com.ar\/wp-content\/uploads\/2026\/09\/wp-header-logo-57-300x200.png",300,200,true],"medium_large":["https:\/\/fmamiga909.com.ar\/wp-content\/uploads\/2026\/09\/wp-header-logo-57.png",720,480,false],"large":["https:\/\/fmamiga909.com.ar\/wp-content\/uploads\/2026\/09\/wp-header-logo-57.png",640,427,false],"1536x1536":["https:\/\/fmamiga909.com.ar\/wp-content\/uploads\/2026\/09\/wp-header-logo-57.png",720,480,false],"2048x2048":["https:\/\/fmamiga909.com.ar\/wp-content\/uploads\/2026\/09\/wp-header-logo-57.png",720,480,false],"newsium-slider-full":["https:\/\/fmamiga909.com.ar\/wp-content\/uploads\/2026\/09\/wp-header-logo-57.png",720,480,false],"newsium-featured":["https:\/\/fmamiga909.com.ar\/wp-content\/uploads\/2026\/09\/wp-header-logo-57.png",720,480,false],"newsium-medium":["https:\/\/fmamiga909.com.ar\/wp-content\/uploads\/2026\/09\/wp-header-logo-57-720x475.png",720,475,true]},"author_info":{"display_name":"Fredy Giuliano","author_link":"https:\/\/fmamiga909.com.ar\/?author=3"},"category_info":"<a href=\"https:\/\/fmamiga909.com.ar\/?cat=21\" rel=\"category\">Deportes<\/a>","tag_info":"Deportes","comment_count":"0","_links":{"self":[{"href":"https:\/\/fmamiga909.com.ar\/index.php?rest_route=\/wp\/v2\/posts\/49680","targetHints":{"allow":["GET"]}}],"collection":[{"href":"https:\/\/fmamiga909.com.ar\/index.php?rest_route=\/wp\/v2\/posts"}],"about":[{"href":"https:\/\/fmamiga909.com.ar\/index.php?rest_route=\/wp\/v2\/types\/post"}],"author":[{"embeddable":true,"href":"https:\/\/fmamiga909.com.ar\/index.php?rest_route=\/wp\/v2\/users\/3"}],"replies":[{"embeddable":true,"href":"https:\/\/fmamiga909.com.ar\/index.php?rest_route=%2Fwp%2Fv2%2Fcomments&post=49680"}],"version-history":[{"count":0,"href":"https:\/\/fmamiga909.com.ar\/index.php?rest_route=\/wp\/v2\/posts\/49680\/revisions"}],"wp:featuredmedia":[{"embeddable":true,"href":"https:\/\/fmamiga909.com.ar\/index.php?rest_route=\/wp\/v2\/media\/49681"}],"wp:attachment":[{"href":"https:\/\/fmamiga909.com.ar\/index.php?rest_route=%2Fwp%2Fv2%2Fmedia&parent=49680"}],"wp:term":[{"taxonomy":"category","embeddable":true,"href":"https:\/\/fmamiga909.com.ar\/index.php?rest_route=%2Fwp%2Fv2%2Fcategories&post=49680"},{"taxonomy":"post_tag","embeddable":true,"href":"https:\/\/fmamiga909.com.ar\/index.php?rest_route=%2Fwp%2Fv2%2Ftags&post=49680"}],"curies":[{"name":"wp","href":"https:\/\/api.w.org\/{rel}","templated":true}]}}