{"id":49687,"date":"2026-09-03T17:24:27","date_gmt":"2026-09-03T17:24:27","guid":{"rendered":"https:\/\/fmamiga909.com.ar\/?p=49687"},"modified":"2026-09-03T17:24:27","modified_gmt":"2026-09-03T17:24:27","slug":"que-dijo-gasly-sobre-la-renovacion-de-colapinto-en-alpine-y-su-futuro-juntos","status":"publish","type":"post","link":"https:\/\/fmamiga909.com.ar\/?p=49687","title":{"rendered":"Qu\u00e9 dijo Gasly sobre la renovaci\u00f3n de Colapinto en Alpine y su futuro juntos"},"content":{"rendered":"<div id=\"storyBody\">\n<div id=\"element-body-0\" class=\"sc-df222161-0 hNvwjb\">\n<p><strong><a href=\"https:\/\/www.ole.com.ar\/tema\/pierre-gasly.html\" title=\"Pierre Gasly\" alt=\"Pierre Gasly\" class=\"slug\">Pierre Gasly<\/a><\/strong> recibi\u00f3 con satisfacci\u00f3n <strong><a href=\"https:\/\/www.ole.com.ar\/autos\/oficial-franco-colapinto-continuara-alpine-2027_0_W1xvcfKzRR.html\" target=\"_self\" title=\" la continuidad de Franco Colapinto en Alpine\" alt=\" la continuidad de Franco Colapinto en Alpine\"> la continuidad de Franco Colapinto en Alpine<\/a><\/strong>. El piloto franc\u00e9s habl\u00f3 en la previa del Gran Premio de Italia y valor\u00f3 especialmente el v\u00ednculo que construyeron dentro del equipo, adem\u00e1s del crecimiento que tuvo el argentino desde su llegada a la escuder\u00eda. <strong>\u00abMe alegro por Franco. Creo que estamos trabajando bien juntos con el equipo<\/strong>, en la manera en que estamos haciendo avanzar al equipo y en la din\u00e1mica que tenemos\u00bb, expres\u00f3.<\/p>\n<\/div>\n<div id=\"element-body-1\" class=\"sc-df222161-0 hNvwjb\">\n<p>Gasly tambi\u00e9n destac\u00f3 la evoluci\u00f3n de su compa\u00f1ero desde su llegada a Alpine. \u00bb <strong>Creo que \u00e9l ha aprendido mucho durante estos \u00faltimos dos a\u00f1os en la F\u00f3rmula 1 y s\u00ed, me alegro por \u00e9l. Espero que podamos seguir aportando puntos al equipo y ofreciendo el mejor rendimiento<\/strong>\u00ab, agreg\u00f3.<\/p>\n<\/div>\n<div class=\"sc-c0843421-0 iNysjD image-embed\" id=\"element-body-2\"><img alt=\"Gasly y Colapinto. (foto: Reuter) \" loading=\"lazy\" width=\"720\" height=\"100\" decoding=\"async\" data-nimg=\"1\" style=\"color:transparent\" src=\"https:\/\/fmamiga909.com.ar\/wp-content\/uploads\/2026\/09\/uC8DImI4p_720x0__1.jpg\"\/><span class=\"epigraphe\">Gasly y Colapinto. (foto: Reuter) <\/span><\/div>\n<div id=\"element-body-3\" class=\"sc-df222161-0 hNvwjb\">\n<p>La confirmaci\u00f3n de la continuidad de Franco llega en un momento en el que Alpine busca volver a posicionarse como el quinto mejor equipo de la F\u00f3rmula 1. El franc\u00e9s consider\u00f3 que la escuder\u00eda dio un paso adelante en las \u00faltimas carreras y se mostr\u00f3 optimista de cara a lo que viene.<\/p>\n<\/div>\n<p><h2><strong>Gasly, conforme con las mejoras de Alpine<\/strong><\/h2>\n<\/p>\n<div id=\"element-body-5\" class=\"sc-df222161-0 hNvwjb\">\n<p>El piloto franc\u00e9s tambi\u00e9n se refiri\u00f3 al rendimiento que mostr\u00f3 el A526 en Zandvoort, donde Alpine logr\u00f3 sumar puntos con sus dos autos. Gasly termin\u00f3 octavo en la carrera Sprint y d\u00e9cimo en el Gran Premio de Pa\u00edses Bajos, resultados que le permitieron sacar conclusiones positivas sobre las \u00faltimas modificaciones incorporadas al monoplaza.<\/p>\n<\/div>\n<div id=\"element-body-6\" class=\"sc-df222161-0 hNvwjb\">\n<p><strong>\u00abFue un buen paso adelante en Zandvoort. Terminamos octavos en la Sprint y d\u00e9cimos el domingo<\/strong>. Creo que fue complicado realmente sacarles el m\u00e1ximo provecho, al ser un fin de semana con formato Sprint. Pero creo que aprendimos mucho y me siento m\u00e1s c\u00f3modo en el coche, con m\u00e1s potencial\u00bb, explic\u00f3.<\/p>\n<\/div>\n<div id=\"element-body-7\" class=\"sc-df222161-0 hNvwjb\">\n<p>Adem\u00e1s, Gasly se\u00f1al\u00f3 que Alpine hab\u00eda quedado relegado fuera de la lucha por los puntos antes del receso de mitad de temporada, pero que el panorama comenz\u00f3 a cambiar despu\u00e9s de las \u00faltimas actualizaciones.<\/p>\n<\/div>\n<div id=\"element-body-8\" class=\"sc-df222161-0 hNvwjb\">\n<p><strong>\u00abSiento que antes del verano hab\u00edamos quedado por detr\u00e1s del top 10 y no ten\u00edamos todo el potencial para luchar por los puntos. Y ahora estamos nuevamente ah\u00ed arriba<\/strong>. As\u00ed que s\u00ed, estoy entusiasmado y con ganas de que llegue este fin de semana\u00bb, afirm\u00f3.<\/p>\n<\/div>\n<div class=\"sc-c0843421-0 iNysjD image-embed\" id=\"element-body-9\"><img alt=\"Pierre Gasly, Franco Colapinto y Flavio Briatore.\" loading=\"lazy\" width=\"720\" height=\"100\" decoding=\"async\" data-nimg=\"1\" style=\"color:transparent\" src=\"https:\/\/fmamiga909.com.ar\/wp-content\/uploads\/2026\/09\/pZTx8wiZa_720x0__1.jpg\"\/><span class=\"epigraphe\">Pierre Gasly, Franco Colapinto y Flavio Briatore.<\/span><\/div>\n<div id=\"element-body-10\" class=\"sc-df222161-0 hNvwjb\">\n<p>En Monza, adem\u00e1s, las mejoras que el equipo estren\u00f3 en Pa\u00edses Bajos estar\u00e1n tambi\u00e9n disponibles para Colapinto. Ser\u00e1 una nueva oportunidad para que el argentino pueda continuar con su adaptaci\u00f3n al auto y aprovechar los avances que Alpine consigui\u00f3 durante las \u00faltimas fechas.<\/p>\n<\/div>\n<p><h2><strong>Colapinto seguir\u00e1 en Alpine en 2027<\/strong><\/h2>\n<\/p>\n<div id=\"element-body-12\" class=\"sc-df222161-0 hNvwjb\">\n<p>Las palabras de Gasly llegaron d\u00edas despu\u00e9s de que <strong><a href=\"https:\/\/www.ole.com.ar\/autos\/video-alegria-franco-colapinto-confirmacion-ppiloto-titular-alpine-2027-formula-1-apoyo-argentinso-darles-merecen_0_4nXgWjoo2Q.html\" target=\"_self\" title=\"Alpine confirmara oficialmente la continuidad de Colapinto\" alt=\"Alpine confirmara oficialmente la continuidad de Colapinto\">Alpine confirmara oficialmente la continuidad de Colapinto<\/a><\/strong> como piloto titular para la temporada 2027. De esta manera, el argentino seguir\u00e1 compartiendo equipo con el franc\u00e9s por tercer a\u00f1o consecutivo.<\/p>\n<\/div>\n<div id=\"element-body-13\" class=\"sc-df222161-0 hNvwjb\">\n<p><strong>La escuder\u00eda hizo oficial la noticia con un video protagonizado por <a href=\"https:\/\/www.ole.com.ar\/tema\/flavio-briatore.html\" title=\"Flavio Briatore\" alt=\"Flavio Briatore\" class=\"slug\">Flavio Briatore<\/a>, Gasly, Colapinto y Steve Nielsen. <\/strong> En la escena, los cuatro aparecen reunidos alrededor de un cuadro que representa la alineaci\u00f3n de Alpine. Cuando Briatore comienza a hablar sobre la formaci\u00f3n de 2027, Colapinto interrumpe para preguntar si \u00e9l tambi\u00e9n formar\u00e1 parte del equipo.<\/p>\n<\/div>\n<div id=\"element-body-14\" class=\"sc-df222161-0 hNvwjb\">\n<p>\u00ab\u00bfQuer\u00e9s estar en 2027?\u00bb, le responde Briatore. \u00ab\u00a1S\u00ed! Por favor\u00bb contesta el argentino. Entonces, el asesor ejecutivo de Alpine confirma la decisi\u00f3n y agrega: \u00abNos quedamos con estos mismos para 2026 y 2027\u00bb.<\/p>\n<\/div>\n<div id=\"element-body-15\" class=\"sc-df222161-0 hNvwjb\">\n<p>La continuidad del pilarense supone el cierre de una etapa de incertidumbre sobre su futuro. Alpine destac\u00f3 oficialmente su crecimiento durante la temporada y remarc\u00f3 que ya sum\u00f3 19 puntos en 2026, adem\u00e1s de conseguir sus mejores resultados en la categor\u00eda con un s\u00e9ptimo puesto en Miami y un sexto lugar en Canad\u00e1. <\/p>\n<\/div>\n<div id=\"element-body-17\" class=\"sc-a7166897-0 eTTZWU\"><a href=\"https:\/\/www.ole.com.ar\/autos\/franco-colapinto-charla-presidente-fia-buenos-aires-regreso-formula-1-argentina-carrera-mohammed-ben-sulayen_0_qyzl49bIcT.html\" aria-label=\"La charla de Franco Colapinto con el presidente de la FIA durante su visita a Buenos Aires\" class=\"sc-d4f573e5-0 bUEDsN\"\/><\/p>\n<section><picture><img alt=\"La charla de Franco Colapinto con el presidente de la FIA durante su visita a Buenos Aires\" loading=\"lazy\" width=\"290\" height=\"290\" decoding=\"async\" data-nimg=\"1\" style=\"color:transparent\" src=\"https:\/\/fmamiga909.com.ar\/wp-content\/uploads\/2026\/09\/C1T1MUDDJ_290x290__1.jpg\"\/><\/picture>\n<p><span>Mir\u00e1 tambi\u00e9n<\/span><\/p>\n<hr\/>\n<h3>La charla de Franco Colapinto con el presidente de la FIA durante su visita a Buenos Aires<\/h3>\n<\/p>\n<\/section>\n<\/div>\n<div id=\"element-body-18\" class=\"sc-a7166897-0 eTTZWU\"><a href=\"https:\/\/www.ole.com.ar\/autos\/fia-gpdeitalia-monza-protocoloespecial-riesgoporcalor-altastemperaturas-circuitodemonza-asfalto-serviciometeorologico_0_ynOZYzfCpx.html\" aria-label=\"Atenci\u00f3n Colapinto: la FIA declar\u00f3 riesgo por calor para el Gran Premio de Italia en Monza\" class=\"sc-d4f573e5-0 bUEDsN\"\/><\/p>\n<section><picture><img alt=\"Atenci\u00f3n Colapinto: la FIA declar\u00f3 riesgo por calor para el Gran Premio de Italia en Monza\" loading=\"lazy\" width=\"290\" height=\"290\" decoding=\"async\" data-nimg=\"1\" style=\"color:transparent\" src=\"https:\/\/fmamiga909.com.ar\/wp-content\/uploads\/2026\/09\/29zqnhHA8_290x290__1.jpg\"\/><\/picture>\n<p><span>Mir\u00e1 tambi\u00e9n<\/span><\/p>\n<hr\/>\n<h3>Atenci\u00f3n Colapinto: la FIA declar\u00f3 riesgo por calor para el Gran Premio de Italia en Monza<\/h3>\n<\/p>\n<\/section>\n<\/div>\n<div id=\"element-body-19\" class=\"sc-a7166897-0 eTTZWU\"><a href=\"https:\/\/www.ole.com.ar\/autos\/francocolapinto-rayomcqueen-alpine-formula1_0_G8NIMJ2iBp.html\" aria-label=\"El divertido blooper de Franco Colapinto con el Rayo McQueen en su llegada a Monza\" class=\"sc-d4f573e5-0 bUEDsN\"\/><\/p>\n<section><picture><img alt=\"El divertido blooper de Franco Colapinto con el Rayo McQueen en su llegada a Monza\" loading=\"lazy\" width=\"290\" height=\"290\" decoding=\"async\" data-nimg=\"1\" style=\"color:transparent\" src=\"https:\/\/fmamiga909.com.ar\/wp-content\/uploads\/2026\/09\/RjNqqoF68_290x290__1.jpg\"\/><\/picture>\n<p><span>Mir\u00e1 tambi\u00e9n<\/span><\/p>\n<hr\/>\n<h3>El divertido blooper de Franco Colapinto con el Rayo McQueen en su llegada a Monza<\/h3>\n<\/p>\n<\/section>\n<\/div>\n<\/div>\n<p><a href=\"https:\/\/www.ole.com.ar\/autos\/pierre-gasly-hablo-franco-colapinto-renovacion-companero-alpine-formula1_0_UXMykEfUH1.html\">source<\/a><\/p>\n","protected":false},"excerpt":{"rendered":"<p>Pierre Gasly recibi\u00f3 con satisfacci\u00f3n la continuidad de Franco Colapinto en Alpine. El piloto franc\u00e9s&#8230;<\/p>\n","protected":false},"author":3,"featured_media":49688,"comment_status":"closed","ping_status":"closed","sticky":false,"template":"","format":"standard","meta":{"footnotes":""},"categories":[21],"tags":[],"class_list":["post-49687","post","type-post","status-publish","format-standard","has-post-thumbnail","hentry","category-deportes"],"featured_image_urls":{"full":["https:\/\/fmamiga909.com.ar\/wp-content\/uploads\/2026\/09\/wp-header-logo-58.png",720,484,false],"thumbnail":["https:\/\/fmamiga909.com.ar\/wp-content\/uploads\/2026\/09\/wp-header-logo-58-150x150.png",150,150,true],"medium":["https:\/\/fmamiga909.com.ar\/wp-content\/uploads\/2026\/09\/wp-header-logo-58-300x202.png",300,202,true],"medium_large":["https:\/\/fmamiga909.com.ar\/wp-content\/uploads\/2026\/09\/wp-header-logo-58.png",720,484,false],"large":["https:\/\/fmamiga909.com.ar\/wp-content\/uploads\/2026\/09\/wp-header-logo-58.png",640,430,false],"1536x1536":["https:\/\/fmamiga909.com.ar\/wp-content\/uploads\/2026\/09\/wp-header-logo-58.png",720,484,false],"2048x2048":["https:\/\/fmamiga909.com.ar\/wp-content\/uploads\/2026\/09\/wp-header-logo-58.png",720,484,false],"newsium-slider-full":["https:\/\/fmamiga909.com.ar\/wp-content\/uploads\/2026\/09\/wp-header-logo-58.png",720,484,false],"newsium-featured":["https:\/\/fmamiga909.com.ar\/wp-content\/uploads\/2026\/09\/wp-header-logo-58.png",720,484,false],"newsium-medium":["https:\/\/fmamiga909.com.ar\/wp-content\/uploads\/2026\/09\/wp-header-logo-58-720x475.png",720,475,true]},"author_info":{"display_name":"Fredy Giuliano","author_link":"https:\/\/fmamiga909.com.ar\/?author=3"},"category_info":"<a href=\"https:\/\/fmamiga909.com.ar\/?cat=21\" rel=\"category\">Deportes<\/a>","tag_info":"Deportes","comment_count":"0","_links":{"self":[{"href":"https:\/\/fmamiga909.com.ar\/index.php?rest_route=\/wp\/v2\/posts\/49687","targetHints":{"allow":["GET"]}}],"collection":[{"href":"https:\/\/fmamiga909.com.ar\/index.php?rest_route=\/wp\/v2\/posts"}],"about":[{"href":"https:\/\/fmamiga909.com.ar\/index.php?rest_route=\/wp\/v2\/types\/post"}],"author":[{"embeddable":true,"href":"https:\/\/fmamiga909.com.ar\/index.php?rest_route=\/wp\/v2\/users\/3"}],"replies":[{"embeddable":true,"href":"https:\/\/fmamiga909.com.ar\/index.php?rest_route=%2Fwp%2Fv2%2Fcomments&post=49687"}],"version-history":[{"count":0,"href":"https:\/\/fmamiga909.com.ar\/index.php?rest_route=\/wp\/v2\/posts\/49687\/revisions"}],"wp:featuredmedia":[{"embeddable":true,"href":"https:\/\/fmamiga909.com.ar\/index.php?rest_route=\/wp\/v2\/media\/49688"}],"wp:attachment":[{"href":"https:\/\/fmamiga909.com.ar\/index.php?rest_route=%2Fwp%2Fv2%2Fmedia&parent=49687"}],"wp:term":[{"taxonomy":"category","embeddable":true,"href":"https:\/\/fmamiga909.com.ar\/index.php?rest_route=%2Fwp%2Fv2%2Fcategories&post=49687"},{"taxonomy":"post_tag","embeddable":true,"href":"https:\/\/fmamiga909.com.ar\/index.php?rest_route=%2Fwp%2Fv2%2Ftags&post=49687"}],"curies":[{"name":"wp","href":"https:\/\/api.w.org\/{rel}","templated":true}]}}