{"id":49696,"date":"2026-09-03T17:32:36","date_gmt":"2026-09-03T17:32:36","guid":{"rendered":"https:\/\/fmamiga909.com.ar\/?p=49696"},"modified":"2026-09-03T17:32:36","modified_gmt":"2026-09-03T17:32:36","slug":"la-champions-league-estrena-un-parche-especial-para-los-jugadores-que-debutan","status":"publish","type":"post","link":"https:\/\/fmamiga909.com.ar\/?p=49696","title":{"rendered":"La Champions League estrena un parche especial para los jugadores que debutan"},"content":{"rendered":"<div id=\"storyBody\">\n<div id=\"element-body-0\" class=\"sc-df222161-0 hNvwjb\">\n<p>La <strong><a href=\"https:\/\/www.ole.com.ar\/tema\/champions-league.html\" title=\"Champions League\" alt=\"Champions League\" class=\"slug\">Champions League<\/a><\/strong> tendr\u00e1 una novedad particular desde esta temporada. La UEFA present\u00f3 <strong>un parche especial que distinguir\u00e1 a los futbolistas que hagan su debut en el torneo<\/strong>, un reconocimiento que estar\u00e1 presente en la camiseta durante ese partido tan especial y que luego tendr\u00e1 un destino todav\u00eda m\u00e1s exclusivo.<\/p>\n<\/div>\n<div id=\"element-body-1\" class=\"sc-df222161-0 hNvwjb\">\n<p>El distintivo estar\u00e1 integrado en el tradicional parche del &#8216;Starball&#8217; que los jugadores llevan en la manga. La iniciativa fue desarrollada por la UEFA y UC3 junto a Topps, con la intenci\u00f3n de darle un valor especial a uno de los momentos que cualquier futbolista sue\u00f1a con vivir: <strong>su primera vez en la m\u00e1xima competici\u00f3n europea.<\/strong><\/p>\n<\/div>\n<div class=\"sc-c0843421-0 iNysjD image-embed\" id=\"element-body-2\"><img alt=\"Lo utilizaran los jugadores debutantes.\" loading=\"lazy\" width=\"720\" height=\"100\" decoding=\"async\" data-nimg=\"1\" style=\"color:transparent\" src=\"https:\/\/fmamiga909.com.ar\/wp-content\/uploads\/2026\/09\/7AL6aZInA_720x0__1.jpg\"\/><span class=\"epigraphe\">Lo utilizaran los jugadores debutantes.<\/span><\/div>\n<p><h2>C\u00f3mo funcionar\u00e1 el nuevo parche de debut de la Champions League<\/h2>\n<\/p>\n<div id=\"element-body-4\" class=\"sc-df222161-0 hNvwjb\">\n<p>El parche comenzar\u00e1 a utilizarse desde la primera fecha de la Champions 2026\/27 y permitir\u00e1 <strong>identificar al instante a los jugadores que est\u00e9n disputando su primer encuentro en el torneo.<\/strong> La distinci\u00f3n ser\u00e1 v\u00e1lida tanto para quienes comiencen como titulares como para aquellos que ingresen durante el partido.<\/p>\n<\/div>\n<div id=\"element-body-5\" class=\"sc-df222161-0 hNvwjb\">\n<p>La UEFA busca as\u00ed poner en valor el estreno de cada futbolista y generar un v\u00ednculo especial con los hinchas. Adem\u00e1s, el reconocimiento no quedar\u00e1 \u00fanicamente en el recuerdo de la camiseta utilizada durante el encuentro.<\/p>\n<\/div>\n<div id=\"element-body-6\" class=\"sc-df222161-0 hNvwjb\">\n<p>Una vez finalizado el partido, <strong>el parche azul ser\u00e1 retirado de la indumentaria, autenticado y acompa\u00f1ado por un certificado oficial<\/strong>. Luego ser\u00e1 entregado a Topps, que lo utilizar\u00e1 para crear una tarjeta coleccionable \u00fanica, firmada por el propio protagonista.<\/p>\n<\/div>\n<div class=\"sc-c0843421-0 iNysjD image-embed\" id=\"element-body-7\"><img alt=\"Un recuerdo \u00fanico de su primera participaci\u00f3n en Champions League.\" loading=\"lazy\" width=\"720\" height=\"100\" decoding=\"async\" data-nimg=\"1\" style=\"color:transparent\" src=\"https:\/\/fmamiga909.com.ar\/wp-content\/uploads\/2026\/09\/yMRUSzv9V_720x0__1.jpg\"\/><span class=\"epigraphe\">Un recuerdo \u00fanico de su primera participaci\u00f3n en Champions League.<\/span><\/div>\n<div id=\"element-body-8\" class=\"sc-df222161-0 hNvwjb\">\n<p><strong>El parche solo podr\u00e1 ser utilizado una vez en toda la carrera de un jugador.<\/strong> Es decir, despu\u00e9s de su debut en la Champions, nunca volver\u00e1 a llevarlo, aunque posteriormente cambie de club y siga disputando el torneo durante varios a\u00f1os.<\/p>\n<\/div>\n<p><h2>Con un argentino, los jugadores que pueden estrenarse en la Champions<\/h2>\n<\/p>\n<div id=\"element-body-10\" class=\"sc-df222161-0 hNvwjb\">\n<p>La nueva temporada tendr\u00e1 varios equipos que disputar\u00e1n la Champions por primera vez, entre los que figuran <strong>Como 1907, LASK, Viking y Sabah<\/strong>. Por eso, todo indica que ser\u00e1n varios los futbolistas que estrenar\u00e1n el particular distintivo durante las primeras jornadas.<\/p>\n<\/div>\n<div id=\"element-body-11\" class=\"sc-df222161-0 hNvwjb\">\n<p>Entre los nombres que pueden tener especial protagonismo aparece <strong><a href=\"https:\/\/www.ole.com.ar\/tema\/yan-diomande.html\" title=\"Yan Diomande\" alt=\"Yan Diomande\" class=\"slug\">Yan Diomande<\/a><\/strong>. El delantero, recientemente incorporado por el <strong><a href=\"https:\/\/www.ole.com.ar\/tema\/real-madrid.html\" title=\"Real Madrid\" alt=\"Real Madrid\" class=\"slug\">Real Madrid<\/a><\/strong>, disput\u00f3 la temporada pasada con el Leipzig, pero todav\u00eda no tuvo la posibilidad de jugar un partido de Champions ni de escuchar desde el campo el tradicional himno de la competici\u00f3n.<\/p>\n<\/div>\n<div id=\"element-body-12\" class=\"sc-df222161-0 hNvwjb\">\n<p>Tambi\u00e9n est\u00e1 el caso de <strong>Carlos Esp\u00ed<\/strong>, otra de las figuras que afrontar\u00e1 el desaf\u00edo de debutar en el m\u00e1ximo escenario europeo. En el Betis, por ejemplo, <strong> \u00c1lvaro Valles<\/strong> tendr\u00e1 su estreno despu\u00e9s de haber disputado la Europa League durante la temporada pasada. Adem\u00e1s, el equipo espa\u00f1ol contar\u00e1 con un argentino que vivir\u00e1 su primera experiencia en el torneo, <strong><a href=\"https:\/\/www.ole.com.ar\/tema\/valentin-gomez.html\" title=\"Valent\u00edn G\u00f3mez\" alt=\"Valent\u00edn G\u00f3mez\" class=\"slug\">Valent\u00edn G\u00f3mez<\/a><\/strong>, quien lleg\u00f3 al conjunto verdiblanco con la ilusi\u00f3n de disputar por primera vez la Champions League.<\/p>\n<\/div>\n<div class=\"sc-c0843421-0 iNysjD image-embed\" id=\"element-body-13\"><img alt=\"El argentino Valent\u00edn G\u00f3mez ser\u00e1 uno de los debutantes. (EFE\/Julio Mu\u00f1oz)\" loading=\"lazy\" width=\"720\" height=\"100\" decoding=\"async\" data-nimg=\"1\" style=\"color:transparent\" src=\"https:\/\/fmamiga909.com.ar\/wp-content\/uploads\/2026\/09\/bi34Abv7h_720x0__1.jpg\"\/><span class=\"epigraphe\">El argentino Valent\u00edn G\u00f3mez ser\u00e1 uno de los debutantes. (EFE\/Julio Mu\u00f1oz)<\/span><\/div>\n<div id=\"element-body-14\" class=\"sc-df222161-0 hNvwjb\">\n<p>En el Villarreal, uno de los futbolistas que podr\u00eda llevar el parche es <strong>Alex Freeman<\/strong>. En Barcelona y Atl\u00e9tico de Madrid, en cambio, los principales refuerzos que llegaron para esta temporada ya cuentan con experiencia en Champions, por lo que <strong>el distintivo quedar\u00eda reservado para aquellos juveniles que puedan sumar sus primeros minutos en el torneo.<\/strong><\/p>\n<\/div>\n<div id=\"element-body-15\" class=\"sc-a7166897-0 eTTZWU\"><a href=\"https:\/\/www.ole.com.ar\/futbol-internacional\/ex-companero-dibu-martinez-comparo-liga-arabia-premier-league-inglaterra_0_kyiGwNtPzi.html\" aria-label=\"El ex compa\u00f1ero del Dibu que compar\u00f3 la liga de Arabia con la Premier League: &quot;El nivel es alt\u00edsimo&quot;\" class=\"sc-d4f573e5-0 bUEDsN\"\/><\/p>\n<section><picture><img alt=\"El ex compa\u00f1ero del Dibu que compar\u00f3 la liga de Arabia con la Premier League: &quot;El nivel es alt\u00edsimo&quot;\" loading=\"lazy\" width=\"290\" height=\"290\" decoding=\"async\" data-nimg=\"1\" style=\"color:transparent\" src=\"https:\/\/fmamiga909.com.ar\/wp-content\/uploads\/2026\/09\/PupxIW2NP_290x290__1.jpg\"\/><\/picture>\n<p><span>Mir\u00e1 tambi\u00e9n<\/span><\/p>\n<hr\/>\n<h3>El ex compa\u00f1ero del Dibu que compar\u00f3 la liga de Arabia con la Premier League: \u00abEl nivel es alt\u00edsimo\u00bb<\/h3>\n<\/p>\n<\/section>\n<\/div>\n<div id=\"element-body-16\" class=\"sc-a7166897-0 eTTZWU\"><a href=\"https:\/\/www.ole.com.ar\/futbol-internacional\/america\/neymar-lesion-partido-santos-palmeiras-eliminado-copadebrasil-estudios-cuartosdefinal_0_5FBZawPvaq.html\" aria-label=\"Neymar se lesion\u00f3 en la eliminaci\u00f3n del Santos y apunt\u00f3 fuerte contra el canchero por el c\u00e9sped: &quot;Excelente trabajo de mierda&quot;\" class=\"sc-d4f573e5-0 bUEDsN\"\/><\/p>\n<section><picture><img alt=\"Neymar se lesion\u00f3 en la eliminaci\u00f3n del Santos y apunt\u00f3 fuerte contra el canchero por el c\u00e9sped: &quot;Excelente trabajo de mierda&quot;\" loading=\"lazy\" width=\"290\" height=\"290\" decoding=\"async\" data-nimg=\"1\" style=\"color:transparent\" src=\"https:\/\/fmamiga909.com.ar\/wp-content\/uploads\/2026\/09\/nmdGcEp6K_290x290__1.jpg\"\/><\/picture>\n<p><span>Mir\u00e1 tambi\u00e9n<\/span><\/p>\n<hr\/>\n<h3>Neymar se lesion\u00f3 en la eliminaci\u00f3n del Santos y apunt\u00f3 fuerte contra el canchero por el c\u00e9sped: \u00abExcelente trabajo de mierda\u00bb<\/h3>\n<\/p>\n<\/section>\n<\/div>\n<div id=\"element-body-17\" class=\"sc-a7166897-0 eTTZWU\"><a href=\"https:\/\/www.ole.com.ar\/autos\/pierre-gasly-hablo-franco-colapinto-renovacion-companero-alpine-formula1_0_UXMykEfUH1.html\" aria-label=\"Qu\u00e9 dijo Gasly sobre la renovaci\u00f3n de Colapinto en Alpine y su futuro juntos\" class=\"sc-d4f573e5-0 bUEDsN\"\/><\/p>\n<section><picture><img alt=\"Qu\u00e9 dijo Gasly sobre la renovaci\u00f3n de Colapinto en Alpine y su futuro juntos\" loading=\"lazy\" width=\"290\" height=\"290\" decoding=\"async\" data-nimg=\"1\" style=\"color:transparent\" src=\"https:\/\/fmamiga909.com.ar\/wp-content\/uploads\/2026\/09\/n_6BpaP_P_290x290__1.jpg\"\/><\/picture>\n<p><span>Mir\u00e1 tambi\u00e9n<\/span><\/p>\n<hr\/>\n<h3>Qu\u00e9 dijo Gasly sobre la renovaci\u00f3n de Colapinto en Alpine y su futuro juntos<\/h3>\n<\/p>\n<\/section>\n<\/div>\n<div id=\"element-body-18\" class=\"sc-a7166897-0 eTTZWU\"><a href=\"https:\/\/www.ole.com.ar\/messi\/lionel-messi-merece-ultimo-partido-despedida-argentina-encuesta-deberia-jugarse-ultima-leo_0_VGaRrc89jK.html\" aria-label=\"La despedida de Leo Messi que todos queremos\" class=\"sc-d4f573e5-0 bUEDsN\"\/><\/p>\n<section><picture><img alt=\"La despedida de Leo Messi que todos queremos\" loading=\"lazy\" width=\"290\" height=\"290\" decoding=\"async\" data-nimg=\"1\" style=\"color:transparent\" src=\"https:\/\/fmamiga909.com.ar\/wp-content\/uploads\/2026\/09\/uPEJI2o04_290x290__1.jpg\"\/><\/picture>\n<p><span>Mir\u00e1 tambi\u00e9n<\/span><\/p>\n<hr\/>\n<h3>La despedida de Leo Messi que todos queremos<\/h3>\n<\/p>\n<\/section>\n<\/div>\n<\/div>\n<p><a href=\"https:\/\/www.ole.com.ar\/futbol-internacional\/champions\/champions-league-uefa-estrena-parche-especial-para-jugadores-debut_0_Nlfz5LjEzY.html\">source<\/a><\/p>\n","protected":false},"excerpt":{"rendered":"<p>La Champions League tendr\u00e1 una novedad particular desde esta temporada. La UEFA present\u00f3 un parche&#8230;<\/p>\n","protected":false},"author":3,"featured_media":49697,"comment_status":"closed","ping_status":"closed","sticky":false,"template":"","format":"standard","meta":{"footnotes":""},"categories":[21],"tags":[],"class_list":["post-49696","post","type-post","status-publish","format-standard","has-post-thumbnail","hentry","category-deportes"],"featured_image_urls":{"full":["https:\/\/fmamiga909.com.ar\/wp-content\/uploads\/2026\/09\/wp-header-logo-59.png",720,405,false],"thumbnail":["https:\/\/fmamiga909.com.ar\/wp-content\/uploads\/2026\/09\/wp-header-logo-59-150x150.png",150,150,true],"medium":["https:\/\/fmamiga909.com.ar\/wp-content\/uploads\/2026\/09\/wp-header-logo-59-300x169.png",300,169,true],"medium_large":["https:\/\/fmamiga909.com.ar\/wp-content\/uploads\/2026\/09\/wp-header-logo-59.png",720,405,false],"large":["https:\/\/fmamiga909.com.ar\/wp-content\/uploads\/2026\/09\/wp-header-logo-59.png",640,360,false],"1536x1536":["https:\/\/fmamiga909.com.ar\/wp-content\/uploads\/2026\/09\/wp-header-logo-59.png",720,405,false],"2048x2048":["https:\/\/fmamiga909.com.ar\/wp-content\/uploads\/2026\/09\/wp-header-logo-59.png",720,405,false],"newsium-slider-full":["https:\/\/fmamiga909.com.ar\/wp-content\/uploads\/2026\/09\/wp-header-logo-59.png",720,405,false],"newsium-featured":["https:\/\/fmamiga909.com.ar\/wp-content\/uploads\/2026\/09\/wp-header-logo-59.png",720,405,false],"newsium-medium":["https:\/\/fmamiga909.com.ar\/wp-content\/uploads\/2026\/09\/wp-header-logo-59.png",720,405,false]},"author_info":{"display_name":"Fredy Giuliano","author_link":"https:\/\/fmamiga909.com.ar\/?author=3"},"category_info":"<a href=\"https:\/\/fmamiga909.com.ar\/?cat=21\" rel=\"category\">Deportes<\/a>","tag_info":"Deportes","comment_count":"0","_links":{"self":[{"href":"https:\/\/fmamiga909.com.ar\/index.php?rest_route=\/wp\/v2\/posts\/49696","targetHints":{"allow":["GET"]}}],"collection":[{"href":"https:\/\/fmamiga909.com.ar\/index.php?rest_route=\/wp\/v2\/posts"}],"about":[{"href":"https:\/\/fmamiga909.com.ar\/index.php?rest_route=\/wp\/v2\/types\/post"}],"author":[{"embeddable":true,"href":"https:\/\/fmamiga909.com.ar\/index.php?rest_route=\/wp\/v2\/users\/3"}],"replies":[{"embeddable":true,"href":"https:\/\/fmamiga909.com.ar\/index.php?rest_route=%2Fwp%2Fv2%2Fcomments&post=49696"}],"version-history":[{"count":0,"href":"https:\/\/fmamiga909.com.ar\/index.php?rest_route=\/wp\/v2\/posts\/49696\/revisions"}],"wp:featuredmedia":[{"embeddable":true,"href":"https:\/\/fmamiga909.com.ar\/index.php?rest_route=\/wp\/v2\/media\/49697"}],"wp:attachment":[{"href":"https:\/\/fmamiga909.com.ar\/index.php?rest_route=%2Fwp%2Fv2%2Fmedia&parent=49696"}],"wp:term":[{"taxonomy":"category","embeddable":true,"href":"https:\/\/fmamiga909.com.ar\/index.php?rest_route=%2Fwp%2Fv2%2Fcategories&post=49696"},{"taxonomy":"post_tag","embeddable":true,"href":"https:\/\/fmamiga909.com.ar\/index.php?rest_route=%2Fwp%2Fv2%2Ftags&post=49696"}],"curies":[{"name":"wp","href":"https:\/\/api.w.org\/{rel}","templated":true}]}}