{"id":49710,"date":"2026-09-04T04:28:07","date_gmt":"2026-09-04T04:28:07","guid":{"rendered":"https:\/\/fmamiga909.com.ar\/?p=49710"},"modified":"2026-09-04T04:28:07","modified_gmt":"2026-09-04T04:28:07","slug":"juanfer-quintero-renuncio-a-la-seleccion-colombiana-hay-que-darle-la-oportunidad-a-otro","status":"publish","type":"post","link":"https:\/\/fmamiga909.com.ar\/?p=49710","title":{"rendered":"Juanfer Quintero renunci\u00f3 a la selecci\u00f3n colombiana: &quot;Hay que darle la oportunidad a otro&quot;"},"content":{"rendered":"<div id=\"storyBody\">\n<div id=\"element-body-0\" class=\"sc-df222161-0 hNvwjb\">\n<p>Siguen apareciendo renuncias a selecciones nacionales. Luego de lo que fue el bombazo que signific\u00f3 el adi\u00f3s de <a href=\"https:\/\/www.ole.com.ar\/tema\/lionel-messi.html\" title=\"Lionel Messi\" alt=\"Lionel Messi\" class=\"slug\">Lionel Messi<\/a> a Argentina, se sumaron otras renuncias como <a href=\"https:\/\/www.ole.com.ar\/futbol-internacional\/marcos-llorente-retiro-seleccion-espana-campeon-mundial-dijo-comunicado_0_KCvJrMmYyt.html\" target=\"_self\" title=\"la de Marcos Llorente a Espa\u00f1a\" alt=\"la de Marcos Llorente a Espa\u00f1a\">la de Marcos Llorente a Espa\u00f1a<\/a> y ahora la de <strong><a href=\"https:\/\/www.ole.com.ar\/tema\/juan-fernando-quintero.html\" title=\"Juan Fernando Quintero\" alt=\"Juan Fernando Quintero\" class=\"slug\">Juan Fernando Quintero<\/a>, quien comunic\u00f3 que no representar\u00e1 m\u00e1s a <a href=\"https:\/\/www.ole.com.ar\/tema\/colombia.html\" title=\"Colombia\" alt=\"Colombia\" class=\"slug\"> Colombia<\/a>.<\/strong><\/p>\n<\/div>\n<div id=\"element-body-1\" class=\"sc-df222161-0 hNvwjb\">\n<p>En di\u00e1logo con Win Sports, el ex volante de <a href=\"https:\/\/www.ole.com.ar\/tema\/river-plate.html\" title=\"River Plate\" alt=\"River Plate\" class=\"slug\">River<\/a> indic\u00f3 que, luego de la eliminaci\u00f3n en el Mundial ante Suiza en octavos de final, le comunic\u00f3 a <a href=\"https:\/\/www.ole.com.ar\/tema\/nestor-lorenzo.html\" title=\"N\u00e9stor Lorenzo\" alt=\"N\u00e9stor Lorenzo\" class=\"slug\">N\u00e9stor Lorenzo<\/a> que no seguir\u00e1 jugando con el seleccionado cafetero: <strong>\u00abDije que yo me hac\u00eda realmente a un costado porque sent\u00eda que ya hab\u00eda llegado mi momento.<\/strong> <strong>Personalmente lo sent\u00eda as\u00ed despu\u00e9s de la frustraci\u00f3n del Mundial\u00bb,<\/strong> indic\u00f3 Juanfer.<\/p>\n<\/div>\n<div id=\"element-body-2\" class=\"sc-df222161-0 hNvwjb\">\n<p>A su vez, entre las razones que lo llevaron a dejar la selecci\u00f3n colombiana, el actual jugador de Independiente Medell\u00edn utiliz\u00f3 una frase muy similar a la que puso Messi en su emotiva despedida: \u00abHay momentos que uno dice que <strong>es bueno darse una oportunidad para que otro llegue y pueda asumir\u00bb<\/strong>, resalt\u00f3 Quintero, quien acepta el recambio generacional que se viene en Colombia.<\/p>\n<\/div>\n<div class=\"sc-c0843421-0 iNysjD image-embed\" id=\"element-body-3\"><img alt=\"Juanfer considera que es el momento de dejarle el lugar a otro (REUTERS\/Albert Gea).\" loading=\"lazy\" width=\"720\" height=\"100\" decoding=\"async\" data-nimg=\"1\" style=\"color:transparent\" src=\"https:\/\/fmamiga909.com.ar\/wp-content\/uploads\/2026\/09\/uiqidf_M6_720x0__1.jpg\"\/><span class=\"epigraphe\">Juanfer considera que es el momento de dejarle el lugar a otro (REUTERS\/Albert Gea).<\/span><\/div>\n<div id=\"element-body-4\" class=\"sc-df222161-0 hNvwjb\">\n<p>Por otro lado, rechaz\u00f3 haber tenido cualquier tipo de conflicto con Lorenzo luego de la eliminaci\u00f3n en el Mundial: <strong> \u00abEl profe sabe que lo quiero, lo aprecio y le deseo todo lo mejor del mundo\u00bb<\/strong>, dijo. <\/p>\n<\/div>\n<div id=\"element-body-5\" class=\"sc-df222161-0 hNvwjb\">\n<p>As\u00ed, Quintero le puso punto final a su carrera a nivel selecci\u00f3n, la cual defendi\u00f3 durante 13 a\u00f1os y <strong> disput\u00f3 53 partidos en los que convirti\u00f3 seis goles y dio 12 asistencias<\/strong>, adem\u00e1s de haber disputado los mundiales de Brasil 2014, Rusia 2018 y Estados Unidos, M\u00e9xico y Canad\u00e1 2026.<\/p>\n<\/div>\n<p><h2><strong>Quintero y otro palazo a Coudet<\/strong><\/h2>\n<\/p>\n<div id=\"element-body-7\" class=\"sc-df222161-0 hNvwjb\">\n<p>En esa misma entrevista, <strong>Quintero apunt\u00f3 nuevamente contra Eduardo Coudet,<\/strong> con quien tuvo diferencias en River. Por eso, con respecto a ese tema, Juanfer comenz\u00f3 indicando que \u00abse gener\u00f3 mucho revuelo porque yo simplemente trat\u00e9 de ser sincero\u00bb. Y ah\u00ed agreg\u00f3 que <strong>\u00abel tiempo finalmente me termin\u00f3 dando la raz\u00f3n\u00bb,<\/strong> con respecto a la salida del Chacho. Es as\u00ed que, sobre sus dichos sobre el DT, destac\u00f3 que \u00abcada entrenador tiene su forma de ver el f\u00fatbol y ve si cada futbolista puede aportar o no\u00bb.<\/p>\n<\/div>\n<div id=\"element-body-8\" class=\"sc-df222161-0 hNvwjb\">\n<p>Adem\u00e1s, reiter\u00f3 que \u00abnunca le falt\u00e9 el respeto, le dije las palabras que yo sent\u00eda y lo que yo viv\u00ed en experiencia propia. <strong> Son sus formas, pero hoy estoy con un entrenador que me da la confianza y que me conoce. Siempre he dicho que un entrenador o te frustra o te potencia\u00bb<\/strong>, compar\u00f3 sobre las metodolog\u00edas de Coudet y Luis Amaranto Perea, su entrenador en el DIM.<\/p>\n<\/div>\n<div class=\"sc-c0843421-0 iNysjD image-embed\" id=\"element-body-9\"><img alt=\"Juanfer volvi\u00f3 a pegarle a Coudet.\" loading=\"lazy\" width=\"720\" height=\"100\" decoding=\"async\" data-nimg=\"1\" style=\"color:transparent\" src=\"https:\/\/fmamiga909.com.ar\/wp-content\/uploads\/2026\/09\/IPiI2LWUm_720x0__1.jpg\"\/><span class=\"epigraphe\">Juanfer volvi\u00f3 a pegarle a Coudet.<\/span><\/div>\n<div id=\"element-body-10\" class=\"sc-df222161-0 hNvwjb\">\n<p>Es as\u00ed que volvi\u00f3 a hacer referencia a su falta de minutos en el ciclo del Chacho: \u201cUno mira cu\u00e1l es su rol dentro del equipo y a ra\u00edz de eso se toman las decisiones. Ya no somos ni\u00f1os y <strong>yo analizo d\u00f3nde quiero jugar y me puedo sentir importante tanto dentro como fuera del campo\u201d.<\/strong><\/p>\n<\/div>\n<div id=\"element-body-11\" class=\"sc-df222161-0 hNvwjb\">\n<p>De todos modos, y a pesar de los palos al Chacho, Quintero reconoci\u00f3 que le cost\u00f3 irse del club: \u00abDespu\u00e9s de todo lo que pas\u00f3 y lo que viv\u00ed con River, ha sido muy dif\u00edcil para m\u00ed. <strong> El dejar de lado el cari\u00f1o y respeto, sumado a la gratitud por todo lo que he vivido, fue complicado\u00bb,<\/strong> cont\u00f3.<\/p>\n<\/div>\n<div id=\"element-body-13\" class=\"sc-a7166897-0 eTTZWU\"><a href=\"https:\/\/www.ole.com.ar\/futbol-internacional\/inglaterra\/chelsea-arsenal-premier-league-ver-formaciones-enzo-fernandez-dibu-martinez-colo-barco-futbol-saka_0_8maiHalzdX.html\" aria-label=\"Arsenal vs. Chelsea: el duro maleficio de cinco a\u00f1os que buscar\u00e1 romper el equipo de Xabi Alonso y Dibu Mart\u00ednez\" class=\"sc-d4f573e5-0 bUEDsN\"\/><\/p>\n<section><picture><img alt=\"Arsenal vs. Chelsea: el duro maleficio de cinco a\u00f1os que buscar\u00e1 romper el equipo de Xabi Alonso y Dibu Mart\u00ednez\" loading=\"lazy\" width=\"290\" height=\"290\" decoding=\"async\" data-nimg=\"1\" style=\"color:transparent\" src=\"https:\/\/fmamiga909.com.ar\/wp-content\/uploads\/2026\/09\/5O8fIsow1_290x290__1.jpg\"\/><\/picture>\n<p><span>Mir\u00e1 tambi\u00e9n<\/span><\/p>\n<hr\/>\n<h3>Arsenal vs. Chelsea: el duro maleficio de cinco a\u00f1os que buscar\u00e1 romper el equipo de Xabi Alonso y Dibu Mart\u00ednez<\/h3>\n<\/p>\n<\/section>\n<\/div>\n<div id=\"element-body-14\" class=\"sc-a7166897-0 eTTZWU\"><a href=\"https:\/\/www.ole.com.ar\/futbol-internacional\/mercado-pases-brasileirao-jugadores-argentinos-lista_0_vuTnbquJf6.html\" aria-label=\"Con el pase de Alan Lescano a Vasco: \u00bfcu\u00e1ntos futbolistas argentinos juegan en el Brasileirao en 2026?\" class=\"sc-d4f573e5-0 bUEDsN\"\/><\/p>\n<section><picture><img alt=\"Con el pase de Alan Lescano a Vasco: \u00bfcu\u00e1ntos futbolistas argentinos juegan en el Brasileirao en 2026?\" loading=\"lazy\" width=\"290\" height=\"290\" decoding=\"async\" data-nimg=\"1\" style=\"color:transparent\" src=\"https:\/\/fmamiga909.com.ar\/wp-content\/uploads\/2026\/09\/d_h1690Fi_290x290__1.jpg\"\/><\/picture>\n<p><span>Mir\u00e1 tambi\u00e9n<\/span><\/p>\n<hr\/>\n<h3>Con el pase de Alan Lescano a Vasco: \u00bfcu\u00e1ntos futbolistas argentinos juegan en el Brasileirao en 2026?<\/h3>\n<\/p>\n<\/section>\n<\/div>\n<div id=\"element-body-15\" class=\"sc-a7166897-0 eTTZWU\"><a href=\"https:\/\/www.ole.com.ar\/messi\/lionelmessi-sub20-uruguay-colonia-hugotocalli_0_3OG4gqc36k.html\" aria-label=\"Dos goles poco recordados de Messi para la Sub 20  \" class=\"sc-d4f573e5-0 bUEDsN\"\/><\/p>\n<section><picture><img alt=\"Dos goles poco recordados de Messi para la Sub 20  \" loading=\"lazy\" width=\"290\" height=\"290\" decoding=\"async\" data-nimg=\"1\" style=\"color:transparent\" src=\"https:\/\/fmamiga909.com.ar\/wp-content\/uploads\/2026\/09\/0v7cxB621_290x290__1.jpg\"\/><\/picture>\n<p><span>Mir\u00e1 tambi\u00e9n<\/span><\/p>\n<hr\/>\n<h3>Dos goles poco recordados de Messi para la Sub 20  <\/h3>\n<\/p>\n<\/section>\n<\/div>\n<\/div>\n<p><a href=\"https:\/\/www.ole.com.ar\/futbol-internacional\/america\/juan-fernandoquintero-renuncio-seleccioncolombiana-nestorlorenzo_0_C8PtbqgJax.html\">source<\/a><\/p>\n","protected":false},"excerpt":{"rendered":"<p>Siguen apareciendo renuncias a selecciones nacionales. Luego de lo que fue el bombazo que signific\u00f3&#8230;<\/p>\n","protected":false},"author":3,"featured_media":49711,"comment_status":"closed","ping_status":"closed","sticky":false,"template":"","format":"standard","meta":{"footnotes":""},"categories":[21],"tags":[],"class_list":["post-49710","post","type-post","status-publish","format-standard","has-post-thumbnail","hentry","category-deportes"],"featured_image_urls":{"full":["https:\/\/fmamiga909.com.ar\/wp-content\/uploads\/2026\/09\/wp-header-logo-61.png",720,511,false],"thumbnail":["https:\/\/fmamiga909.com.ar\/wp-content\/uploads\/2026\/09\/wp-header-logo-61-150x150.png",150,150,true],"medium":["https:\/\/fmamiga909.com.ar\/wp-content\/uploads\/2026\/09\/wp-header-logo-61-300x213.png",300,213,true],"medium_large":["https:\/\/fmamiga909.com.ar\/wp-content\/uploads\/2026\/09\/wp-header-logo-61.png",720,511,false],"large":["https:\/\/fmamiga909.com.ar\/wp-content\/uploads\/2026\/09\/wp-header-logo-61.png",640,454,false],"1536x1536":["https:\/\/fmamiga909.com.ar\/wp-content\/uploads\/2026\/09\/wp-header-logo-61.png",720,511,false],"2048x2048":["https:\/\/fmamiga909.com.ar\/wp-content\/uploads\/2026\/09\/wp-header-logo-61.png",720,511,false],"newsium-slider-full":["https:\/\/fmamiga909.com.ar\/wp-content\/uploads\/2026\/09\/wp-header-logo-61.png",720,511,false],"newsium-featured":["https:\/\/fmamiga909.com.ar\/wp-content\/uploads\/2026\/09\/wp-header-logo-61.png",720,511,false],"newsium-medium":["https:\/\/fmamiga909.com.ar\/wp-content\/uploads\/2026\/09\/wp-header-logo-61-720x475.png",720,475,true]},"author_info":{"display_name":"Fredy Giuliano","author_link":"https:\/\/fmamiga909.com.ar\/?author=3"},"category_info":"<a href=\"https:\/\/fmamiga909.com.ar\/?cat=21\" rel=\"category\">Deportes<\/a>","tag_info":"Deportes","comment_count":"0","_links":{"self":[{"href":"https:\/\/fmamiga909.com.ar\/index.php?rest_route=\/wp\/v2\/posts\/49710","targetHints":{"allow":["GET"]}}],"collection":[{"href":"https:\/\/fmamiga909.com.ar\/index.php?rest_route=\/wp\/v2\/posts"}],"about":[{"href":"https:\/\/fmamiga909.com.ar\/index.php?rest_route=\/wp\/v2\/types\/post"}],"author":[{"embeddable":true,"href":"https:\/\/fmamiga909.com.ar\/index.php?rest_route=\/wp\/v2\/users\/3"}],"replies":[{"embeddable":true,"href":"https:\/\/fmamiga909.com.ar\/index.php?rest_route=%2Fwp%2Fv2%2Fcomments&post=49710"}],"version-history":[{"count":0,"href":"https:\/\/fmamiga909.com.ar\/index.php?rest_route=\/wp\/v2\/posts\/49710\/revisions"}],"wp:featuredmedia":[{"embeddable":true,"href":"https:\/\/fmamiga909.com.ar\/index.php?rest_route=\/wp\/v2\/media\/49711"}],"wp:attachment":[{"href":"https:\/\/fmamiga909.com.ar\/index.php?rest_route=%2Fwp%2Fv2%2Fmedia&parent=49710"}],"wp:term":[{"taxonomy":"category","embeddable":true,"href":"https:\/\/fmamiga909.com.ar\/index.php?rest_route=%2Fwp%2Fv2%2Fcategories&post=49710"},{"taxonomy":"post_tag","embeddable":true,"href":"https:\/\/fmamiga909.com.ar\/index.php?rest_route=%2Fwp%2Fv2%2Ftags&post=49710"}],"curies":[{"name":"wp","href":"https:\/\/api.w.org\/{rel}","templated":true}]}}