{"id":49720,"date":"2026-09-04T04:30:24","date_gmt":"2026-09-04T04:30:24","guid":{"rendered":"https:\/\/fmamiga909.com.ar\/?p=49720"},"modified":"2026-09-04T04:30:24","modified_gmt":"2026-09-04T04:30:24","slug":"la-millonaria-copa-brasil-gremio-le-gano-a-inter-en-el-clasico-de-porto-alegre-y-avanzo-a-semis","status":"publish","type":"post","link":"https:\/\/fmamiga909.com.ar\/?p=49720","title":{"rendered":"La millonaria Copa Brasil: Gremio le gan\u00f3 a Inter en el cl\u00e1sico de Porto Alegre y avanz\u00f3 a semis"},"content":{"rendered":"<div id=\"storyBody\">\n<div id=\"element-body-0\" class=\"sc-df222161-0 hNvwjb\">\n<p>La atrapante y millonaria <a href=\"https:\/\/www.ole.com.ar\/tema\/copa-brasil.html\" title=\"Copa Brasil\" alt=\"Copa Brasil\" class=\"slug\">Copa Brasil<\/a> ya tiene a definidos a su cuuatro semifinalistas con marcada presencia argentina en <a href=\"https:\/\/www.ole.com.ar\/tema\/atletico-mineiro.html\" title=\"Atletico Mineiro\" alt=\"Atletico Mineiro\" class=\"slug\">Atl\u00e9tico Mineiro<\/a>, <a href=\"https:\/\/www.ole.com.ar\/tema\/palmeiras.html\" title=\"Palmeiras\" alt=\"Palmeiras\" class=\"slug\">Palmeiras<\/a>, <strong><a href=\"https:\/\/www.ole.com.ar\/tema\/vasco-da-gama.html\" title=\"Vasco da Gama\" alt=\"Vasco da Gama\" class=\"slug\">Vasco da Gama<\/a><\/strong> y Gremio.<\/p>\n<\/div>\n<div id=\"element-body-1\" class=\"sc-df222161-0 hNvwjb\">\n<p>Este jueves se complet\u00f3 el \u00faltimo cupo restante y fue con otro de los grandes cl\u00e1sicos que tiene el f\u00fatbol brasile\u00f1o: <strong>Gremio le gan\u00f3 3-1 a Inter,<\/strong> en una nueva edici\u00f3n del gran derby de la ciudad de Porto Alegre. Como en la ida hab\u00edan terminado 0-0, el Tricolor sac\u00f3 el boleto a la semi, donde se medir\u00e1 al Atl\u00e9tico Mineiro.<\/p>\n<\/div>\n<div class=\"sc-c0843421-0 iNysjD image-embed\" id=\"element-body-2\"><img alt=\"Pav\u00f3n, clave en Gremio.\" loading=\"lazy\" width=\"720\" height=\"100\" decoding=\"async\" data-nimg=\"1\" style=\"color:transparent\" src=\"https:\/\/fmamiga909.com.ar\/wp-content\/uploads\/2026\/09\/0lSmaoV9-_720x0__1.jpg\"\/><span class=\"epigraphe\">Pav\u00f3n, clave en Gremio.<\/span><\/div>\n<div id=\"element-body-3\" class=\"sc-df222161-0 hNvwjb\">\n<p>Como viene sucediendo a lo largo de todo este certamen, el partido representantes albicelestes de ambas partes. Por el lado de los locales, que celebraron a lo grande la clasificaci\u00f3n, fueron titulares <strong>Cristian Pav\u00f3n y Walter Kannemann<\/strong>, mientras que <strong>Juan Nardoni <\/strong> ingres\u00f3 en el ST. En tanto que el Colorado cont\u00f3 desde el inicio con <strong>Gabriel Mercado<\/strong> y <strong>Alexander Bernabei <\/strong>( <strong>Braian Aguirre<\/strong> fue suplente).<\/p>\n<\/div>\n<p><h2><strong>La original gastada<\/strong><\/h2>\n<\/p>\n<div id=\"element-body-5\" class=\"sc-df222161-0 hNvwjb\">\n<p>Luego de ganarle al archirrival, la dirigencia de Gremio puso m\u00fasica de vals en el estadio Arena.<\/p>\n<\/div>\n<div id=\"element-body-6\" class=\"sc-8712cf2e-1 brsVwg\"><figcaption class=\"JWvideoNota_title\">\n<p>Tras eliminar al Colorado en la Copa Brasil, por los parlantes pusieron m\u00fasica de vals. Fuente: D Sports.<\/p>\n<\/figcaption><\/div>\n<p><h2><strong>Otros cruces<\/strong><\/h2>\n<\/p>\n<div id=\"element-body-8\" class=\"sc-df222161-0 hNvwjb\">\n<p>En el cl\u00e1sico de Belo Horizonte: Atl\u00e9tico Mineiro dio un gran golpe, <strong>le gan\u00f3 2-1 sobre el final a Cruzeiro<\/strong> y estir\u00f3 una gran racha a 14 partidos sin perder. <strong>Tom\u00e1s Cuello<\/strong> fue titular, <strong>Tom\u00e1s P\u00e9rez<\/strong> estuvo en el banco y Fred convirti\u00f3 el gol que sell\u00f3 el resultado a tres minutos del final.<\/p>\n<\/div>\n<div id=\"element-body-9\" class=\"sc-df222161-0 hNvwjb\">\n<p><strong>Lucas Romero <\/strong>(capit\u00e1n) y <strong>Lucas Villalba <\/strong>(expulsado en la parte final) jugaron de entrada Cruzeiro, mientras que <strong>Gabriel Rojas <\/strong> entr\u00f3 cuando echaron a Villalba (ah\u00ed, su equipo ganaba 1-0).<\/p>\n<\/div>\n<div class=\"sc-c0843421-0 iNysjD image-embed\" id=\"element-body-10\"><img alt=\"Tom\u00e1s Cuello ante Villalba, duelo argentino en Atl\u00e9tico Mineiro frente a Cruzeiro.\" loading=\"lazy\" width=\"720\" height=\"100\" decoding=\"async\" data-nimg=\"1\" style=\"color:transparent\" src=\"https:\/\/fmamiga909.com.ar\/wp-content\/uploads\/2026\/09\/1788496223_368_sn-OjNM9d_720x0__1.jpg\"\/><span class=\"epigraphe\">Tom\u00e1s Cuello ante Villalba, duelo argentino en Atl\u00e9tico Mineiro frente a Cruzeiro.<\/span><\/div>\n<div id=\"element-body-11\" class=\"sc-df222161-0 hNvwjb\">\n<p>La otra semifinal tendr\u00e1 a <strong>Palmeiras<\/strong> vs <strong>Vasco da Gama, El Verdao hizo valer el 3-0 de la ida y<\/strong>, en Vila Belmiro, <strong>igual\u00f3 0-0 ante el Santos de Neymar y se meti\u00f3 en el Top 4. <\/strong> Tambi\u00e9n hay presencia albiceleste en el equipo de San Pablo: <strong> Jos\u00e9 Manuel L\u00f3pez <\/strong>-autor de un doblete en la ida- que jug\u00f3 un tiempo y tambi\u00e9n fueron titulares <strong> Alexander Barboza y Agust\u00edn Giay<\/strong>.<\/p>\n<\/div>\n<div class=\"sc-c0843421-0 iNysjD image-embed\" id=\"element-body-12\"><img alt=\"Jos\u00e9 Manuel L\u00f3pez, la carta de gol de Palmeiras.\" loading=\"lazy\" width=\"720\" height=\"100\" decoding=\"async\" data-nimg=\"1\" style=\"color:transparent\" src=\"https:\/\/fmamiga909.com.ar\/wp-content\/uploads\/2026\/09\/1788496223_485_Fyora1nV4_720x0__1.jpg\"\/><span class=\"epigraphe\">Jos\u00e9 Manuel L\u00f3pez, la carta de gol de Palmeiras.<\/span><\/div>\n<div id=\"element-body-13\" class=\"sc-df222161-0 hNvwjb\">\n<p>En tanto, <strong> el equipo de R\u00edo de Janeiro, <\/strong> que hab\u00eda vencido 1-0 en la ida, fue a jugar a Vitoria y <strong>se impuso 2-0.<\/strong> En Vasco fueron titulares <strong>Claudio Spinelli (<\/strong> 72\u2019), <strong> Santiago Sosa e ingres\u00f3 Facundo Colidio <\/strong> a los 67&#8242; y asisti\u00f3 a Jos\u00e9 Luis Rodr\u00edguez para el 2-0. <strong>Diego Tarzia<\/strong> jug\u00f3 en Vitoria (61\u2019), y se ausentaron por suspensi\u00f3n <strong>Tom\u00e1s Pochettino y Emanuel Br\u00edtez.<\/strong><\/p>\n<\/div>\n<div id=\"element-body-14\" class=\"sc-df222161-0 hNvwjb\">\n<p>Esta Copa le entrega al ganador <strong>15 millones de d\u00f3lares s\u00f3lo por ganar la final (19 millones por premios acumulados en fases previas)<\/strong> y, desde esta edici\u00f3n, brinda dos lugares para la Copa Libertadores 2027 (para los dos finalistas).<\/p>\n<\/div>\n<p><h2><strong>Cuartos de final- revanchas<\/strong><\/h2>\n<\/p>\n<div id=\"element-body-19\" class=\"sc-df222161-0 hNvwjb\">\n<ul>\n<li>Vitoria 0 &#8211; Vasco da Gama 2<\/li>\n<\/ul>\n<\/div>\n<p><h2><strong>Cuartos de final &#8211; partidos de ida<\/strong><\/h2>\n<\/p>\n<div id=\"element-body-23\" class=\"sc-df222161-0 hNvwjb\">\n<ul>\n<li>Palmeiras 3 (J. L\u00f3pez -2- y A. Pereira)-Santos 0<\/li>\n<\/ul>\n<\/div>\n<div id=\"element-body-24\" class=\"sc-df222161-0 hNvwjb\">\n<ul>\n<li>Vasco da Gama 1 (A. G\u00f3mez)-Vitoria 0<\/li>\n<\/ul>\n<\/div>\n<div id=\"element-body-26\" class=\"sc-df222161-0 hNvwjb\">\n<p>Las semifinales ser\u00e1n entre el 1\u00b0 y el 8 de noviembre mientras que la final se jugar\u00e1 el 6 de diciembre.<\/p>\n<\/div>\n<div id=\"element-body-27\" class=\"sc-a7166897-0 eTTZWU\"><a href=\"https:\/\/www.ole.com.ar\/copa-argentina\/bocajuniors-penales-velezsarsfield-copaargentina-clasifico-cuartos_0_rIrGv8S6LL.html\" aria-label=\"Video: los penales con los que Boca se clasific\u00f3 a los cuartos de la Copa Argentina\" class=\"sc-d4f573e5-0 bUEDsN\"\/><\/p>\n<section><picture><img alt=\"Video: los penales con los que Boca se clasific\u00f3 a los cuartos de la Copa Argentina\" loading=\"lazy\" width=\"290\" height=\"290\" decoding=\"async\" data-nimg=\"1\" style=\"color:transparent\" src=\"https:\/\/fmamiga909.com.ar\/wp-content\/uploads\/2026\/09\/1788496223_458_I78xNrM8l_290x290__1.jpg\"\/><\/picture>\n<p><span>Mir\u00e1 tambi\u00e9n<\/span><\/p>\n<hr\/>\n<h3>Video: los penales con los que Boca se clasific\u00f3 a los cuartos de la Copa Argentina<\/h3>\n<\/p>\n<\/section>\n<\/div>\n<div id=\"element-body-28\" class=\"sc-a7166897-0 eTTZWU\"><a href=\"https:\/\/www.ole.com.ar\/boca-juniors\/boca-va-copa-argentina-sudamericana-torneo-clausura-tabla-anual-trofeo-campeones_0_psIzH4u2S8.html\" aria-label=\"Boca va por todo: los cinco t\u00edtulos que puede ganar en 2026\" class=\"sc-d4f573e5-0 bUEDsN\"\/><\/p>\n<section><picture><img alt=\"Boca va por todo: los cinco t\u00edtulos que puede ganar en 2026\" loading=\"lazy\" width=\"290\" height=\"290\" decoding=\"async\" data-nimg=\"1\" style=\"color:transparent\" src=\"https:\/\/fmamiga909.com.ar\/wp-content\/uploads\/2026\/09\/1788496223_411_pvER1W2Gb_290x290__1.jpg\"\/><\/picture>\n<p><span>Mir\u00e1 tambi\u00e9n<\/span><\/p>\n<hr\/>\n<h3>Boca va por todo: los cinco t\u00edtulos que puede ganar en 2026<\/h3>\n<\/p>\n<\/section>\n<\/div>\n<div id=\"element-body-29\" class=\"sc-a7166897-0 eTTZWU\"><a href=\"https:\/\/www.ole.com.ar\/copa-argentina\/primer-homenaje-messi-minuto-aplausos-boca-velez_0_dlcNFfAC7J.html\" aria-label=\"El primer homenaje para Messi: un minuto de aplausos en Boca - V\u00e9lez\" class=\"sc-d4f573e5-0 bUEDsN\"\/><\/p>\n<section><picture><img alt=\"El primer homenaje para Messi: un minuto de aplausos en Boca - V\u00e9lez\" loading=\"lazy\" width=\"290\" height=\"290\" decoding=\"async\" data-nimg=\"1\" style=\"color:transparent\" src=\"https:\/\/fmamiga909.com.ar\/wp-content\/uploads\/2026\/09\/1788496223_781_b3eCt31v2_290x290__1.jpg\"\/><\/picture>\n<p><span>Mir\u00e1 tambi\u00e9n<\/span><\/p>\n<hr\/>\n<h3>El primer homenaje para Messi: un minuto de aplausos en Boca &#8211; V\u00e9lez<\/h3>\n<\/p>\n<\/section>\n<\/div>\n<div id=\"element-body-30\" class=\"sc-a7166897-0 eTTZWU\"><a href=\"https:\/\/www.ole.com.ar\/velez\/orgullo-hernan-feler-relato-primera-vez-hijo-luca-velez-vs-boca-copa-argentina-video_0_SBC6FO6WA1.html\" aria-label=\"El orgullo de Hern\u00e1n Feler por relatar por primera vez a Luca: &quot;Entra mi hijo&quot;\" class=\"sc-d4f573e5-0 bUEDsN\"\/><\/p>\n<section><picture><img alt=\"El orgullo de Hern\u00e1n Feler por relatar por primera vez a Luca: &quot;Entra mi hijo&quot;\" loading=\"lazy\" width=\"290\" height=\"290\" decoding=\"async\" data-nimg=\"1\" style=\"color:transparent\" src=\"https:\/\/fmamiga909.com.ar\/wp-content\/uploads\/2026\/09\/1788496223_710_IlOC3ls2h_290x290__1.jpg\"\/><\/picture>\n<p><span>Mir\u00e1 tambi\u00e9n<\/span><\/p>\n<hr\/>\n<h3>El orgullo de Hern\u00e1n Feler por relatar por primera vez a Luca: \u00abEntra mi hijo\u00bb<\/h3>\n<\/p>\n<\/section>\n<\/div>\n<div id=\"element-body-31\" class=\"sc-a7166897-0 eTTZWU\"><a href=\"https:\/\/www.ole.com.ar\/river-plate\/juanfernandoquintero-palazo-eduardocoudet-tiempo-dio-razon_0_aGGYDSVOh5.html\" aria-label=\"Quintero y otro palazo a Coudet: &quot;El tiempo me dio la raz\u00f3n&quot;\" class=\"sc-d4f573e5-0 bUEDsN\"\/><\/p>\n<section><picture><img alt=\"Quintero y otro palazo a Coudet: &quot;El tiempo me dio la raz\u00f3n&quot;\" loading=\"lazy\" width=\"290\" height=\"290\" decoding=\"async\" data-nimg=\"1\" style=\"color:transparent\" src=\"https:\/\/fmamiga909.com.ar\/wp-content\/uploads\/2026\/09\/NwDDmIt-7_290x290__1.jpg\"\/><\/picture>\n<p><span>Mir\u00e1 tambi\u00e9n<\/span><\/p>\n<hr\/>\n<h3>Quintero y otro palazo a Coudet: \u00abEl tiempo me dio la raz\u00f3n\u00bb<\/h3>\n<\/p>\n<\/section>\n<\/div>\n<\/div>\n<p><a href=\"https:\/\/www.ole.com.ar\/futbol-internacional\/america\/copa-brasil-2026-resultados-cuartos-final-argentinos_0_5gp5Q9UHs4.html\">source<\/a><\/p>\n","protected":false},"excerpt":{"rendered":"<p>La atrapante y millonaria Copa Brasil ya tiene a definidos a su cuuatro semifinalistas con&#8230;<\/p>\n","protected":false},"author":3,"featured_media":49721,"comment_status":"closed","ping_status":"closed","sticky":false,"template":"","format":"standard","meta":{"footnotes":""},"categories":[21],"tags":[],"class_list":["post-49720","post","type-post","status-publish","format-standard","has-post-thumbnail","hentry","category-deportes"],"featured_image_urls":{"full":["https:\/\/fmamiga909.com.ar\/wp-content\/uploads\/2026\/09\/wp-header-logo-62.png",720,720,false],"thumbnail":["https:\/\/fmamiga909.com.ar\/wp-content\/uploads\/2026\/09\/wp-header-logo-62-150x150.png",150,150,true],"medium":["https:\/\/fmamiga909.com.ar\/wp-content\/uploads\/2026\/09\/wp-header-logo-62-300x300.png",300,300,true],"medium_large":["https:\/\/fmamiga909.com.ar\/wp-content\/uploads\/2026\/09\/wp-header-logo-62.png",720,720,false],"large":["https:\/\/fmamiga909.com.ar\/wp-content\/uploads\/2026\/09\/wp-header-logo-62.png",640,640,false],"1536x1536":["https:\/\/fmamiga909.com.ar\/wp-content\/uploads\/2026\/09\/wp-header-logo-62.png",720,720,false],"2048x2048":["https:\/\/fmamiga909.com.ar\/wp-content\/uploads\/2026\/09\/wp-header-logo-62.png",720,720,false],"newsium-slider-full":["https:\/\/fmamiga909.com.ar\/wp-content\/uploads\/2026\/09\/wp-header-logo-62.png",720,720,false],"newsium-featured":["https:\/\/fmamiga909.com.ar\/wp-content\/uploads\/2026\/09\/wp-header-logo-62.png",720,720,false],"newsium-medium":["https:\/\/fmamiga909.com.ar\/wp-content\/uploads\/2026\/09\/wp-header-logo-62-720x475.png",720,475,true]},"author_info":{"display_name":"Fredy Giuliano","author_link":"https:\/\/fmamiga909.com.ar\/?author=3"},"category_info":"<a href=\"https:\/\/fmamiga909.com.ar\/?cat=21\" rel=\"category\">Deportes<\/a>","tag_info":"Deportes","comment_count":"0","_links":{"self":[{"href":"https:\/\/fmamiga909.com.ar\/index.php?rest_route=\/wp\/v2\/posts\/49720","targetHints":{"allow":["GET"]}}],"collection":[{"href":"https:\/\/fmamiga909.com.ar\/index.php?rest_route=\/wp\/v2\/posts"}],"about":[{"href":"https:\/\/fmamiga909.com.ar\/index.php?rest_route=\/wp\/v2\/types\/post"}],"author":[{"embeddable":true,"href":"https:\/\/fmamiga909.com.ar\/index.php?rest_route=\/wp\/v2\/users\/3"}],"replies":[{"embeddable":true,"href":"https:\/\/fmamiga909.com.ar\/index.php?rest_route=%2Fwp%2Fv2%2Fcomments&post=49720"}],"version-history":[{"count":0,"href":"https:\/\/fmamiga909.com.ar\/index.php?rest_route=\/wp\/v2\/posts\/49720\/revisions"}],"wp:featuredmedia":[{"embeddable":true,"href":"https:\/\/fmamiga909.com.ar\/index.php?rest_route=\/wp\/v2\/media\/49721"}],"wp:attachment":[{"href":"https:\/\/fmamiga909.com.ar\/index.php?rest_route=%2Fwp%2Fv2%2Fmedia&parent=49720"}],"wp:term":[{"taxonomy":"category","embeddable":true,"href":"https:\/\/fmamiga909.com.ar\/index.php?rest_route=%2Fwp%2Fv2%2Fcategories&post=49720"},{"taxonomy":"post_tag","embeddable":true,"href":"https:\/\/fmamiga909.com.ar\/index.php?rest_route=%2Fwp%2Fv2%2Ftags&post=49720"}],"curies":[{"name":"wp","href":"https:\/\/api.w.org\/{rel}","templated":true}]}}