{"id":49745,"date":"2026-09-04T04:44:12","date_gmt":"2026-09-04T04:44:12","guid":{"rendered":"https:\/\/fmamiga909.com.ar\/?p=49745"},"modified":"2026-09-04T04:44:12","modified_gmt":"2026-09-04T04:44:12","slug":"bertoni-sera-candidato-a-presidente-de-independiente","status":"publish","type":"post","link":"https:\/\/fmamiga909.com.ar\/?p=49745","title":{"rendered":"Bertoni ser\u00e1 candidato a presidente de Independiente"},"content":{"rendered":"<div id=\"storyBody\">\n<div id=\"element-body-0\" class=\"sc-df222161-0 hNvwjb\">\n<p><strong><a href=\"https:\/\/www.ole.com.ar\/tema\/daniel-bertoni.html\" title=\"Daniel Bertoni\" alt=\"Daniel Bertoni\" class=\"slug\">Daniel Ricardo Bertoni<\/a><\/strong> se suma a la vida pol\u00edtica de <strong><a href=\"https:\/\/www.ole.com.ar\/tema\/club-atletico-independiente.html\" title=\"Club Atl\u00e9tico Independiente\" alt=\"Club Atl\u00e9tico Independiente\" class=\"slug\">Independiente<\/a><\/strong>: el ex delantero del Rojo en los 70 <strong>ser\u00e1 candidato a presidente del club<\/strong> en la elecci\u00f3n que deber\u00e1n realizarse antes de fin de a\u00f1o y que todav\u00eda no tienen fecha. El anuncio oficial ser\u00e1 el pr\u00f3ximo lunes en una conferencia de prensa.<\/p>\n<\/div>\n<div id=\"element-body-1\" class=\"sc-df222161-0 hNvwjb\">\n<p>El ex t\u00e9cnico del Diablo (se hizo cargo tras el fallecimiento de <a href=\"https:\/\/www.ole.com.ar\/tema\/jose-omar-pastoriza.html\" title=\"Jos\u00e9 Omar Pastoriza\" alt=\"Jos\u00e9 Omar Pastoriza\" class=\"slug\">Pastoriza<\/a> en 2004, por un semestre) ser\u00e1 el postulante de la Agrupaci\u00f3n Puros Rojos. El trinomio se completar\u00eda con el presidente de ese sector, Adri\u00e1n Sim\u00f3n, y el revisor de cuentas Ariel Canteros.<\/p>\n<\/div>\n<div id=\"element-body-2\" class=\"sc-df222161-0 hNvwjb\">\n<p>Bertoni ya hab\u00eda expuesto su deseo de conducir al club <strong>antes de la elecci\u00f3n que determin\u00f3 la llegada de Fabi\u00e1n Doman<\/strong>, quien a los tres meses renunci\u00f3, por lo que <a href=\"https:\/\/www.ole.com.ar\/tema\/nestor-grindetti.html\" title=\"Nestor Grindetti\" alt=\"Nestor Grindetti\" class=\"slug\">N\u00e9stor Grindetti<\/a> qued\u00f3 a cargo.<\/p>\n<\/div>\n<div id=\"element-body-3\" class=\"sc-df222161-0 hNvwjb\">\n<p>Daniel tiene 71 a\u00f1os y fue tricampe\u00f3n de Am\u00e9rica entre 1973 y 1975, per\u00edodo en el que adem\u00e1s gan\u00f3 la Intercontinental 1973 y las Interamericanas 1974 y 1976.<\/p>\n<\/div>\n<div class=\"sc-c0843421-0 iNysjD image-embed\" id=\"element-body-4\"><img alt=\"Bertoni junto a Bochini e Islas, quien podr\u00eda ser parte de una agrupaci\u00f3n opositora, en Independiente.\" loading=\"lazy\" width=\"720\" height=\"100\" decoding=\"async\" data-nimg=\"1\" style=\"color:transparent\" src=\"https:\/\/fmamiga909.com.ar\/wp-content\/uploads\/2026\/09\/5fGNSPTmY_720x0__1.jpg\"\/><span class=\"epigraphe\">Bertoni junto a Bochini e Islas, quien podr\u00eda ser parte de una agrupaci\u00f3n opositora, en Independiente.<\/span><\/div>\n<div id=\"element-body-5\" class=\"sc-df222161-0 hNvwjb\">\n<p>Bertoni tambi\u00e9n podr\u00eda competir con Gast\u00f3n Gaudio, ex tenista, quien antes de la derrota ante Gimnasia de Mendoza, en el estadio Libertadores de Am\u00e9rica &#8211; Ricardo Bochini, <a href=\"https:\/\/www.ole.com.ar\/independiente\/gastongaudio-independiente-elecciones-directordeporportivo_0_okbhoP0z51.html\" target=\"_self\" title=\"acept\u00f3 que &quot;hay muchas chances&quot;\" alt=\"acept\u00f3 que &quot;hay muchas chances&quot;\">acept\u00f3 que \u00abhay muchas chances\u00bb<\/a>. Espera cerrar el acuerdo con un director deportivo y con sponsors, seg\u00fan argumento.<\/p>\n<\/div>\n<div id=\"element-body-6\" class=\"sc-df222161-0 hNvwjb\">\n<p>Tambi\u00e9n, Luciano Nakis, dirigente con mucha experiencia en la AFA en la gesti\u00f3n de Claudio Tapia. Es referente de Lista Roja, el sector pol\u00edtico que, con el hist\u00f3rico Pedro Iso, codujo al club en el t\u00edtulo de la Libertadores e Intercontinental 1984, y anunci\u00f3 que tendr\u00e1 al Kun Ag\u00fcero en su equipo de trabajo.<\/p>\n<\/div>\n<div class=\"sc-c0843421-0 iNysjD image-embed\" id=\"element-body-7\"><img alt=\"Bertoni en 2025.\" loading=\"lazy\" width=\"720\" height=\"100\" decoding=\"async\" data-nimg=\"1\" style=\"color:transparent\" src=\"https:\/\/fmamiga909.com.ar\/wp-content\/uploads\/2026\/09\/sK_Q0i43T_720x0__1.jpg\"\/><span class=\"epigraphe\">Bertoni en 2025.<\/span><\/div>\n<div id=\"element-body-8\" class=\"sc-df222161-0 hNvwjb\">\n<p>Un nuevo sector, Revoluci\u00f3n Independiente, ir\u00eda con Luis Islas de candidato. <\/p>\n<\/div>\n<div id=\"element-body-9\" class=\"sc-df222161-0 hNvwjb\">\n<p>No se sabe si el oficialismo se presentar\u00e1 en la elecci\u00f3n.<\/p>\n<\/div>\n<div id=\"element-body-10\" class=\"sc-a7166897-0 eTTZWU\"><a href=\"https:\/\/www.ole.com.ar\/independiente\/independiente-jadson-viera-tecnico-habilitacion_0_OPeKaMcF22.html\" aria-label=\"El ins\u00f3lito motivo que podr\u00eda impedirle a Viera dirigir a Independiente\" class=\"sc-d4f573e5-0 bUEDsN\"\/><\/p>\n<section><picture><img alt=\"El ins\u00f3lito motivo que podr\u00eda impedirle a Viera dirigir a Independiente\" loading=\"lazy\" width=\"290\" height=\"290\" decoding=\"async\" data-nimg=\"1\" style=\"color:transparent\" src=\"https:\/\/fmamiga909.com.ar\/wp-content\/uploads\/2026\/09\/BauyOn82E_290x290__1.jpg\"\/><\/picture>\n<p><span>Mir\u00e1 tambi\u00e9n<\/span><\/p>\n<hr\/>\n<h3>El ins\u00f3lito motivo que podr\u00eda impedirle a Viera dirigir a Independiente<\/h3>\n<\/p>\n<\/section>\n<\/div>\n<div id=\"element-body-11\" class=\"sc-a7166897-0 eTTZWU\"><a href=\"https:\/\/www.ole.com.ar\/futbol-internacional\/mercado-pases-europa-premier-league-serie-italia-liga-espana-ligue-1-bundesliga-alemania-francia-enzo-fernandez-manchester-city-julian-alvarez-atletico-madrid-argentinos_0_oN6QoAFt6F.html\" aria-label=\"Cerr\u00f3 el mercado: todos los argentinos que jugar\u00e1n en la Premier, Italia y Espa\u00f1a\" class=\"sc-d4f573e5-0 bUEDsN\"\/><\/p>\n<section><picture><img alt=\"Cerr\u00f3 el mercado: todos los argentinos que jugar\u00e1n en la Premier, Italia y Espa\u00f1a\" loading=\"lazy\" width=\"290\" height=\"290\" decoding=\"async\" data-nimg=\"1\" style=\"color:transparent\" src=\"https:\/\/fmamiga909.com.ar\/wp-content\/uploads\/2026\/09\/w50-lTbU9_290x290__1.jpg\"\/><\/picture>\n<p><span>Mir\u00e1 tambi\u00e9n<\/span><\/p>\n<hr\/>\n<h3>Cerr\u00f3 el mercado: todos los argentinos que jugar\u00e1n en la Premier, Italia y Espa\u00f1a<\/h3>\n<\/p>\n<\/section>\n<\/div>\n<\/div>\n<p><a href=\"https:\/\/www.ole.com.ar\/independiente\/danielricardobertoni-independiente-agrupacionpurosrojos-gastongaudio_0_xm7SKfN7aJ.html\">source<\/a><\/p>\n","protected":false},"excerpt":{"rendered":"<p>Daniel Ricardo Bertoni se suma a la vida pol\u00edtica de Independiente: el ex delantero del&#8230;<\/p>\n","protected":false},"author":3,"featured_media":49746,"comment_status":"closed","ping_status":"closed","sticky":false,"template":"","format":"standard","meta":{"footnotes":""},"categories":[21],"tags":[],"class_list":["post-49745","post","type-post","status-publish","format-standard","has-post-thumbnail","hentry","category-deportes"],"featured_image_urls":{"full":["https:\/\/fmamiga909.com.ar\/wp-content\/uploads\/2026\/09\/wp-header-logo-66.png",720,457,false],"thumbnail":["https:\/\/fmamiga909.com.ar\/wp-content\/uploads\/2026\/09\/wp-header-logo-66-150x150.png",150,150,true],"medium":["https:\/\/fmamiga909.com.ar\/wp-content\/uploads\/2026\/09\/wp-header-logo-66-300x190.png",300,190,true],"medium_large":["https:\/\/fmamiga909.com.ar\/wp-content\/uploads\/2026\/09\/wp-header-logo-66.png",720,457,false],"large":["https:\/\/fmamiga909.com.ar\/wp-content\/uploads\/2026\/09\/wp-header-logo-66.png",640,406,false],"1536x1536":["https:\/\/fmamiga909.com.ar\/wp-content\/uploads\/2026\/09\/wp-header-logo-66.png",720,457,false],"2048x2048":["https:\/\/fmamiga909.com.ar\/wp-content\/uploads\/2026\/09\/wp-header-logo-66.png",720,457,false],"newsium-slider-full":["https:\/\/fmamiga909.com.ar\/wp-content\/uploads\/2026\/09\/wp-header-logo-66.png",720,457,false],"newsium-featured":["https:\/\/fmamiga909.com.ar\/wp-content\/uploads\/2026\/09\/wp-header-logo-66.png",720,457,false],"newsium-medium":["https:\/\/fmamiga909.com.ar\/wp-content\/uploads\/2026\/09\/wp-header-logo-66.png",720,457,false]},"author_info":{"display_name":"Fredy Giuliano","author_link":"https:\/\/fmamiga909.com.ar\/?author=3"},"category_info":"<a href=\"https:\/\/fmamiga909.com.ar\/?cat=21\" rel=\"category\">Deportes<\/a>","tag_info":"Deportes","comment_count":"0","_links":{"self":[{"href":"https:\/\/fmamiga909.com.ar\/index.php?rest_route=\/wp\/v2\/posts\/49745","targetHints":{"allow":["GET"]}}],"collection":[{"href":"https:\/\/fmamiga909.com.ar\/index.php?rest_route=\/wp\/v2\/posts"}],"about":[{"href":"https:\/\/fmamiga909.com.ar\/index.php?rest_route=\/wp\/v2\/types\/post"}],"author":[{"embeddable":true,"href":"https:\/\/fmamiga909.com.ar\/index.php?rest_route=\/wp\/v2\/users\/3"}],"replies":[{"embeddable":true,"href":"https:\/\/fmamiga909.com.ar\/index.php?rest_route=%2Fwp%2Fv2%2Fcomments&post=49745"}],"version-history":[{"count":0,"href":"https:\/\/fmamiga909.com.ar\/index.php?rest_route=\/wp\/v2\/posts\/49745\/revisions"}],"wp:featuredmedia":[{"embeddable":true,"href":"https:\/\/fmamiga909.com.ar\/index.php?rest_route=\/wp\/v2\/media\/49746"}],"wp:attachment":[{"href":"https:\/\/fmamiga909.com.ar\/index.php?rest_route=%2Fwp%2Fv2%2Fmedia&parent=49745"}],"wp:term":[{"taxonomy":"category","embeddable":true,"href":"https:\/\/fmamiga909.com.ar\/index.php?rest_route=%2Fwp%2Fv2%2Fcategories&post=49745"},{"taxonomy":"post_tag","embeddable":true,"href":"https:\/\/fmamiga909.com.ar\/index.php?rest_route=%2Fwp%2Fv2%2Ftags&post=49745"}],"curies":[{"name":"wp","href":"https:\/\/api.w.org\/{rel}","templated":true}]}}