{"id":4975,"date":"2017-02-20T10:26:09","date_gmt":"2017-02-20T10:26:09","guid":{"rendered":"http:\/\/fmamiga909.com.ar\/?p=4975"},"modified":"2017-02-20T10:26:09","modified_gmt":"2017-02-20T10:26:09","slug":"los-tamberos-damnificados-por-las-inundaciones-podran-refinanciar-sin-intereses-las-facturas-de-epe","status":"publish","type":"post","link":"https:\/\/fmamiga909.com.ar\/?p=4975","title":{"rendered":"Los tamberos damnificados por las inundaciones podr\u00e1n refinanciar sin intereses las facturas de EPE"},"content":{"rendered":"<p>La Secretar\u00eda de Estado de la Energ\u00eda de Santa Fe instruy\u00f3 a la distribuidora el\u00e9ctrica provincial, para implementar un r\u00e9gimen excepcional de financiaci\u00f3n a los productores tamberos que lo soliciten.<\/p>\n<p>La Secretar\u00eda de Estado de la Energ\u00eda de Santa Fe instruy\u00f3 a la Empresa Provincial de la Energ\u00eda (EPE) para que implemente \u2013en el \u00e1mbito de su jurisdicci\u00f3n\u2013, un r\u00e9gimen excepcional de financiaci\u00f3n para los productores tamberos que as\u00ed lo soliciten.<\/p>\n<p>Este r\u00e9gimen de excepci\u00f3n est\u00e1 dirigido a productores tamberos, usuarios de peque\u00f1as demandas, y cuyos establecimientos se encuentren localizados en los departamentos 9 de Julio, San Crist\u00f3bal, Castellanos y Las Colonias. El r\u00e9gimen de financiamiento abarca las facturaciones correspondientes a los bimestres 1\u00b0 y 2\u00b0 del 2017, cuyo total se abonar\u00e1 a partir del vencimiento del bimestre 3\u00b0 en seis (6) cuotas, sin gastos ni intereses.<\/p>\n<p>El objetivo de esta medida excepcional es dar respuesta a los productores que sufrieron da\u00f1os derivados de los eventos clim\u00e1ticos y acompa\u00f1ar su recuperaci\u00f3n productiva.<\/p>\n<p>La secretar\u00eda solicit\u00f3 a la EPE, adem\u00e1s, informar debidamente a todas las agencias comerciales involucradas en el presente r\u00e9gimen excepcional para atender a los tamberos que lo soliciten.<\/p>\n<p><strong>DECRETO DE EMERGENCIA<\/strong><br \/>\nMediante decreto N\u00ba 009 del 16 de enero de 2017, el Poder Ejecutivo provincial declar\u00f3 \u201cestado de desastre y\/o emergencia agropecuaria para todos los distritos comprendidos en el decreto N\u00b0 0807\/16, desde el 1\u00b0 de enero de 2017 hasta el 30 de junio de 2017\u201d.<\/p>\n","protected":false},"excerpt":{"rendered":"<p>La Secretar\u00eda de Estado de la Energ\u00eda de Santa Fe instruy\u00f3 a la distribuidora el\u00e9ctrica&#8230;<\/p>\n","protected":false},"author":3,"featured_media":4976,"comment_status":"closed","ping_status":"closed","sticky":false,"template":"","format":"standard","meta":{"footnotes":""},"categories":[1,3],"tags":[],"class_list":["post-4975","post","type-post","status-publish","format-standard","has-post-thumbnail","hentry","category-uncategorized","category-noticias"],"featured_image_urls":{"full":["https:\/\/fmamiga909.com.ar\/wp-content\/uploads\/2017\/02\/tambo.jpg",1024,768,false],"thumbnail":["https:\/\/fmamiga909.com.ar\/wp-content\/uploads\/2017\/02\/tambo-150x150.jpg",150,150,true],"medium":["https:\/\/fmamiga909.com.ar\/wp-content\/uploads\/2017\/02\/tambo-300x225.jpg",300,225,true],"medium_large":["https:\/\/fmamiga909.com.ar\/wp-content\/uploads\/2017\/02\/tambo.jpg",1024,768,false],"large":["https:\/\/fmamiga909.com.ar\/wp-content\/uploads\/2017\/02\/tambo-1024x768.jpg",640,480,true],"1536x1536":["https:\/\/fmamiga909.com.ar\/wp-content\/uploads\/2017\/02\/tambo.jpg",1024,768,false],"2048x2048":["https:\/\/fmamiga909.com.ar\/wp-content\/uploads\/2017\/02\/tambo.jpg",1024,768,false],"newsium-slider-full":["https:\/\/fmamiga909.com.ar\/wp-content\/uploads\/2017\/02\/tambo.jpg",1024,768,false],"newsium-featured":["https:\/\/fmamiga909.com.ar\/wp-content\/uploads\/2017\/02\/tambo.jpg",1024,768,false],"newsium-medium":["https:\/\/fmamiga909.com.ar\/wp-content\/uploads\/2017\/02\/tambo.jpg",633,475,false]},"author_info":{"display_name":"Fredy Giuliano","author_link":"https:\/\/fmamiga909.com.ar\/?author=3"},"category_info":"<a href=\"https:\/\/fmamiga909.com.ar\/?cat=1\" rel=\"category\">La radio<\/a> <a href=\"https:\/\/fmamiga909.com.ar\/?cat=3\" rel=\"category\">Noticias<\/a>","tag_info":"Noticias","comment_count":"0","_links":{"self":[{"href":"https:\/\/fmamiga909.com.ar\/index.php?rest_route=\/wp\/v2\/posts\/4975","targetHints":{"allow":["GET"]}}],"collection":[{"href":"https:\/\/fmamiga909.com.ar\/index.php?rest_route=\/wp\/v2\/posts"}],"about":[{"href":"https:\/\/fmamiga909.com.ar\/index.php?rest_route=\/wp\/v2\/types\/post"}],"author":[{"embeddable":true,"href":"https:\/\/fmamiga909.com.ar\/index.php?rest_route=\/wp\/v2\/users\/3"}],"replies":[{"embeddable":true,"href":"https:\/\/fmamiga909.com.ar\/index.php?rest_route=%2Fwp%2Fv2%2Fcomments&post=4975"}],"version-history":[{"count":1,"href":"https:\/\/fmamiga909.com.ar\/index.php?rest_route=\/wp\/v2\/posts\/4975\/revisions"}],"predecessor-version":[{"id":4977,"href":"https:\/\/fmamiga909.com.ar\/index.php?rest_route=\/wp\/v2\/posts\/4975\/revisions\/4977"}],"wp:featuredmedia":[{"embeddable":true,"href":"https:\/\/fmamiga909.com.ar\/index.php?rest_route=\/wp\/v2\/media\/4976"}],"wp:attachment":[{"href":"https:\/\/fmamiga909.com.ar\/index.php?rest_route=%2Fwp%2Fv2%2Fmedia&parent=4975"}],"wp:term":[{"taxonomy":"category","embeddable":true,"href":"https:\/\/fmamiga909.com.ar\/index.php?rest_route=%2Fwp%2Fv2%2Fcategories&post=4975"},{"taxonomy":"post_tag","embeddable":true,"href":"https:\/\/fmamiga909.com.ar\/index.php?rest_route=%2Fwp%2Fv2%2Ftags&post=4975"}],"curies":[{"name":"wp","href":"https:\/\/api.w.org\/{rel}","templated":true}]}}