{"id":49771,"date":"2026-09-04T05:30:56","date_gmt":"2026-09-04T05:30:56","guid":{"rendered":"https:\/\/fmamiga909.com.ar\/?p=49771"},"modified":"2026-09-04T05:30:56","modified_gmt":"2026-09-04T05:30:56","slug":"suerte-o-talento-los-antecedentes-de-alvaro-montero-en-los-penales","status":"publish","type":"post","link":"https:\/\/fmamiga909.com.ar\/?p=49771","title":{"rendered":"Suerte o talento: los antecedentes de \u00c1lvaro Montero en los penales"},"content":{"rendered":"<div id=\"storyBody\">\n<div id=\"element-body-0\" class=\"sc-df222161-0 hNvwjb\">\n<p><strong><a href=\"https:\/\/www.ole.com.ar\/tema\/alvaro-montero.html\" title=\"Alvaro Montero\" alt=\"Alvaro Montero\" class=\"slug\">\u00c1lvaro Montero<\/a><\/strong> qued\u00f3 en el centro de la escena. Rodeado por sus compa\u00f1eros, felicitado en el vestuario y hasta recibiendo el abrazo de <strong><a href=\"https:\/\/www.ole.com.ar\/tema\/juan-roman-riquelme.html\" title=\"Juan Rom\u00e1n Riquelme\" alt=\"Juan Rom\u00e1n Riquelme\" class=\"slug\">Juan Rom\u00e1n Riquelme<\/a><\/strong> despu\u00e9s de una clasificaci\u00f3n sufrida. <strong><a href=\"https:\/\/www.ole.com.ar\/tema\/boca-juniors.html\" title=\"Boca Juniors\" alt=\"Boca Juniors\" class=\"slug\">Boca<\/a> hab\u00eda eliminado a <a href=\"https:\/\/www.ole.com.ar\/copa-argentina\/bocajuniors-penales-velezsarsfield-copaargentina-clasifico-cuartos_0_rIrGv8S6LL.html\" target=\"_self\" title=\"V\u00e9lez por penales en C\u00f3rdoba\" alt=\"V\u00e9lez por penales en C\u00f3rdoba\">V\u00e9lez por penales en C\u00f3rdoba<\/a><\/strong> y <strong>el colombiano hab\u00eda sido decisivo con dos atajadas<\/strong>. Una noche que <strong>puede marcar un punto de quiebre para un arquero que lleg\u00f3 cuestionado<\/strong>, atraves\u00f3 momentos dif\u00edciles y ahora empieza a construir su historia en un club en el que los especialistas desde los 12 pasos siempre tuvieron un lugar privilegiado.<\/p>\n<\/div>\n<div id=\"element-body-1\" class=\"sc-df222161-0 hNvwjb\">\n<p>Y no lleg\u00f3 de casualidad. <strong>Montero fue un pedido puntual de <a href=\"https:\/\/www.ole.com.ar\/tema\/rodolfo-arruabarrena.html\" title=\"Rodolfo Arruabarrena\" alt=\"Rodolfo Arruabarrena\" class=\"slug\">Rodolfo Arruabarrena<\/a><\/strong>. Con nombre y apellido. El Vasco quer\u00eda al colombiano para su segundo ciclo y Boca fue a buscarlo.<\/p>\n<\/div>\n<div id=\"element-body-2\" class=\"sc-df222161-0 hNvwjb\">\n<p>Por eso, su frase despu\u00e9s de eliminar a V\u00e9lez tuvo tambi\u00e9n un significado especial: <strong>\u201cDespu\u00e9s, la cuota de suerte que tenemos que tener y un arquero que en esos momentos se agranda m\u00e1s grande de lo que es.<\/strong> Pateamos bien y pasamos\u201d. Antes hab\u00eda apelado a la m\u00edstica: <strong>\u201cPenales es tranquilidad, paciencia y tenemos una historia y esa historia muchas veces se repite\u201d.<\/strong><\/p>\n<\/div>\n<div id=\"element-body-3\" class=\"sc-df222161-0 hNvwjb\">\n<p>Y vaya si Boca tiene historia: <strong><a href=\"https:\/\/www.ole.com.ar\/tema\/oscar-cordoba.html\" title=\"\u00d3scar C\u00f3rdoba\" alt=\"\u00d3scar C\u00f3rdoba\" class=\"slug\">\u00d3scar C\u00f3rdoba<\/a>, <a href=\"https:\/\/www.ole.com.ar\/tema\/roberto-abbondanzieri.html\" title=\"Roberto Abbondanzieri\" alt=\"Roberto Abbondanzieri\" class=\"slug\">Roberto Abbondanzieri<\/a>, <a href=\"https:\/\/www.ole.com.ar\/tema\/agustin-orion.html\" title=\"Agust\u00edn Orion\" alt=\"Agust\u00edn Orion\" class=\"slug\">Agust\u00edn Orion<\/a>, <a href=\"https:\/\/www.ole.com.ar\/tema\/agustin-rossi.html\" title=\"Agust\u00edn Rossi\" alt=\"Agust\u00edn Rossi\" class=\"slug\">Agust\u00edn Rossi<\/a> y <a href=\"https:\/\/www.ole.com.ar\/tema\/sergio-romero.html\" title=\"Sergio Romero\" alt=\"Sergio Romero\" class=\"slug\">Sergio Romero<\/a><\/strong> son algunos de los <strong>arqueros que construyeron una relaci\u00f3n especial con los penales<\/strong>. Chiquito, de hecho, result\u00f3 <strong>determinante en la Libertadores 2023<\/strong>. El registro hist\u00f3rico del club, adem\u00e1s, desde los 12 pasos es extraordinario, aunque esa es otra historia.<\/p>\n<\/div>\n<div class=\"sc-c0843421-0 iNysjD image-embed\" id=\"element-body-4\"><img alt=\"El arquero colombiano de Boca ataj\u00f3 dos penales en la definci\u00f3n con V\u00e9lez. A cuartos de Copa Argentina (Fotobaires).\" loading=\"lazy\" width=\"720\" height=\"100\" decoding=\"async\" data-nimg=\"1\" style=\"color:transparent\" src=\"https:\/\/fmamiga909.com.ar\/wp-content\/uploads\/2026\/09\/1788499854_385_cAvbD73yr_720x0__1.jpg\"\/><span class=\"epigraphe\">El arquero colombiano de Boca ataj\u00f3 dos penales en la definci\u00f3n con V\u00e9lez. A cuartos de Copa Argentina (Fotobaires).<\/span><\/div>\n<p><h2><strong>De las dudas a convertirse en figura<\/strong><\/h2>\n<\/p>\n<div id=\"element-body-6\" class=\"sc-df222161-0 hNvwjb\">\n<p><strong>El desembarco de Montero no fue sencillo<\/strong>. Uno de los golpes m\u00e1s fuertes fue el 0-3 contra Riestra, cuando <strong>qued\u00f3 se\u00f1alado por los goles recibidos<\/strong>. <strong>Tampoco tuvo una noche convincente contra O&#8217;Higgins en Chile, por la Sudamericana<\/strong>, aunque <strong>all\u00ed empez\u00f3 a cambiar su historia<\/strong>: <strong>lleg\u00f3 la definici\u00f3n y apareci\u00f3 para ser determinante<\/strong>.<\/p>\n<\/div>\n<div id=\"element-body-7\" class=\"sc-df222161-0 hNvwjb\">\n<p>Despu\u00e9s, ante Lan\u00fas, <strong>volvi\u00f3 a salvar a Boca con una atajada enorme<\/strong> sobre el final cuando <strong>el partido todav\u00eda estaba 0-0<\/strong>. <strong>Minutos m\u00e1s tarde lleg\u00f3 el gol de Tom\u00e1s Belmonte<\/strong>. Y <strong>contra V\u00e9lez directamente se recibi\u00f3 de h\u00e9roe, pese a que cometi\u00f3 un penal a los 89&#8242; (peg\u00f3 en el palo)<\/strong>: <strong>dos penales atajados y clasificaci\u00f3n<\/strong>.<\/p>\n<\/div>\n<div id=\"element-body-8\" class=\"sc-8712cf2e-1 brsVwg\"><figcaption class=\"JWvideoNota_title\">\n<p>El colombiano \u00c1lvaro Montero recibi\u00f3 el premio al mejor jugador del partido ante V\u00e9lez y fue felicitado por todo el plantel y por Juan Rom\u00e1n Riquelme en el vestuario<\/p>\n<\/figcaption><\/div>\n<div id=\"element-body-9\" class=\"sc-df222161-0 hNvwjb\">\n<p>\u201cNosotros <strong>confiamos a muerte en \u00c1lvaro Montero<\/strong>. <strong>Es un arquero mundial<\/strong>. En varios partidos tuvo <strong>atajadas claves<\/strong> y hoy, como contra O\u2019Higgins, se hizo grande y <strong>nos dio la ventaja de dos penales<\/strong>, que es much\u00edsimo\u201d, lo elogi\u00f3 <strong><a href=\"https:\/\/www.ole.com.ar\/tema\/lautaro-blanco.html\" title=\"Lautaro Blanco\" alt=\"Lautaro Blanco\" class=\"slug\">Lautaro Blanco<\/a><\/strong>.<\/p>\n<\/div>\n<div id=\"element-body-10\" class=\"sc-df222161-0 hNvwjb\">\n<p>A la hora de explicar su rendimiento en los penales, Montero descart\u00f3 cualquier cuesti\u00f3n azarosa: <strong> \u201cTiene mucho que ver el trabajo. Siempre confiamos en trabajar muy bien y, adem\u00e1s, estamos en un club que te brinda todas las condiciones y capacidades para poder hacerlo\u201d.<\/strong> <\/p>\n<\/div>\n<div id=\"element-body-11\" class=\"sc-df222161-0 hNvwjb\">\n<p>De alguna manera, su actuaci\u00f3n tambi\u00e9n sirve para empezar a cicatrizar dos heridas recientes que generaron much\u00edsimo dolor. Porque pese a su enorme tradici\u00f3n en este rubro, Boca ven\u00eda de sufrir <strong>dos eliminaciones internacionales muy dolorosas por penales<\/strong>: <strong>Cruzeiro en la Sudamericana 2024<\/strong> y <strong>Alianza Lima en la Libertadores 2025<\/strong>.<\/p>\n<\/div>\n<p><h2><strong>Colombia ya conoc\u00eda al especialista<\/strong><\/h2>\n<\/p>\n<div id=\"element-body-14\" class=\"sc-df222161-0 hNvwjb\">\n<p>Lo que Boca empieza a disfrutar de su arquero de 36 a\u00f1os no representa ninguna novedad en Colombia. En 2018, defendiendo a Deportes Tolima, <strong>Montero fue h\u00e9roe en la final<\/strong> contra Atl\u00e9tico Nacional: ataj\u00f3 dos penales y su equipo fue campe\u00f3n.<\/p>\n<\/div>\n<div id=\"element-body-15\" class=\"sc-df222161-0 hNvwjb\">\n<p>Cinco a\u00f1os despu\u00e9s ocurri\u00f3 algo extraordinario. Ya en Millonarios, <strong>volvi\u00f3 a jugar una final contra Nacional<\/strong> y nuevamente <strong>tap\u00f3 dos en la definici\u00f3n, esta vez a Cristian Zapata y Jarlan Barrera<\/strong>, <strong>para encaminar otro t\u00edtulo<\/strong>. Aquella noche incluso dej\u00f3 una an\u00e9cdota que refleja su personalidad. Antes del \u00faltimo remate se acerc\u00f3 a Larry V\u00e1squez y le dijo: <strong>\u201cHazlo porque no voy a tapar m\u00e1s ning\u00fan penalti\u201d<\/strong>. Su compa\u00f1ero convirti\u00f3 y <strong>Millonarios fue campe\u00f3n<\/strong>.<\/p>\n<\/div>\n<div id=\"element-body-16\" class=\"sc-df222161-0 hNvwjb\">\n<p>Dos clubes, dos finales contra el mismo rival y <strong>cuatro penales atajados<\/strong>. Por eso, cuando <strong>Montero se hizo gigante ante V\u00e9lez<\/strong>, en Colombia seguramente no se sorprendieron. Ahora esa historia empieza a cruzarse con la de Boca. <strong>Lleg\u00f3 pedido especialmente por Arruabarrena<\/strong>, <strong>debi\u00f3 atravesar cr\u00edticas<\/strong> y hoy comienza a devolver aquella confianza. En C\u00f3rdoba <strong>ataj\u00f3 dos<\/strong>, <strong>meti\u00f3 al equipo en cuartos<\/strong> y <strong>termin\u00f3 abrazado por sus compa\u00f1eros y por Riquelme<\/strong>.<\/p>\n<\/div>\n<div id=\"element-body-17\" class=\"sc-df222161-0 hNvwjb\">\n<p>Boca tiene una historia con los penales. Montero tambi\u00e9n. <strong>Y esas dos historias empiezan a encontrarse. Justo ahora, en medio de los cuartos de final de la Copa Argentina y tambi\u00e9n de la Sudamericana. No es poco.<\/strong><\/p>\n<\/div>\n<div class=\"sc-c0843421-0 iNysjD image-embed\" id=\"element-body-18\"><img alt=\"Abrazo general para Montero, la figura de Boca ante V\u00e9lez (Fotobaires).\" loading=\"lazy\" width=\"720\" height=\"100\" decoding=\"async\" data-nimg=\"1\" style=\"color:transparent\" src=\"https:\/\/fmamiga909.com.ar\/wp-content\/uploads\/2026\/09\/UfSqq20Ig_720x0__1.jpg\"\/><span class=\"epigraphe\">Abrazo general para Montero, la figura de Boca ante V\u00e9lez (Fotobaires).<\/span><\/div>\n<div id=\"element-body-19\" class=\"sc-a7166897-0 eTTZWU\"><a href=\"https:\/\/www.ole.com.ar\/boca-juniors\/arbitro-vuelve-boca-despues-noche-insolita_0_CEVAkp3TK7.html\" aria-label=\"El \u00e1rbitro que vuelve a dirigir a Boca despu\u00e9s de un antecedente ins\u00f3lito\" class=\"sc-d4f573e5-0 bUEDsN\"\/><\/p>\n<section><picture><img alt=\"El \u00e1rbitro que vuelve a dirigir a Boca despu\u00e9s de un antecedente ins\u00f3lito\" loading=\"lazy\" width=\"290\" height=\"290\" decoding=\"async\" data-nimg=\"1\" style=\"color:transparent\" src=\"https:\/\/fmamiga909.com.ar\/wp-content\/uploads\/2026\/09\/t5JYNMaAt_290x290__1.jpg\"\/><\/picture>\n<p><span>Mir\u00e1 tambi\u00e9n<\/span><\/p>\n<hr\/>\n<h3>El \u00e1rbitro que vuelve a dirigir a Boca despu\u00e9s de un antecedente ins\u00f3lito<\/h3>\n<\/p>\n<\/section>\n<\/div>\n<div id=\"element-body-20\" class=\"sc-a7166897-0 eTTZWU\"><a href=\"https:\/\/www.ole.com.ar\/boca-juniors\/velez-boca-carlospalacios-marioalbertokempes-copaargentina-penales-alvaromontero-leandroparedes-lautaroblanco_0_69PWew1bvB.html\" aria-label=\"Carlos Palacios y un penal caliente ante V\u00e9lez que \u00e9l mismo pidi\u00f3: \u201cCruzado no fallo\u201d\" class=\"sc-d4f573e5-0 bUEDsN\"\/><\/p>\n<section><picture><img alt=\"Carlos Palacios y un penal caliente ante V\u00e9lez que \u00e9l mismo pidi\u00f3: \u201cCruzado no fallo\u201d\" loading=\"lazy\" width=\"290\" height=\"290\" decoding=\"async\" data-nimg=\"1\" style=\"color:transparent\" src=\"https:\/\/fmamiga909.com.ar\/wp-content\/uploads\/2026\/09\/DnTRpf5pr_290x290__1.jpg\"\/><\/picture>\n<p><span>Mir\u00e1 tambi\u00e9n<\/span><\/p>\n<hr\/>\n<h3>Carlos Palacios y un penal caliente ante V\u00e9lez que \u00e9l mismo pidi\u00f3: \u201cCruzado no fallo\u201d<\/h3>\n<\/p>\n<\/section>\n<\/div>\n<div id=\"element-body-21\" class=\"sc-a7166897-0 eTTZWU\"><a href=\"https:\/\/www.ole.com.ar\/boca-juniors\/boca-clausura-gimnasiademendoza-rodolfoarruabarrena_0_ewjJ2RbJmT.html\" aria-label=\"Arm\u00e1 tu 11 de Boca para enfrentar a Gimnasia de Mendoza\" class=\"sc-d4f573e5-0 bUEDsN\"\/><\/p>\n<section><picture><img alt=\"Arm\u00e1 tu 11 de Boca para enfrentar a Gimnasia de Mendoza\" loading=\"lazy\" width=\"290\" height=\"290\" decoding=\"async\" data-nimg=\"1\" style=\"color:transparent\" src=\"https:\/\/fmamiga909.com.ar\/wp-content\/uploads\/2026\/09\/9rRWheIlE_290x290__1.jpg\"\/><\/picture>\n<p><span>Mir\u00e1 tambi\u00e9n<\/span><\/p>\n<hr\/>\n<h3>Arm\u00e1 tu 11 de Boca para enfrentar a Gimnasia de Mendoza<\/h3>\n<\/p>\n<\/section>\n<\/div>\n<div id=\"element-body-22\" class=\"sc-a7166897-0 eTTZWU\"><a href=\"https:\/\/www.ole.com.ar\/boca-juniors\/locura-boca-mendoza-ovacion-paredes-actitud-villa-entrar_0_JwXTHXgRNX.html\" aria-label=\"Locura por Boca en Mendoza: la ovaci\u00f3n para Paredes y la actitud de Villa antes de entrar\" class=\"sc-d4f573e5-0 bUEDsN\"\/><\/p>\n<section><picture><img alt=\"Locura por Boca en Mendoza: la ovaci\u00f3n para Paredes y la actitud de Villa antes de entrar\" loading=\"lazy\" width=\"290\" height=\"290\" decoding=\"async\" data-nimg=\"1\" style=\"color:transparent\" src=\"https:\/\/fmamiga909.com.ar\/wp-content\/uploads\/2026\/09\/bcRWDDk--_290x290__1.jpg\"\/><\/picture>\n<p><span>Mir\u00e1 tambi\u00e9n<\/span><\/p>\n<hr\/>\n<h3>Locura por Boca en Mendoza: la ovaci\u00f3n para Paredes y la actitud de Villa antes de entrar<\/h3>\n<\/p>\n<\/section>\n<\/div>\n<div id=\"element-body-23\" class=\"sc-a7166897-0 eTTZWU\"><a href=\"https:\/\/www.ole.com.ar\/boca-juniors\/alvaro-montero-adelanto-penal-valido-copa-argentina-boca-velez_0_PUwukPeaYg.html\" aria-label=\"Por qu\u00e9 el penal decisivo que ataj\u00f3 Montero y reclam\u00f3 V\u00e9lez no debi\u00f3 patearse de nuevo&#10;\" class=\"sc-d4f573e5-0 bUEDsN\"\/><\/p>\n<section><picture><img alt=\"Por qu\u00e9 el penal decisivo que ataj\u00f3 Montero y reclam\u00f3 V\u00e9lez no debi\u00f3 patearse de nuevo&#10;\" loading=\"lazy\" width=\"290\" height=\"290\" decoding=\"async\" data-nimg=\"1\" style=\"color:transparent\" src=\"https:\/\/fmamiga909.com.ar\/wp-content\/uploads\/2026\/09\/KFf1TOOqm_290x290__1.jpg\"\/><\/picture>\n<p><span>Mir\u00e1 tambi\u00e9n<\/span><\/p>\n<hr\/>\n<h3>Por qu\u00e9 el penal decisivo que ataj\u00f3 Montero y reclam\u00f3 V\u00e9lez no debi\u00f3 patearse de nuevo<br \/>\n<\/h3>\n<\/p>\n<\/section>\n<\/div>\n<div id=\"element-body-24\" class=\"sc-a7166897-0 eTTZWU\"><a href=\"https:\/\/www.ole.com.ar\/futbol-primera\/ampliacion-estadio-gimnasia-mendoza-tribunas-tubulares-recibir-boca-torneo-clausura-hinchas_0_8HD8GYVBso.html\" aria-label=\"Gimnasia de Mendoza ampli\u00f3 su estadio para recibir a Boca\" class=\"sc-d4f573e5-0 bUEDsN\"\/><\/p>\n<section><picture><img alt=\"Gimnasia de Mendoza ampli\u00f3 su estadio para recibir a Boca\" loading=\"lazy\" width=\"290\" height=\"290\" decoding=\"async\" data-nimg=\"1\" style=\"color:transparent\" src=\"https:\/\/fmamiga909.com.ar\/wp-content\/uploads\/2026\/09\/Z2AxwztHl_290x290__1.jpg\"\/><\/picture>\n<p><span>Mir\u00e1 tambi\u00e9n<\/span><\/p>\n<hr\/>\n<h3>Gimnasia de Mendoza ampli\u00f3 su estadio para recibir a Boca<\/h3>\n<\/p>\n<\/section>\n<\/div>\n<div id=\"element-body-25\" class=\"sc-a7166897-0 eTTZWU\"><a href=\"https:\/\/www.ole.com.ar\/boca-juniors\/ezxequiel-changuito-zeballos-boca-llegada-italia-monza_0_4c14GNhMTm.html\" aria-label=\"Benvenuto, Zeballos: el Chango ya est\u00e1 en Italia para sumarse al Monza\" class=\"sc-d4f573e5-0 bUEDsN\"\/><\/p>\n<section><picture><img alt=\"Benvenuto, Zeballos: el Chango ya est\u00e1 en Italia para sumarse al Monza\" loading=\"lazy\" width=\"290\" height=\"290\" decoding=\"async\" data-nimg=\"1\" style=\"color:transparent\" src=\"https:\/\/fmamiga909.com.ar\/wp-content\/uploads\/2026\/09\/UE6aNXJ4B_290x290__1.jpg\"\/><\/picture>\n<p><span>Mir\u00e1 tambi\u00e9n<\/span><\/p>\n<hr\/>\n<h3>Benvenuto, Zeballos: el Chango ya est\u00e1 en Italia para sumarse al Monza<\/h3>\n<\/p>\n<\/section>\n<\/div>\n<div id=\"element-body-26\" class=\"sc-a7166897-0 eTTZWU\"><a href=\"https:\/\/www.ole.com.ar\/boca-juniors\/lesion-leandro-paredes-partido-boca-velez-copa-argentina_0_RMZljHDAH5.html\" aria-label=\"La respuesta de Paredes a Ol\u00e9 sobre la lesi\u00f3n que sufri\u00f3 con V\u00e9lez\" class=\"sc-d4f573e5-0 bUEDsN\"\/><\/p>\n<section><picture><img alt=\"La respuesta de Paredes a Ol\u00e9 sobre la lesi\u00f3n que sufri\u00f3 con V\u00e9lez\" loading=\"lazy\" width=\"290\" height=\"290\" decoding=\"async\" data-nimg=\"1\" style=\"color:transparent\" src=\"https:\/\/fmamiga909.com.ar\/wp-content\/uploads\/2026\/09\/1788499856_902_03gCnZ-NR_290x290__1.jpg\"\/><\/picture>\n<p><span>Mir\u00e1 tambi\u00e9n<\/span><\/p>\n<hr\/>\n<h3>La respuesta de Paredes a Ol\u00e9 sobre la lesi\u00f3n que sufri\u00f3 con V\u00e9lez<\/h3>\n<\/p>\n<\/section>\n<\/div>\n<div id=\"element-body-27\" class=\"sc-a7166897-0 eTTZWU\"><a href=\"https:\/\/www.ole.com.ar\/boca-juniors\/record-estadisticas-boca-penales-copa-argentina-partido-velez_0_qadsvDPPeS.html\" aria-label=\"El impresionante r\u00e9cord de Boca en los penales que agigant\u00f3 ante V\u00e9lez\" class=\"sc-d4f573e5-0 bUEDsN\"\/><\/p>\n<section><picture><img alt=\"El impresionante r\u00e9cord de Boca en los penales que agigant\u00f3 ante V\u00e9lez\" loading=\"lazy\" width=\"290\" height=\"290\" decoding=\"async\" data-nimg=\"1\" style=\"color:transparent\" src=\"https:\/\/fmamiga909.com.ar\/wp-content\/uploads\/2026\/09\/1788499856_529_nTx66Y2EE_290x290__1.jpg\"\/><\/picture>\n<p><span>Mir\u00e1 tambi\u00e9n<\/span><\/p>\n<hr\/>\n<h3>El impresionante r\u00e9cord de Boca en los penales que agigant\u00f3 ante V\u00e9lez<\/h3>\n<\/p>\n<\/section>\n<\/div>\n<div id=\"element-body-28\" class=\"sc-a7166897-0 eTTZWU\"><a href=\"https:\/\/www.ole.com.ar\/boca-juniors\/arruabarrena-conferencia-boca-velez-copa-argentina_0_BbNZ2Mt2oD.html\" aria-label=\"La conexi\u00f3n con la historia grande de Boca que hizo el Vasco tras el triunfo ante V\u00e9lez\" class=\"sc-d4f573e5-0 bUEDsN\"\/><\/p>\n<section><picture><img alt=\"La conexi\u00f3n con la historia grande de Boca que hizo el Vasco tras el triunfo ante V\u00e9lez\" loading=\"lazy\" width=\"290\" height=\"290\" decoding=\"async\" data-nimg=\"1\" style=\"color:transparent\" src=\"https:\/\/fmamiga909.com.ar\/wp-content\/uploads\/2026\/09\/1788499856_757_6vd-Fw7fG_290x290__1.jpg\"\/><\/picture>\n<p><span>Mir\u00e1 tambi\u00e9n<\/span><\/p>\n<hr\/>\n<h3>La conexi\u00f3n con la historia grande de Boca que hizo el Vasco tras el triunfo ante V\u00e9lez<\/h3>\n<\/p>\n<\/section>\n<\/div>\n<div id=\"element-body-29\" class=\"sc-a7166897-0 eTTZWU\"><a href=\"https:\/\/www.ole.com.ar\/boca-juniors\/triunfazo-boca-penales-copa-argentina_0_tYvSWOxGtu.html\" aria-label=\"El uno por uno del triunfazo de Boca por penales en la Copa Argentina\" class=\"sc-d4f573e5-0 bUEDsN\"\/><\/p>\n<section><picture><img alt=\"El uno por uno del triunfazo de Boca por penales en la Copa Argentina\" loading=\"lazy\" width=\"290\" height=\"290\" decoding=\"async\" data-nimg=\"1\" style=\"color:transparent\" src=\"https:\/\/fmamiga909.com.ar\/wp-content\/uploads\/2026\/09\/1788499856_589_qASzDBDGP_290x290__1.jpg\"\/><\/picture>\n<p><span>Mir\u00e1 tambi\u00e9n<\/span><\/p>\n<hr\/>\n<h3>El uno por uno del triunfazo de Boca por penales en la Copa Argentina<\/h3>\n<\/p>\n<\/section>\n<\/div>\n<\/div>\n<p><a href=\"https:\/\/www.ole.com.ar\/boca-juniors\/alvaro-montero-definicon-penales-especialista-abrazo-riquelme-boca-copa-argentina_0_OuNENfxtQv.html\">source<\/a><\/p>\n","protected":false},"excerpt":{"rendered":"<p>\u00c1lvaro Montero qued\u00f3 en el centro de la escena. Rodeado por sus compa\u00f1eros, felicitado en&#8230;<\/p>\n","protected":false},"author":3,"featured_media":49772,"comment_status":"closed","ping_status":"closed","sticky":false,"template":"","format":"standard","meta":{"footnotes":""},"categories":[21],"tags":[],"class_list":["post-49771","post","type-post","status-publish","format-standard","has-post-thumbnail","hentry","category-deportes"],"featured_image_urls":{"full":["https:\/\/fmamiga909.com.ar\/wp-content\/uploads\/2026\/09\/wp-header-logo-69.png",720,479,false],"thumbnail":["https:\/\/fmamiga909.com.ar\/wp-content\/uploads\/2026\/09\/wp-header-logo-69-150x150.png",150,150,true],"medium":["https:\/\/fmamiga909.com.ar\/wp-content\/uploads\/2026\/09\/wp-header-logo-69-300x200.png",300,200,true],"medium_large":["https:\/\/fmamiga909.com.ar\/wp-content\/uploads\/2026\/09\/wp-header-logo-69.png",720,479,false],"large":["https:\/\/fmamiga909.com.ar\/wp-content\/uploads\/2026\/09\/wp-header-logo-69.png",640,426,false],"1536x1536":["https:\/\/fmamiga909.com.ar\/wp-content\/uploads\/2026\/09\/wp-header-logo-69.png",720,479,false],"2048x2048":["https:\/\/fmamiga909.com.ar\/wp-content\/uploads\/2026\/09\/wp-header-logo-69.png",720,479,false],"newsium-slider-full":["https:\/\/fmamiga909.com.ar\/wp-content\/uploads\/2026\/09\/wp-header-logo-69.png",720,479,false],"newsium-featured":["https:\/\/fmamiga909.com.ar\/wp-content\/uploads\/2026\/09\/wp-header-logo-69.png",720,479,false],"newsium-medium":["https:\/\/fmamiga909.com.ar\/wp-content\/uploads\/2026\/09\/wp-header-logo-69-720x475.png",720,475,true]},"author_info":{"display_name":"Fredy Giuliano","author_link":"https:\/\/fmamiga909.com.ar\/?author=3"},"category_info":"<a href=\"https:\/\/fmamiga909.com.ar\/?cat=21\" rel=\"category\">Deportes<\/a>","tag_info":"Deportes","comment_count":"0","_links":{"self":[{"href":"https:\/\/fmamiga909.com.ar\/index.php?rest_route=\/wp\/v2\/posts\/49771","targetHints":{"allow":["GET"]}}],"collection":[{"href":"https:\/\/fmamiga909.com.ar\/index.php?rest_route=\/wp\/v2\/posts"}],"about":[{"href":"https:\/\/fmamiga909.com.ar\/index.php?rest_route=\/wp\/v2\/types\/post"}],"author":[{"embeddable":true,"href":"https:\/\/fmamiga909.com.ar\/index.php?rest_route=\/wp\/v2\/users\/3"}],"replies":[{"embeddable":true,"href":"https:\/\/fmamiga909.com.ar\/index.php?rest_route=%2Fwp%2Fv2%2Fcomments&post=49771"}],"version-history":[{"count":0,"href":"https:\/\/fmamiga909.com.ar\/index.php?rest_route=\/wp\/v2\/posts\/49771\/revisions"}],"wp:featuredmedia":[{"embeddable":true,"href":"https:\/\/fmamiga909.com.ar\/index.php?rest_route=\/wp\/v2\/media\/49772"}],"wp:attachment":[{"href":"https:\/\/fmamiga909.com.ar\/index.php?rest_route=%2Fwp%2Fv2%2Fmedia&parent=49771"}],"wp:term":[{"taxonomy":"category","embeddable":true,"href":"https:\/\/fmamiga909.com.ar\/index.php?rest_route=%2Fwp%2Fv2%2Fcategories&post=49771"},{"taxonomy":"post_tag","embeddable":true,"href":"https:\/\/fmamiga909.com.ar\/index.php?rest_route=%2Fwp%2Fv2%2Ftags&post=49771"}],"curies":[{"name":"wp","href":"https:\/\/api.w.org\/{rel}","templated":true}]}}