{"id":49781,"date":"2026-09-04T16:26:53","date_gmt":"2026-09-04T16:26:53","guid":{"rendered":"https:\/\/fmamiga909.com.ar\/?p=49781"},"modified":"2026-09-04T16:26:53","modified_gmt":"2026-09-04T16:26:53","slug":"neymar-dice-y-santos-responde-tras-el-fuerte-reclamo-el-club-inicio-los-trabajos-para-mejorar-su-cesped","status":"publish","type":"post","link":"https:\/\/fmamiga909.com.ar\/?p=49781","title":{"rendered":"Neymar dice y Santos responde: tras  el fuerte reclamo, el club inici\u00f3 los trabajos para mejorar su c\u00e9sped"},"content":{"rendered":"<div id=\"storyBody\">\n<div id=\"element-body-0\" class=\"sc-df222161-0 hNvwjb\">\n<p>Se sabe que, con jugadores de la talla de <strong><a href=\"https:\/\/www.ole.com.ar\/tema\/neymar.html\" title=\"Neymar\" alt=\"Neymar\" class=\"slug\">Neymar<\/a><\/strong>, su palabra tiene un impacto mucho mayor a cualquier otro m\u00e1s &#8216;terrenal&#8217;. Y tras apuntar directamente contra el canchero por el estado del campo de juego del Vila Belmiro, en lo que <a href=\"https:\/\/www.ole.com.ar\/futbol-internacional\/america\/copa-brasil-2026-revanchas-cuartos-clasicos-millonaria-atletico-mineiro-palmeiras-vasco-da-gama_0_7N9sq5udcI.html\" target=\"_blank\" title=\"fue eliminaci\u00f3n del Santos frente a Palmeiras por la Copa Brasil\" alt=\"fue eliminaci\u00f3n del Santos frente a Palmeiras por la Copa Brasil\">fue eliminaci\u00f3n del Santos frente a Palmeiras por la Copa Brasil<\/a>; <strong>el club se movi\u00f3 r\u00e1pidamente y tom\u00f3 cartas en el asunto.<\/strong><\/p>\n<\/div>\n<div id=\"element-body-1\" class=\"sc-df222161-0 hNvwjb\">\n<p>El fuerte reclamo de Ney, en el cual lleg\u00f3 a decir que se trabaja de un \u00abtrabajo de mierda\u00bb y que se trat\u00f3 del \u00abpeor c\u00e9sped que tuvo Vila jam\u00e1s\u00bb; gener\u00f3 que este jueves 3 de septiembre <strong>el Peixe invirtiera en reponer la situaci\u00f3n de la cancha. <\/strong><\/p>\n<\/div>\n<div id=\"element-body-2\" class=\"sc-df222161-0 hNvwjb\">\n<p>Seg\u00fan inform\u00f3 Lance, entre las acciones realizadas, el Peixe utiliz\u00f3 una m\u00e1quina para cortar y alinear el c\u00e9sped, adem\u00e1s de corregir la nivelaci\u00f3n del terreno, <strong>aplicando 200 kg de fertilizante. <\/strong><\/p>\n<\/div>\n<div id=\"element-body-3\" class=\"sc-df222161-0 hNvwjb\">\n<p>Primero se realizar\u00e1 la fertilizaci\u00f3n foliar, aplicando los nutrientes directamente a las hojas del c\u00e9sped, mientras que la aplicaci\u00f3n de fertilizante granulado continuar\u00e1 con la serie de trabajos. El cuadro paulista entiende que las fuertes lluvias que azotaron la regi\u00f3n en los \u00faltimos d\u00edas perjudicaron las condiciones y dificultaron el trabajo de mantenimiento.<\/p>\n<\/div>\n<div class=\"sc-c0843421-0 iNysjD image-embed\" id=\"element-body-4\"><img alt=\"Santos ya trabaja en mejorar el c\u00e9sped del Vila Belmiro.\" loading=\"lazy\" width=\"720\" height=\"100\" decoding=\"async\" data-nimg=\"1\" style=\"color:transparent\" src=\"https:\/\/fmamiga909.com.ar\/wp-content\/uploads\/2026\/09\/TKe0Ei-tt_720x0__1.jpg\"\/><span class=\"epigraphe\">Santos ya trabaja en mejorar el c\u00e9sped del Vila Belmiro.<\/span><\/div>\n<div id=\"element-body-5\" class=\"sc-df222161-0 hNvwjb\">\n<p>Santos busca mejorar r\u00e1pidamente la circulaci\u00f3n de agua, ox\u00edgeno y nutrientes hasta las ra\u00edces, adem\u00e1s de contribuir al drenaje y evitar la saturaci\u00f3n excesiva de la tierra que forma charcos. <\/p>\n<\/div>\n<div class=\"sc-c0843421-0 iNysjD image-embed\" id=\"element-body-6\"><img alt=\"Santos ya trabaja en mejorar el c\u00e9sped del Vila Belmiro.\" loading=\"lazy\" width=\"720\" height=\"100\" decoding=\"async\" data-nimg=\"1\" style=\"color:transparent\" src=\"https:\/\/fmamiga909.com.ar\/wp-content\/uploads\/2026\/09\/M8L8RSQXR_720x0__1.jpg\"\/><span class=\"epigraphe\">Santos ya trabaja en mejorar el c\u00e9sped del Vila Belmiro.<\/span><\/div>\n<div id=\"element-body-7\" class=\"sc-df222161-0 hNvwjb\">\n<p>\u00bfCu\u00e1ndo volver\u00e1 a jugar el Peixe en su casa? La expectativa de la directiva del Santos es que el c\u00e9sped presente mejores condiciones en el pr\u00f3ximo partido en Vila Belmiro: el mi\u00e9rcoles 9 de septiembre, por la Sudamericana y frente al Atl\u00e9tico Mineiro. <\/p>\n<\/div>\n<p><h2><strong>El reclamo de Neymar contra el canchero del Santos<\/strong><\/h2>\n<\/p>\n<div id=\"element-body-9\" class=\"sc-df222161-0 hNvwjb\">\n<p><strong><a href=\"https:\/\/www.ole.com.ar\/tema\/neymar.html\" title=\"Neymar\" alt=\"Neymar\" class=\"slug\">Neymar<\/a> sali\u00f3 lesionado en el <a href=\"https:\/\/www.ole.com.ar\/futbol-internacional\/america\/copa-brasil-2026-revanchas-cuartos-clasicos-millonaria-atletico-mineiro-palmeiras-vasco-da-gama_0_7N9sq5udcI.html\" target=\"_self\" title=\"empate 0-0 entre Santos y Palmeiras\" alt=\"empate 0-0 entre Santos y Palmeiras\">empate 0-0 entre Santos y Palmeiras<\/a> del mi\u00e9rcoles por la noche en Vila Belmiro, por la vuelta de los cuartos de final de la Copa de Brasil<\/strong>. El brasile\u00f1o sinti\u00f3 dolores en el muslo derecho sobre el cierre del primer tiempo y no sali\u00f3 a disputar la parte final. El Peixe, as\u00ed, qued\u00f3 eliminado porque el Verdao hab\u00eda ganado 3-0 la ida. Y este jueves por la ma\u00f1ana, apunt\u00f3 fuerte contra el canchero del club.<\/p>\n<\/div>\n<div id=\"element-body-10\" class=\"sc-df222161-0 hNvwjb\">\n<p>\u00abQuer\u00eda felicitar a nuestro responsable de la cancha de Vila Belmiro\u2026 <strong>Ayer fue el peor c\u00e9sped que tuvo Vila jam\u00e1s, lleno de pozos porque hicieron la descompactaci\u00f3n un d\u00eda antes del partido. \u00a1Incre\u00edble!\u00bb, <\/strong> comenz\u00f3 el #10 a trav\u00e9s de sus historias de Instagram.<\/p>\n<\/div>\n<div id=\"element-body-11\" class=\"sc-df222161-0 hNvwjb\">\n<p>\u00abAdem\u00e1s de jugar contra el rival, jugamos contra la cancha\u2026 y encima hacemos m\u00e1s fuerza para arrancar y frenar al correr porque el campo est\u00e1 irregular, no por nada tres sintieron molestias en el primer tiempo\u2026\u00bb, agreg\u00f3. Y cerr\u00f3 dur\u00edsimo: <strong>\u00abFelicitaciones, eh&#8230; Excelente trabajo de mierda\u00bb.<\/strong><\/p>\n<\/div>\n<div id=\"element-body-12\" class=\"sc-df222161-0 hNvwjb\">\n<p>Ney ser\u00e1 sometido a estudios para determinar el alcance de esta nueva lesi\u00f3n.<\/p>\n<\/div>\n<div class=\"sc-c0843421-0 iNysjD image-embed\" id=\"element-body-13\"><img alt=\"La historia de Neymar tras la eliminaci\u00f3n ante Palmeiras.\" loading=\"lazy\" width=\"720\" height=\"100\" decoding=\"async\" data-nimg=\"1\" style=\"color:transparent\" src=\"https:\/\/fmamiga909.com.ar\/wp-content\/uploads\/2026\/09\/VYoygp2tQ_720x0__1.jpg\"\/><span class=\"epigraphe\">La historia de Neymar tras la eliminaci\u00f3n ante Palmeiras.<\/span><\/div>\n<p><h2>\u00bfQu\u00e9 le pas\u00f3 a Neymar en Santos vs. Palmeiras?<\/h2>\n<\/p>\n<div id=\"element-body-15\" class=\"sc-df222161-0 hNvwjb\">\n<p>Las molestias aparecieron sobre el cierre del primer tiempo. Neymar recibi\u00f3 la pelota y, marcado por Agust\u00edn Giay, intent\u00f3 un remate desde afuera del \u00e1rea con la pierna izquierda. <strong>Poco despu\u00e9s comenz\u00f3 a tocarse el muslo derecho y a los 43 minutos realiz\u00f3 una se\u00f1al hacia el banco de suplentes<\/strong>.<\/p>\n<\/div>\n<div id=\"element-body-16\" class=\"sc-df222161-0 hNvwjb\">\n<p>El n\u00famero 10 intent\u00f3 continuar y <strong> realiz\u00f3 algunos movimientos para comprobar c\u00f3mo respond\u00eda f\u00edsicamente, pero termin\u00f3 la primera mitad con evidentes molestias<\/strong>. Tras ser evaluado durante el entretiempo, no regres\u00f3 al campo.<\/p>\n<\/div>\n<div id=\"element-body-18\" class=\"sc-df222161-0 hNvwjb\">\n<p>Una vez terminado el cl\u00e1sico, Cuca reconoci\u00f3 que dif\u00edcilmente pueda contar con su figura para el pr\u00f3ximo partido frente a Internacional por el Brasileirao. \u201c <strong>No es una situaci\u00f3n que queramos, \u00e9l est\u00e1 afuera probablemente. Vamos a tener que arreglarnos sin \u00e9l<\/strong>\u201d, explic\u00f3.<\/p>\n<\/div>\n<div id=\"element-body-19\" class=\"sc-df222161-0 hNvwjb\">\n<p>La situaci\u00f3n f\u00edsica del Principe se convirti\u00f3 ahora en uno de los principales problemas para Cuca. <strong>Santos visitar\u00e1 este domingo desde las 16 (hora argentina) al <a href=\"https:\/\/www.ole.com.ar\/tema\/inter-de-porto-alegre.html\" title=\"Inter de Porto Alegre\" alt=\"Inter de Porto Alegre\" class=\"slug\">Inter de Porto Alegre<\/a> por el <a href=\"https:\/\/www.ole.com.ar\/tema\/brasileirao.html\" title=\"Brasileirao\" alt=\"Brasileirao\" class=\"slug\">Brasileirao<\/a><\/strong> en un partido importante para alejarse de la zona de descenso; actualmente se ubica 14\u00ba con 29 unidades. Y el mi\u00e9rcoles 8 de septiembre afrontar\u00e1 la ida de los cuartos de final de la Copa Sudamericana frente al Atl\u00e9tico Mineiro.<\/p>\n<\/div>\n<div id=\"element-body-20\" class=\"sc-df222161-0 hNvwjb\">\n<p>Neymar <strong>lleva 25 partidos disputados, ocho goles y ocho asistencias en esta temporada<\/strong>. Su presencia en los pr\u00f3ximos compromisos depender\u00e1 del resultado de los estudios que se realizar\u00e1n este jueves.<\/p>\n<\/div>\n<p><h2>Santos qued\u00f3 eliminado de la Copa de Brasil<\/h2>\n<\/p>\n<div id=\"element-body-23\" class=\"sc-df222161-0 hNvwjb\">\n<p>La lesi\u00f3n de Ney se produjo en una noche que tambi\u00e9n termin\u00f3 con la eliminaci\u00f3n de <strong><a href=\"https:\/\/www.ole.com.ar\/tema\/santos-brasil.html\" title=\"Santos Brasil\" alt=\"Santos Brasil\" class=\"slug\">Santos<\/a><\/strong>. El Peixe <strong>necesitaba revertir el 3-0 sufrido en la ida, pero no pudo romper el cero en la Vila Belmiro<\/strong>.<\/p>\n<\/div>\n<div id=\"element-body-24\" class=\"sc-df222161-0 hNvwjb\">\n<p>La salida del brasile\u00f1o redujo el peso ofensivo del local en el complemento. <strong><a href=\"https:\/\/www.ole.com.ar\/tema\/palmeiras.html\" title=\"Palmeiras\" alt=\"Palmeiras\" class=\"slug\">Palmeiras<\/a><\/strong> administr\u00f3 la ventaja conseguida en la ida y sostuvo el 0-0 hasta el final. De esta manera, el Verdao <strong>gan\u00f3 la serie por un global de 3-0 y avanz\u00f3 a las semifinales de la Copa de Brasil<\/strong>.<\/p>\n<\/div>\n<div class=\"sc-c0843421-0 iNysjD image-embed\" id=\"element-body-25\"><img alt=\"Neymar, en el partido de Santos vs. Palmeiras.\" loading=\"lazy\" width=\"720\" height=\"100\" decoding=\"async\" data-nimg=\"1\" style=\"color:transparent\" src=\"https:\/\/fmamiga909.com.ar\/wp-content\/uploads\/2026\/09\/7tnwXMjhm_720x0__1.jpg\"\/><span class=\"epigraphe\">Neymar, en el partido de Santos vs. Palmeiras.<\/span><\/div>\n<div id=\"element-body-26\" class=\"sc-a7166897-0 eTTZWU\"><a href=\"https:\/\/www.ole.com.ar\/futbol-internacional\/america\/copa-brasil-2026-revanchas-cuartos-clasicos-millonaria-atletico-mineiro-palmeiras-vasco-da-gama_0_7N9sq5udcI.html\" aria-label=\"La millonaria Copa Brasil: el Palmeiras del Flaco L\u00f3pez semifinalista y 19 millones de d\u00f3lares al campe\u00f3n\" class=\"sc-d4f573e5-0 bUEDsN\"\/><\/p>\n<section><picture><img alt=\"La millonaria Copa Brasil: el Palmeiras del Flaco L\u00f3pez semifinalista y 19 millones de d\u00f3lares al campe\u00f3n\" loading=\"lazy\" width=\"290\" height=\"290\" decoding=\"async\" data-nimg=\"1\" style=\"color:transparent\" src=\"https:\/\/fmamiga909.com.ar\/wp-content\/uploads\/2026\/09\/6iS5S3CiK_290x290__1.jpg\"\/><\/picture>\n<p><span>Mir\u00e1 tambi\u00e9n<\/span><\/p>\n<hr\/>\n<h3>La millonaria Copa Brasil: el Palmeiras del Flaco L\u00f3pez semifinalista y 19 millones de d\u00f3lares al campe\u00f3n<\/h3>\n<\/p>\n<\/section>\n<\/div>\n<div id=\"element-body-27\" class=\"sc-a7166897-0 eTTZWU\"><a href=\"https:\/\/www.ole.com.ar\/futbol-internacional\/america\/chile-fernando-gago-cruce-prensa_0_DtPrp7te2Q.html\" aria-label=\"Gago cruz\u00f3 a la prensa chilena por haber asegurado que su relaci\u00f3n con el plantel de la U est\u00e1 rota\" class=\"sc-d4f573e5-0 bUEDsN\"\/><\/p>\n<section><picture><img alt=\"Gago cruz\u00f3 a la prensa chilena por haber asegurado que su relaci\u00f3n con el plantel de la U est\u00e1 rota\" loading=\"lazy\" width=\"290\" height=\"290\" decoding=\"async\" data-nimg=\"1\" style=\"color:transparent\" src=\"https:\/\/fmamiga909.com.ar\/wp-content\/uploads\/2026\/09\/7kqRPvvw8_290x290__1.jpg\"\/><\/picture>\n<p><span>Mir\u00e1 tambi\u00e9n<\/span><\/p>\n<hr\/>\n<h3>Gago cruz\u00f3 a la prensa chilena por haber asegurado que su relaci\u00f3n con el plantel de la U est\u00e1 rota<\/h3>\n<\/p>\n<\/section>\n<\/div>\n<div id=\"element-body-28\" class=\"sc-a7166897-0 eTTZWU\"><a href=\"https:\/\/www.ole.com.ar\/futbol-internacional\/inglaterra\/maresca-lleno-elogios-enzo-fernandez-confirmo-listo-jugar_0_FfWmZISa5I.html\" aria-label=\"Maresca llen\u00f3 de elogios a Enzo Fern\u00e1ndez y confirm\u00f3 que est\u00e1 listo para jugar: &quot;Cuatro o cinco jugadores me preguntaban si ven\u00eda o no&quot;\" class=\"sc-d4f573e5-0 bUEDsN\"\/><\/p>\n<section><picture><img alt=\"Maresca llen\u00f3 de elogios a Enzo Fern\u00e1ndez y confirm\u00f3 que est\u00e1 listo para jugar: &quot;Cuatro o cinco jugadores me preguntaban si ven\u00eda o no&quot;\" loading=\"lazy\" width=\"290\" height=\"290\" decoding=\"async\" data-nimg=\"1\" style=\"color:transparent\" src=\"https:\/\/fmamiga909.com.ar\/wp-content\/uploads\/2026\/09\/tJ6S8tgeT_290x290__1.jpg\"\/><\/picture>\n<p><span>Mir\u00e1 tambi\u00e9n<\/span><\/p>\n<hr\/>\n<h3>Maresca llen\u00f3 de elogios a Enzo Fern\u00e1ndez y confirm\u00f3 que est\u00e1 listo para jugar: \u00abCuatro o cinco jugadores me preguntaban si ven\u00eda o no\u00bb<\/h3>\n<\/p>\n<\/section>\n<\/div>\n<div id=\"element-body-29\" class=\"sc-a7166897-0 eTTZWU\"><a href=\"https:\/\/www.ole.com.ar\/futbol-internacional\/sudamericana\/copa-sudamericana-llave-completa-cuartos-final-2026_0_3cjwEQHCef.html\" aria-label=\"Copa Sudamericana: la llave completa de cuartos con Boca y sin River\" class=\"sc-d4f573e5-0 bUEDsN\"\/><\/p>\n<section><picture><img alt=\"Copa Sudamericana: la llave completa de cuartos con Boca y sin River\" loading=\"lazy\" width=\"290\" height=\"290\" decoding=\"async\" data-nimg=\"1\" style=\"color:transparent\" src=\"https:\/\/fmamiga909.com.ar\/wp-content\/uploads\/2026\/09\/5fzPFOA3z_290x290__1.jpg\"\/><\/picture>\n<p><span>Mir\u00e1 tambi\u00e9n<\/span><\/p>\n<hr\/>\n<h3>Copa Sudamericana: la llave completa de cuartos con Boca y sin River<\/h3>\n<\/p>\n<\/section>\n<\/div>\n<\/div>\n<p><a href=\"https:\/\/www.ole.com.ar\/futbol-internacional\/america\/neymar-reclamo-queja-vila-belmiro-brasil-santos-hizo-cambios-cartas-asunto-canchero-cesped_0_TUFFyJF7bF.html\">source<\/a><\/p>\n","protected":false},"excerpt":{"rendered":"<p>Se sabe que, con jugadores de la talla de Neymar, su palabra tiene un impacto&#8230;<\/p>\n","protected":false},"author":3,"featured_media":49782,"comment_status":"closed","ping_status":"closed","sticky":false,"template":"","format":"standard","meta":{"footnotes":""},"categories":[21],"tags":[],"class_list":["post-49781","post","type-post","status-publish","format-standard","has-post-thumbnail","hentry","category-deportes"],"featured_image_urls":{"full":["https:\/\/fmamiga909.com.ar\/wp-content\/uploads\/2026\/09\/wp-header-logo-70.png",720,720,false],"thumbnail":["https:\/\/fmamiga909.com.ar\/wp-content\/uploads\/2026\/09\/wp-header-logo-70-150x150.png",150,150,true],"medium":["https:\/\/fmamiga909.com.ar\/wp-content\/uploads\/2026\/09\/wp-header-logo-70-300x300.png",300,300,true],"medium_large":["https:\/\/fmamiga909.com.ar\/wp-content\/uploads\/2026\/09\/wp-header-logo-70.png",720,720,false],"large":["https:\/\/fmamiga909.com.ar\/wp-content\/uploads\/2026\/09\/wp-header-logo-70.png",640,640,false],"1536x1536":["https:\/\/fmamiga909.com.ar\/wp-content\/uploads\/2026\/09\/wp-header-logo-70.png",720,720,false],"2048x2048":["https:\/\/fmamiga909.com.ar\/wp-content\/uploads\/2026\/09\/wp-header-logo-70.png",720,720,false],"newsium-slider-full":["https:\/\/fmamiga909.com.ar\/wp-content\/uploads\/2026\/09\/wp-header-logo-70.png",720,720,false],"newsium-featured":["https:\/\/fmamiga909.com.ar\/wp-content\/uploads\/2026\/09\/wp-header-logo-70.png",720,720,false],"newsium-medium":["https:\/\/fmamiga909.com.ar\/wp-content\/uploads\/2026\/09\/wp-header-logo-70-720x475.png",720,475,true]},"author_info":{"display_name":"Fredy Giuliano","author_link":"https:\/\/fmamiga909.com.ar\/?author=3"},"category_info":"<a href=\"https:\/\/fmamiga909.com.ar\/?cat=21\" rel=\"category\">Deportes<\/a>","tag_info":"Deportes","comment_count":"0","_links":{"self":[{"href":"https:\/\/fmamiga909.com.ar\/index.php?rest_route=\/wp\/v2\/posts\/49781","targetHints":{"allow":["GET"]}}],"collection":[{"href":"https:\/\/fmamiga909.com.ar\/index.php?rest_route=\/wp\/v2\/posts"}],"about":[{"href":"https:\/\/fmamiga909.com.ar\/index.php?rest_route=\/wp\/v2\/types\/post"}],"author":[{"embeddable":true,"href":"https:\/\/fmamiga909.com.ar\/index.php?rest_route=\/wp\/v2\/users\/3"}],"replies":[{"embeddable":true,"href":"https:\/\/fmamiga909.com.ar\/index.php?rest_route=%2Fwp%2Fv2%2Fcomments&post=49781"}],"version-history":[{"count":0,"href":"https:\/\/fmamiga909.com.ar\/index.php?rest_route=\/wp\/v2\/posts\/49781\/revisions"}],"wp:featuredmedia":[{"embeddable":true,"href":"https:\/\/fmamiga909.com.ar\/index.php?rest_route=\/wp\/v2\/media\/49782"}],"wp:attachment":[{"href":"https:\/\/fmamiga909.com.ar\/index.php?rest_route=%2Fwp%2Fv2%2Fmedia&parent=49781"}],"wp:term":[{"taxonomy":"category","embeddable":true,"href":"https:\/\/fmamiga909.com.ar\/index.php?rest_route=%2Fwp%2Fv2%2Fcategories&post=49781"},{"taxonomy":"post_tag","embeddable":true,"href":"https:\/\/fmamiga909.com.ar\/index.php?rest_route=%2Fwp%2Fv2%2Ftags&post=49781"}],"curies":[{"name":"wp","href":"https:\/\/api.w.org\/{rel}","templated":true}]}}