{"id":49790,"date":"2026-09-04T16:31:35","date_gmt":"2026-09-04T16:31:35","guid":{"rendered":"https:\/\/fmamiga909.com.ar\/?p=49790"},"modified":"2026-09-04T16:31:35","modified_gmt":"2026-09-04T16:31:35","slug":"la-insolita-conferencia-de-un-refuerzo-en-espana-dijo-la-misma-palabra-85-veces","status":"publish","type":"post","link":"https:\/\/fmamiga909.com.ar\/?p=49790","title":{"rendered":"La ins\u00f3lita conferencia de un refuerzo en Espa\u00f1a: dijo la misma palabra \u00a185 veces!"},"content":{"rendered":"<div id=\"storyBody\">\n<div id=\"element-body-0\" class=\"sc-df222161-0 hNvwjb\">\n<p>El <a href=\"https:\/\/www.ole.com.ar\/tema\/deportivo-la-coruna.html\" title=\"Deportivo La Coru\u00f1a\" alt=\"Deportivo La Coru\u00f1a\" class=\"slug\">Deportivo La Coru\u00f1a<\/a>, el club en el que <a href=\"https:\/\/www.ole.com.ar\/tema\/lionel-scaloni.html\" title=\"Lionel Scaloni\" alt=\"Lionel Scaloni\" class=\"slug\">Lionel Scaloni<\/a> fue multicampe\u00f3n durante su etapa como futbolista, <strong>regres\u00f3 a LaLiga esta temporada<\/strong>, tras largos a\u00f1os en el Ascenso espa\u00f1ol. Y meti\u00f3 varios refuerzos de renombre para encarar esta campa\u00f1a en la m\u00e1xima divisi\u00f3n, como Marc Casad\u00f3, Jos\u00e9 Mar\u00eda Gim\u00e9nez, Pierre-Emerick Aubameyang y <strong>Adama Traor\u00e9<\/strong>. Este \u00faltimo fue presentado en conferencia de prensa el jueves y <strong>se hizo viral por repetir la misma palabra \u00a185 veces!<\/strong><\/p>\n<\/div>\n<div id=\"element-body-1\" class=\"sc-df222161-0 hNvwjb\">\n<p>Es que, cada vez que Traor\u00e9, ex Barcelona, realizaba sus respuestas, <strong>no pod\u00eda dejar de decir la palabra \u00abb\u00e1sicamente\u00bb<\/strong>. Si se trat\u00f3 de una apuesta o si fueron los nervios, solo \u00e9l lo sabe. Lo cierto es que sus videos, repitiendo permanentemente esa palabra, <strong>se viralizaron de inmediato<\/strong>.<\/p>\n<\/div>\n<div id=\"element-body-2\" class=\"sc-df222161-0 hNvwjb\">\n<p>Una respuesta, por ejemplo, fue \u00abuna opci\u00f3n muy buena para m\u00ed <strong>b\u00e1sicamente<\/strong>, para poder volver a Espa\u00f1a, para poder volver a donde he nacido y poder <strong>b\u00e1sicamente<\/strong>, tener la experiencia aqu\u00ed en Espa\u00f1a. El proyecto ha hecho que <strong>b\u00e1sicamente<\/strong> yo, <strong>b\u00e1sicamente <\/strong> pudiera <strong>b\u00e1sicamente <\/strong> venir aqu\u00ed. Habl\u00e9 con Auba (Aubameyang) <strong>b\u00e1sicamente <\/strong> antes de venir aqu\u00ed, que tambi\u00e9n me aconsej\u00f3 <strong>b\u00e1sicamente,<\/strong> me dijo <strong>b\u00e1sicamente<\/strong> lo bueno y lo interesante que es el proyecto <strong>b\u00e1sicamente <\/strong> y eso me convenci\u00f3. Tambi\u00e9n <strong> b\u00e1sicamente<\/strong> tengo historia con el Depor. Fue uno de los primeros equipos cuando debut\u00e9 <strong>b\u00e1sicamente <\/strong> con el Barsa B tambi\u00e9n <strong>b\u00e1sicamente<\/strong> entonces parece que era cosa del destino tambi\u00e9n\u00bb.<\/p>\n<\/div>\n<div id=\"element-body-3\" class=\"sc-df222161-0 hNvwjb\">\n<p>De hecho, el propio Aubameyang lo gast\u00f3 en uno de los entrenamientos grab\u00e1ndolo y dici\u00e9ndole \u00abb\u00e1sicamente\u00bb. Pero mejor ver todo en los videos&#8230;<\/p>\n<\/div>\n<div>\n<blockquote class=\"twitter-tweet\">\n<p lang=\"fr\" dir=\"ltr\">Aubam qui commence d\u00e9j\u00e0 \u00e0 vanner Adama Traor\u00e9 sur ses tics de langage et ses s\u00e9ances de muscu. \ud83d\ude2d\ud83d\ude2d\ud83d\ude2d<\/p>\n<p>L\u2019attaquant espagnol avait r\u00e9p\u00e9t\u00e9 + de 30 fois le mot \u00abBasicamente\u00bb lors de sa Conf\u00e9rence de presse de pr\u00e9sentation au Depor. \ud83e\udd23<\/p>\n<p>\ud83d\udcf2 (Snapchat) <a href=\"https:\/\/t.co\/GyGEYbtMb0\">pic.twitter.com\/GyGEYbtMb0<\/a><\/p>\n<p>\u2014 Instant Foot \u26bd\ufe0f (@lnstantFoot) <a href=\"https:\/\/x.com\/lnstantFoot\/status\/2095636046386008453?ref_src=twsrc%5Etfw\">September 3, 2026<\/a><\/p><\/blockquote>\n<\/div>\n<p><h2><strong>El video<\/strong><\/h2>\n<\/p>\n<div id=\"element-body-7\" class=\"sc-a7166897-0 eTTZWU\"><a href=\"https:\/\/www.ole.com.ar\/futbol-internacional\/francia\/orlando-gill-disculpas-incidente-kylian-mbappe-mundial2026-arquero-ethanmbappe-francia-paraguay-lille-futbol-frances_0_0X5sMPnl54.html\" aria-label=\"Reci\u00e9n llegado a Francia, Gill record\u00f3 su cruce con Mbapp\u00e9 en el Mundial\" class=\"sc-d4f573e5-0 bUEDsN\"\/><\/p>\n<section><picture><img alt=\"Reci\u00e9n llegado a Francia, Gill record\u00f3 su cruce con Mbapp\u00e9 en el Mundial\" loading=\"lazy\" width=\"290\" height=\"290\" decoding=\"async\" data-nimg=\"1\" style=\"color:transparent\" src=\"https:\/\/fmamiga909.com.ar\/wp-content\/uploads\/2026\/09\/1AK_-zD03_290x290__1.jpg\"\/><\/picture>\n<p><span>Mir\u00e1 tambi\u00e9n<\/span><\/p>\n<hr\/>\n<h3>Reci\u00e9n llegado a Francia, Gill record\u00f3 su cruce con Mbapp\u00e9 en el Mundial<\/h3>\n<\/p>\n<\/section>\n<\/div>\n<div id=\"element-body-8\" class=\"sc-a7166897-0 eTTZWU\"><a href=\"https:\/\/www.ole.com.ar\/futbol-internacional\/america\/arquero-argentino-46-anos-romper-marca-futbol-chileno-cristian-campestrini_0_HUPdys6jJ1.html\" aria-label=\"El arquero argentino de 46 a\u00f1os que est\u00e1 a un partido de hacer historia en Chile\" class=\"sc-d4f573e5-0 bUEDsN\"\/><\/p>\n<section><picture><img alt=\"El arquero argentino de 46 a\u00f1os que est\u00e1 a un partido de hacer historia en Chile\" loading=\"lazy\" width=\"290\" height=\"290\" decoding=\"async\" data-nimg=\"1\" style=\"color:transparent\" src=\"https:\/\/fmamiga909.com.ar\/wp-content\/uploads\/2026\/09\/aEfGKG5gw_290x290__1.jpg\"\/><\/picture>\n<p><span>Mir\u00e1 tambi\u00e9n<\/span><\/p>\n<hr\/>\n<h3>El arquero argentino de 46 a\u00f1os que est\u00e1 a un partido de hacer historia en Chile<\/h3>\n<\/p>\n<\/section>\n<\/div>\n<div id=\"element-body-9\" class=\"sc-a7166897-0 eTTZWU\"><a href=\"https:\/\/www.ole.com.ar\/futbol-internacional\/america\/chile-fernando-gago-cruce-prensa_0_DtPrp7te2Q.html\" aria-label=\"Gago cruz\u00f3 a la prensa chilena por haber asegurado que su relaci\u00f3n con el plantel de la U est\u00e1 rota\" class=\"sc-d4f573e5-0 bUEDsN\"\/><\/p>\n<section><picture><img alt=\"Gago cruz\u00f3 a la prensa chilena por haber asegurado que su relaci\u00f3n con el plantel de la U est\u00e1 rota\" loading=\"lazy\" width=\"290\" height=\"290\" decoding=\"async\" data-nimg=\"1\" style=\"color:transparent\" src=\"https:\/\/fmamiga909.com.ar\/wp-content\/uploads\/2026\/09\/1788539495_169_7kqRPvvw8_290x290__1.jpg\"\/><\/picture>\n<p><span>Mir\u00e1 tambi\u00e9n<\/span><\/p>\n<hr\/>\n<h3>Gago cruz\u00f3 a la prensa chilena por haber asegurado que su relaci\u00f3n con el plantel de la U est\u00e1 rota<\/h3>\n<\/p>\n<\/section>\n<\/div>\n<\/div>\n<p><script async src=\"\/\/platform.twitter.com\/widgets.js\" charset=\"utf-8\"><\/script><br \/><a href=\"https:\/\/www.ole.com.ar\/futbol-internacional\/espana\/insolita-conferencia-refuerzo-espana-dijo-misma-palabra-85-veces_0_GdHqRUIUlT.html\">source<\/a><\/p>\n","protected":false},"excerpt":{"rendered":"<p>El Deportivo La Coru\u00f1a, el club en el que Lionel Scaloni fue multicampe\u00f3n durante su&#8230;<\/p>\n","protected":false},"author":3,"featured_media":49791,"comment_status":"closed","ping_status":"closed","sticky":false,"template":"","format":"standard","meta":{"footnotes":""},"categories":[21],"tags":[],"class_list":["post-49790","post","type-post","status-publish","format-standard","has-post-thumbnail","hentry","category-deportes"],"featured_image_urls":{"full":["https:\/\/fmamiga909.com.ar\/wp-content\/uploads\/2026\/09\/wp-header-logo-72.png",290,290,false],"thumbnail":["https:\/\/fmamiga909.com.ar\/wp-content\/uploads\/2026\/09\/wp-header-logo-72-150x150.png",150,150,true],"medium":["https:\/\/fmamiga909.com.ar\/wp-content\/uploads\/2026\/09\/wp-header-logo-72.png",290,290,false],"medium_large":["https:\/\/fmamiga909.com.ar\/wp-content\/uploads\/2026\/09\/wp-header-logo-72.png",290,290,false],"large":["https:\/\/fmamiga909.com.ar\/wp-content\/uploads\/2026\/09\/wp-header-logo-72.png",290,290,false],"1536x1536":["https:\/\/fmamiga909.com.ar\/wp-content\/uploads\/2026\/09\/wp-header-logo-72.png",290,290,false],"2048x2048":["https:\/\/fmamiga909.com.ar\/wp-content\/uploads\/2026\/09\/wp-header-logo-72.png",290,290,false],"newsium-slider-full":["https:\/\/fmamiga909.com.ar\/wp-content\/uploads\/2026\/09\/wp-header-logo-72.png",290,290,false],"newsium-featured":["https:\/\/fmamiga909.com.ar\/wp-content\/uploads\/2026\/09\/wp-header-logo-72.png",290,290,false],"newsium-medium":["https:\/\/fmamiga909.com.ar\/wp-content\/uploads\/2026\/09\/wp-header-logo-72.png",290,290,false]},"author_info":{"display_name":"Fredy Giuliano","author_link":"https:\/\/fmamiga909.com.ar\/?author=3"},"category_info":"<a href=\"https:\/\/fmamiga909.com.ar\/?cat=21\" rel=\"category\">Deportes<\/a>","tag_info":"Deportes","comment_count":"0","_links":{"self":[{"href":"https:\/\/fmamiga909.com.ar\/index.php?rest_route=\/wp\/v2\/posts\/49790","targetHints":{"allow":["GET"]}}],"collection":[{"href":"https:\/\/fmamiga909.com.ar\/index.php?rest_route=\/wp\/v2\/posts"}],"about":[{"href":"https:\/\/fmamiga909.com.ar\/index.php?rest_route=\/wp\/v2\/types\/post"}],"author":[{"embeddable":true,"href":"https:\/\/fmamiga909.com.ar\/index.php?rest_route=\/wp\/v2\/users\/3"}],"replies":[{"embeddable":true,"href":"https:\/\/fmamiga909.com.ar\/index.php?rest_route=%2Fwp%2Fv2%2Fcomments&post=49790"}],"version-history":[{"count":0,"href":"https:\/\/fmamiga909.com.ar\/index.php?rest_route=\/wp\/v2\/posts\/49790\/revisions"}],"wp:featuredmedia":[{"embeddable":true,"href":"https:\/\/fmamiga909.com.ar\/index.php?rest_route=\/wp\/v2\/media\/49791"}],"wp:attachment":[{"href":"https:\/\/fmamiga909.com.ar\/index.php?rest_route=%2Fwp%2Fv2%2Fmedia&parent=49790"}],"wp:term":[{"taxonomy":"category","embeddable":true,"href":"https:\/\/fmamiga909.com.ar\/index.php?rest_route=%2Fwp%2Fv2%2Fcategories&post=49790"},{"taxonomy":"post_tag","embeddable":true,"href":"https:\/\/fmamiga909.com.ar\/index.php?rest_route=%2Fwp%2Fv2%2Ftags&post=49790"}],"curies":[{"name":"wp","href":"https:\/\/api.w.org\/{rel}","templated":true}]}}