{"id":49814,"date":"2026-09-04T16:51:11","date_gmt":"2026-09-04T16:51:11","guid":{"rendered":"https:\/\/fmamiga909.com.ar\/?p=49814"},"modified":"2026-09-04T16:51:11","modified_gmt":"2026-09-04T16:51:11","slug":"sapito-coleoni-ex-dt-de-leandro-cordoba-refuerzo-de-racing-es-un-tanquecito-de-como-mediapunta-te-mata","status":"publish","type":"post","link":"https:\/\/fmamiga909.com.ar\/?p=49814","title":{"rendered":"Sapito Coleoni, ex DT de Leandro C\u00f3rdoba, refuerzo de Racing: &quot;Es un tanquecito, de como mediapunta te mata&quot;"},"content":{"rendered":"<div id=\"storyBody\">\n<div id=\"element-body-0\" class=\"sc-df222161-0 hNvwjb\">\n<p>Leandro C\u00f3rdoba se convirti\u00f3 en nuevo refuerzo de <a href=\"https:\/\/www.ole.com.ar\/tema\/racing.html\" title=\"Racing\" alt=\"Racing\" class=\"slug\">Racing<\/a> luego de varias idas y venidas: finalmente, el delantero <strong>firm\u00f3 contrato hasta fin de 2030<\/strong>. Luego de que se concretara su traspaso, <a href=\"https:\/\/www.ole.com.ar\/tema\/gustavo-coleoni.html\" title=\"Gustavo Coleoni\" alt=\"Gustavo Coleoni\" class=\"slug\">Gustavo Coleoni<\/a>, el t\u00e9cnico que lo dirigi\u00f3 hasta hace horas en <a href=\"https:\/\/www.ole.com.ar\/tema\/racing-de-cordoba.html\" title=\"Racing de C\u00f3rdoba\" alt=\"Racing de C\u00f3rdoba\" class=\"slug\">Racing de C\u00f3rdoba<\/a> habl\u00f3 con Ol\u00e9 sobre el jugador de 21 a\u00f1os que incorpor\u00f3 como apuesta el equipo de <a href=\"https:\/\/www.ole.com.ar\/tema\/juan-pablo-vojvoda.html\" title=\"Juan Pablo Vojvoda\" alt=\"Juan Pablo Vojvoda\" class=\"slug\">Juan Pablo Vojvoda<\/a>.<\/p>\n<\/div>\n<div id=\"element-body-1\" class=\"sc-df222161-0 hNvwjb\">\n<p><strong>\u00abLeandrito es un animal<\/strong>. Es bravo. Tiene una potencia, es muy fuerte. Le gusta el gol, es r\u00e1pido, tiene una buena gambeta. Como mediapunta por ese costado derecho la tira larga y te mata. Engancha, patea con las dos piernas, tiene muchas, muchas cualidades\u00bb, comenz\u00f3 el Sapito, quien lo llev\u00f3 al banco ante <a href=\"https:\/\/www.ole.com.ar\/tema\/colon.html\" title=\"Col\u00f3n\" alt=\"Col\u00f3n\" class=\"slug\"> Col\u00f3n<\/a> el domingo pasado sin darle minutos porque ven\u00eda de quedar afuera de cinco partidos por una <strong>entorsis en un tobillo con un edema \u00f3seo<\/strong>.<\/p>\n<\/div>\n<div class=\"sc-c0843421-0 iNysjD image-embed\" id=\"element-body-2\"><img alt=\"El Sapito habl\u00f3 con Ol\u00e9 sobre Leandro C\u00f3rdoba. Fotos Emmanuel Fern\u00e1ndez - FTP CLARIN\" loading=\"lazy\" width=\"720\" height=\"100\" decoding=\"async\" data-nimg=\"1\" style=\"color:transparent\" src=\"https:\/\/fmamiga909.com.ar\/wp-content\/uploads\/2026\/09\/oK7Us_PT8_720x0__1.jpg\"\/><span class=\"epigraphe\">El Sapito habl\u00f3 con Ol\u00e9 sobre Leandro C\u00f3rdoba. Fotos Emmanuel Fern\u00e1ndez &#8211; FTP CLARIN<\/span><\/div>\n<div id=\"element-body-3\" class=\"sc-df222161-0 hNvwjb\">\n<p>A su <strong>\u00faltimo juego lo afront\u00f3 el 17 de julio<\/strong>, en la derrota por 1-0 ante Mitre de Santiago del Estero. Sali\u00f3 a los 39 minutos del segundo tiempo por la <strong>lesi\u00f3n \u00f3sea<\/strong> y fue reemplazado por Sergio Gonz\u00e1lez.<\/p>\n<\/div>\n<p><h2>M\u00e1s de Coleoni sobre Leandro C\u00f3rdoba<\/h2>\n<\/p>\n<div id=\"element-body-5\" class=\"sc-df222161-0 hNvwjb\">\n<p>\u00bb <strong>Yo no lo pude disfrutar mucho<\/strong>. Cuando llegu\u00e9 ten\u00eda cinco amarillas y no jug\u00f3. Al domingo siguiente s\u00ed jug\u00f3 y al otro domingo se lesion\u00f3; le dieron una patada -record\u00f3 el DT que lleg\u00f3 a Racing de Nueva Italia a mitad de este a\u00f1o- &#8211; y no jug\u00f3 m\u00e1s conmigo. Pero <strong>es un tanquecito, rapidito<\/strong>\u00ab.<\/p>\n<\/div>\n<div class=\"sc-c0843421-0 iNysjD image-embed\" id=\"element-body-6\"><img alt=\"Leandro C\u00f3rdoba firm\u00f3 contrato hasta fin de 2023. Foto: Prensa Racing.\" loading=\"lazy\" width=\"720\" height=\"100\" decoding=\"async\" data-nimg=\"1\" style=\"color:transparent\" src=\"https:\/\/fmamiga909.com.ar\/wp-content\/uploads\/2026\/09\/lHabrX2MY_720x0__1.jpg\"\/><span class=\"epigraphe\">Leandro C\u00f3rdoba firm\u00f3 contrato hasta fin de 2023. Foto: Prensa Racing.<\/span><\/div>\n<div id=\"element-body-7\" class=\"sc-df222161-0 hNvwjb\">\n<p>El entrenador le dese\u00f3 que <strong>\u00abojal\u00e1 siga aprendiendo en Racing\u00bb<\/strong> y se refiri\u00f3 a un costado que deber\u00eda mejorar: \u00abHay que ayudarlo un poquito en su cabeza porque es un chico que viene del campo y es un poco t\u00edmido en ese aspecto\u00bb.<\/p>\n<\/div>\n<p><h2>N\u00fameros de Leandro C\u00f3rdoba en Racing <\/h2>\n<\/p>\n<div id=\"element-body-9\" class=\"sc-df222161-0 hNvwjb\">\n<p>C\u00f3rdoba empez\u00f3 a jugar en este 2026 en Racing de C\u00f3rdoba. All\u00ed disput\u00f3 20 partidos (18 de arranque), meti\u00f3 cinco goles y puso tres asistencias. La Acad\u00e9 de Avellaneda <strong>acord\u00f3 la adquisici\u00f3n del 50% de la ficha en 650.000 d\u00f3lares<\/strong> y se fij\u00f3 una obligaci\u00f3n de compra de 500.000 d\u00f3lares por un 30% m\u00e1s en el caso de que el atacante alcance los 15 partidos. Adem\u00e1s, el club lo blind\u00f3 con una <strong>cl\u00e1usula de 22.000.000 de euros<\/strong>.<\/p>\n<\/div>\n<div id=\"element-body-10\" class=\"sc-df222161-0 hNvwjb\">\n<p>El atacante leg\u00f3 a la Academia para <strong>reemplazar a Santiago Solari<\/strong>, recientemente <strong>cedido a Newell&#8217;s a pr\u00e9stamo<\/strong> hasta junio de 2027, con un cargo de 250.000 d\u00f3lares y una opci\u00f3n de compras de 2.500.000 por la totalidad del pase.<\/p>\n<\/div>\n<div id=\"element-body-12\" class=\"sc-a7166897-0 eTTZWU\"><a href=\"https:\/\/www.ole.com.ar\/futbol-ascenso\/racing-cordoba-vignolo-cordoba-club-ascenso-primera-nacional_0_TrN1P558zi.html\" aria-label=\"La exportadora de Racing de C\u00f3rdoba: cu\u00e1nto dinero gan\u00f3 por la venta de sus jugadores en los \u00faltimos a\u00f1os\" class=\"sc-d4f573e5-0 bUEDsN\"\/><\/p>\n<section><picture><img alt=\"La exportadora de Racing de C\u00f3rdoba: cu\u00e1nto dinero gan\u00f3 por la venta de sus jugadores en los \u00faltimos a\u00f1os\" loading=\"lazy\" width=\"290\" height=\"290\" decoding=\"async\" data-nimg=\"1\" style=\"color:transparent\" src=\"https:\/\/fmamiga909.com.ar\/wp-content\/uploads\/2026\/09\/Z4qrnqzwD_290x290__1.jpg\"\/><\/picture>\n<p><span>Mir\u00e1 tambi\u00e9n<\/span><\/p>\n<hr\/>\n<h3>La exportadora de Racing de C\u00f3rdoba: cu\u00e1nto dinero gan\u00f3 por la venta de sus jugadores en los \u00faltimos a\u00f1os<\/h3>\n<\/p>\n<\/section>\n<\/div>\n<div id=\"element-body-13\" class=\"sc-a7166897-0 eTTZWU\"><a href=\"https:\/\/www.ole.com.ar\/futbol-primera\/calculadora-ole-fecha-8-torneo-clausura_0_mj2Gc9wAhm.html\" aria-label=\"La Calculadora de Ol\u00e9 de la fecha 8 del Torneo Clausura: \u00bfqu\u00e9 se juega cada uno de los equipos?\" class=\"sc-d4f573e5-0 bUEDsN\"\/><\/p>\n<section><picture><img alt=\"La Calculadora de Ol\u00e9 de la fecha 8 del Torneo Clausura: \u00bfqu\u00e9 se juega cada uno de los equipos?\" loading=\"lazy\" width=\"290\" height=\"290\" decoding=\"async\" data-nimg=\"1\" style=\"color:transparent\" src=\"https:\/\/fmamiga909.com.ar\/wp-content\/uploads\/2026\/09\/R5F6xHV8y_290x290__1.jpg\"\/><\/picture>\n<p><span>Mir\u00e1 tambi\u00e9n<\/span><\/p>\n<hr\/>\n<h3>La Calculadora de Ol\u00e9 de la fecha 8 del Torneo Clausura: \u00bfqu\u00e9 se juega cada uno de los equipos?<\/h3>\n<\/p>\n<\/section>\n<\/div>\n<div id=\"element-body-14\" class=\"sc-a7166897-0 eTTZWU\"><a href=\"https:\/\/www.ole.com.ar\/copa-argentina\/copa-argentina-2026-llave-completa-cuartos-final-boca-racing-banfield-riestra-estudiantes-platense-atletico-tucuman-independientemrivadavia_0_nfyh5pCAL9.html\" aria-label=\"La llave de la Copa Argentina: con Boca, el cuadro completo de cuartos de final\" class=\"sc-d4f573e5-0 bUEDsN\"\/><\/p>\n<section><picture><img alt=\"La llave de la Copa Argentina: con Boca, el cuadro completo de cuartos de final\" loading=\"lazy\" width=\"290\" height=\"290\" decoding=\"async\" data-nimg=\"1\" style=\"color:transparent\" src=\"https:\/\/fmamiga909.com.ar\/wp-content\/uploads\/2026\/09\/1788540671_16_nSvnw6GvA_290x290__1.jpg\"\/><\/picture>\n<p><span>Mir\u00e1 tambi\u00e9n<\/span><\/p>\n<hr\/>\n<h3>La llave de la Copa Argentina: con Boca, el cuadro completo de cuartos de final<\/h3>\n<\/p>\n<\/section>\n<\/div>\n<div id=\"element-body-15\" class=\"sc-a7166897-0 eTTZWU\"><a href=\"https:\/\/www.ole.com.ar\/futbol-internacional\/mercado-pases-europa-premier-league-serie-italia-liga-espana-ligue-1-bundesliga-alemania-francia-enzo-fernandez-manchester-city-julian-alvarez-atletico-madrid-argentinos_0_oN6QoAFt6F.html\" aria-label=\"Cerr\u00f3 el mercado: todos los argentinos que jugar\u00e1n en la Premier, Italia y Espa\u00f1a\" class=\"sc-d4f573e5-0 bUEDsN\"\/><\/p>\n<section><picture><img alt=\"Cerr\u00f3 el mercado: todos los argentinos que jugar\u00e1n en la Premier, Italia y Espa\u00f1a\" loading=\"lazy\" width=\"290\" height=\"290\" decoding=\"async\" data-nimg=\"1\" style=\"color:transparent\" src=\"https:\/\/fmamiga909.com.ar\/wp-content\/uploads\/2026\/09\/1788540671_46_w50-lTbU9_290x290__1.jpg\"\/><\/picture>\n<p><span>Mir\u00e1 tambi\u00e9n<\/span><\/p>\n<hr\/>\n<h3>Cerr\u00f3 el mercado: todos los argentinos que jugar\u00e1n en la Premier, Italia y Espa\u00f1a<\/h3>\n<\/p>\n<\/section>\n<\/div>\n<div id=\"element-body-16\" class=\"sc-a7166897-0 eTTZWU\"><a href=\"https:\/\/www.ole.com.ar\/futbol-internacional\/america\/gustavo-costas-primer-triunfo-cerro-porteno-termina-caliente_0_DOgbgELtMO.html\" aria-label=\"Gustavo Costas consigui\u00f3 su primer triunfo en Cerro Porte\u00f1o pero igual se fue caliente\" class=\"sc-d4f573e5-0 bUEDsN\"\/><\/p>\n<section><picture><img alt=\"Gustavo Costas consigui\u00f3 su primer triunfo en Cerro Porte\u00f1o pero igual se fue caliente\" loading=\"lazy\" width=\"290\" height=\"290\" decoding=\"async\" data-nimg=\"1\" style=\"color:transparent\" src=\"https:\/\/fmamiga909.com.ar\/wp-content\/uploads\/2026\/09\/kkqvZRbwN_290x290__1.jpg\"\/><\/picture>\n<p><span>Mir\u00e1 tambi\u00e9n<\/span><\/p>\n<hr\/>\n<h3>Gustavo Costas consigui\u00f3 su primer triunfo en Cerro Porte\u00f1o pero igual se fue caliente<\/h3>\n<\/p>\n<\/section>\n<\/div>\n<\/div>\n<p><a href=\"https:\/\/www.ole.com.ar\/racing\/racing-leandro-cordoba-coleoni_0_VzhVfG2Xow.html\">source<\/a><\/p>\n","protected":false},"excerpt":{"rendered":"<p>Leandro C\u00f3rdoba se convirti\u00f3 en nuevo refuerzo de Racing luego de varias idas y venidas:&#8230;<\/p>\n","protected":false},"author":3,"featured_media":49815,"comment_status":"closed","ping_status":"closed","sticky":false,"template":"","format":"standard","meta":{"footnotes":""},"categories":[21],"tags":[],"class_list":["post-49814","post","type-post","status-publish","format-standard","has-post-thumbnail","hentry","category-deportes"],"featured_image_urls":{"full":["https:\/\/fmamiga909.com.ar\/wp-content\/uploads\/2026\/09\/wp-header-logo-75.png",720,480,false],"thumbnail":["https:\/\/fmamiga909.com.ar\/wp-content\/uploads\/2026\/09\/wp-header-logo-75-150x150.png",150,150,true],"medium":["https:\/\/fmamiga909.com.ar\/wp-content\/uploads\/2026\/09\/wp-header-logo-75-300x200.png",300,200,true],"medium_large":["https:\/\/fmamiga909.com.ar\/wp-content\/uploads\/2026\/09\/wp-header-logo-75.png",720,480,false],"large":["https:\/\/fmamiga909.com.ar\/wp-content\/uploads\/2026\/09\/wp-header-logo-75.png",640,427,false],"1536x1536":["https:\/\/fmamiga909.com.ar\/wp-content\/uploads\/2026\/09\/wp-header-logo-75.png",720,480,false],"2048x2048":["https:\/\/fmamiga909.com.ar\/wp-content\/uploads\/2026\/09\/wp-header-logo-75.png",720,480,false],"newsium-slider-full":["https:\/\/fmamiga909.com.ar\/wp-content\/uploads\/2026\/09\/wp-header-logo-75.png",720,480,false],"newsium-featured":["https:\/\/fmamiga909.com.ar\/wp-content\/uploads\/2026\/09\/wp-header-logo-75.png",720,480,false],"newsium-medium":["https:\/\/fmamiga909.com.ar\/wp-content\/uploads\/2026\/09\/wp-header-logo-75-720x475.png",720,475,true]},"author_info":{"display_name":"Fredy Giuliano","author_link":"https:\/\/fmamiga909.com.ar\/?author=3"},"category_info":"<a href=\"https:\/\/fmamiga909.com.ar\/?cat=21\" rel=\"category\">Deportes<\/a>","tag_info":"Deportes","comment_count":"0","_links":{"self":[{"href":"https:\/\/fmamiga909.com.ar\/index.php?rest_route=\/wp\/v2\/posts\/49814","targetHints":{"allow":["GET"]}}],"collection":[{"href":"https:\/\/fmamiga909.com.ar\/index.php?rest_route=\/wp\/v2\/posts"}],"about":[{"href":"https:\/\/fmamiga909.com.ar\/index.php?rest_route=\/wp\/v2\/types\/post"}],"author":[{"embeddable":true,"href":"https:\/\/fmamiga909.com.ar\/index.php?rest_route=\/wp\/v2\/users\/3"}],"replies":[{"embeddable":true,"href":"https:\/\/fmamiga909.com.ar\/index.php?rest_route=%2Fwp%2Fv2%2Fcomments&post=49814"}],"version-history":[{"count":0,"href":"https:\/\/fmamiga909.com.ar\/index.php?rest_route=\/wp\/v2\/posts\/49814\/revisions"}],"wp:featuredmedia":[{"embeddable":true,"href":"https:\/\/fmamiga909.com.ar\/index.php?rest_route=\/wp\/v2\/media\/49815"}],"wp:attachment":[{"href":"https:\/\/fmamiga909.com.ar\/index.php?rest_route=%2Fwp%2Fv2%2Fmedia&parent=49814"}],"wp:term":[{"taxonomy":"category","embeddable":true,"href":"https:\/\/fmamiga909.com.ar\/index.php?rest_route=%2Fwp%2Fv2%2Fcategories&post=49814"},{"taxonomy":"post_tag","embeddable":true,"href":"https:\/\/fmamiga909.com.ar\/index.php?rest_route=%2Fwp%2Fv2%2Ftags&post=49814"}],"curies":[{"name":"wp","href":"https:\/\/api.w.org\/{rel}","templated":true}]}}