{"id":49818,"date":"2026-09-04T16:54:54","date_gmt":"2026-09-04T16:54:54","guid":{"rendered":"https:\/\/fmamiga909.com.ar\/?p=49818"},"modified":"2026-09-04T16:54:54","modified_gmt":"2026-09-04T16:54:54","slug":"empieza-el-juicio-por-el-asesinato-del-rugbier-federico-martin-aramburu-en-francia","status":"publish","type":"post","link":"https:\/\/fmamiga909.com.ar\/?p=49818","title":{"rendered":"Empieza el juicio por el asesinato del rugbier Federico Mart\u00edn Aramburu en Francia"},"content":{"rendered":"<div id=\"storyBody\">\n<div id=\"element-body-0\" class=\"sc-df222161-0 hNvwjb\">\n<p>Desde el pr\u00f3ximo lunes y hasta el 25 de septiembre, <strong> se llevar\u00e1 a cabo el juicio por el asesinato del rugbier <a href=\"https:\/\/www.ole.com.ar\/tema\/federico-martin-aramburu.html\" title=\"Federico Mart\u00edn Aramburu\" alt=\"Federico Mart\u00edn Aramburu\" class=\"slug\">Federico Mart\u00edn Aramburu<\/a><\/strong> en el Tribunal de lo Penal de Par\u00eds. Lo\u00efk Le Priol, un militante de extrema derecha, es el principal apuntado por la Justicia: fue \u00e9l quien le dispar\u00f3 mortalmente al argentino tras una disputa sucedida el 19 de marzo de 2022 en la capital francesa.<\/p>\n<\/div>\n<div id=\"element-body-1\" class=\"sc-df222161-0 hNvwjb\">\n<p>Adem\u00e1s de Le Priol, el otro acusado es Romain Bouvier, de 35 a\u00f1os, quien est\u00e1 procesado por tentativa de asesinato y tambi\u00e9n se enfrenta a una <strong>posible pena de cadena perpetua.<\/strong><\/p>\n<\/div>\n<div id=\"element-body-2\" class=\"sc-df222161-0 hNvwjb\">\n<p>Seg\u00fan confirmaron a EFE fuentes de la defensa letrada de la familia, la apertura del proceso judicial contar\u00e1 con la asistencia presencial tanto de los padres del exdeportista como de su viuda, Mar\u00eda, con quien el jugador tuvo tres hijos.<\/p>\n<\/div>\n<div class=\"sc-c0843421-0 iNysjD image-embed\" id=\"element-body-3\"><img alt=\"Lo\u00efk Le Priol y  Romain Bouvier, los acusados.\" loading=\"lazy\" width=\"720\" height=\"100\" decoding=\"async\" data-nimg=\"1\" style=\"color:transparent\" src=\"https:\/\/fmamiga909.com.ar\/wp-content\/uploads\/2026\/09\/fHk2SeZli_720x0__1.jpg\"\/><span class=\"epigraphe\">Lo\u00efk Le Priol y  Romain Bouvier, los acusados.<\/span><\/div>\n<p><h2><strong>El asesinato de Aramburu<\/strong><\/h2>\n<\/p>\n<div id=\"element-body-5\" class=\"sc-df222161-0 hNvwjb\">\n<p>El fat\u00eddico episodio, registrado en la madrugada del 18 al 19 de marzo de 2022 en pleno bulevar de Saint-Germain de la capital francesa, supuso un profundo impacto social que traspas\u00f3 las fronteras del deporte.<\/p>\n<\/div>\n<div id=\"element-body-6\" class=\"sc-df222161-0 hNvwjb\">\n<p>Aramburu, quien <strong>visti\u00f3 en 22 ocasiones la camiseta de <a href=\"https:\/\/www.ole.com.ar\/tema\/los-pumas.html\" title=\"Los Pumas\" alt=\"Los Pumas\" class=\"slug\">Los Pumas<\/a> y milit\u00f3 en clubes como el <a href=\"https:\/\/www.ole.com.ar\/tema\/sic.html\" title=\"SIC\" alt=\"SIC\" class=\"slug\"> San Isidro Club<\/a>, el Biarritz Olympique y el USAP de Perpi\u00f1\u00e1n,<\/strong> se encontraba esa noche junto a su socio y antiguo jugador neozeland\u00e9s Shaun Hegarty, con quien gestionaba varios emprendimientos comerciales en Biarritz tras retirarse del <a href=\"https:\/\/www.ole.com.ar\/tema\/rugby.html\" title=\"rugby\" alt=\"rugby\" class=\"slug\">rugby<\/a> profesional.<\/p>\n<\/div>\n<div id=\"element-body-7\" class=\"sc-8712cf2e-1 brsVwg\"><figcaption class=\"JWvideoNota_title\">\n<p>En la previa al encuentro frente a Zebre, Glasgow Warriors se acord\u00f3 del rugbier argentino asesinado en Par\u00eds. Video: Twitter<\/p>\n<\/figcaption><\/div>\n<div id=\"element-body-8\" class=\"sc-df222161-0 hNvwjb\">\n<p>Ambos intervinieron en la terraza del local Mabillon para defender a un cliente -una persona sin hogar, seg\u00fan varias versiones- al que Bouvier increp\u00f3 duramente cuando este le pidi\u00f3 un cigarrillo. La tensi\u00f3n verbal deriv\u00f3 en un enfrentamiento f\u00edsico en el que Aramburu, derrib\u00f3 a Le Priol durante el forcejeo.<\/p>\n<\/div>\n<div class=\"sc-c0843421-0 iNysjD image-embed\" id=\"element-body-9\"><img alt=\"Loik Le Priol afronta una pena de cadena perpetua (AFP)\" loading=\"lazy\" width=\"720\" height=\"100\" decoding=\"async\" data-nimg=\"1\" style=\"color:transparent\" src=\"https:\/\/fmamiga909.com.ar\/wp-content\/uploads\/2026\/09\/-ynqrCL9y_720x0__1.jpg\"\/><span class=\"epigraphe\">Loik Le Priol afronta una pena de cadena perpetua (AFP)<\/span><\/div>\n<div id=\"element-body-10\" class=\"sc-df222161-0 hNvwjb\">\n<p>Minutos despu\u00e9s del altercado inicial, los dos <strong> militantes de extrema derecha regresaron al lugar para cobrarse venganza y abrieron fuego contra Aramburu, quit\u00e1ndole la vida.<\/strong><\/p>\n<\/div>\n<div id=\"element-body-11\" class=\"sc-8712cf2e-1 brsVwg\"><figcaption class=\"JWvideoNota_title\">\n<p>En la plaza principal de Biarritz (@MaelysDlb)<\/p>\n<\/figcaption><\/div>\n<div id=\"element-body-12\" class=\"sc-df222161-0 hNvwjb\">\n<p>Tras cometer el crimen, Le Priol emprendi\u00f3 una huida en coche cruzando fronteras europeas hasta que, d\u00edas m\u00e1s tarde, <strong> fue localizado y arrestado por las autoridades en un puesto fronterizo de Hungr\u00eda<\/strong> cuando pretend\u00eda dirigirse hacia Ucrania<\/p>\n<\/div>\n<\/div>\n<p><a href=\"https:\/\/www.ole.com.ar\/informacion-general\/empieza-juicio-asesinato-federico-aramburu-francia-rugby_0_XscrT3cizm.html\">source<\/a><\/p>\n","protected":false},"excerpt":{"rendered":"<p>Desde el pr\u00f3ximo lunes y hasta el 25 de septiembre, se llevar\u00e1 a cabo el&#8230;<\/p>\n","protected":false},"author":3,"featured_media":49819,"comment_status":"closed","ping_status":"closed","sticky":false,"template":"","format":"standard","meta":{"footnotes":""},"categories":[21],"tags":[],"class_list":["post-49818","post","type-post","status-publish","format-standard","has-post-thumbnail","hentry","category-deportes"],"featured_image_urls":{"full":["https:\/\/fmamiga909.com.ar\/wp-content\/uploads\/2026\/09\/wp-header-logo-76.png",720,403,false],"thumbnail":["https:\/\/fmamiga909.com.ar\/wp-content\/uploads\/2026\/09\/wp-header-logo-76-150x150.png",150,150,true],"medium":["https:\/\/fmamiga909.com.ar\/wp-content\/uploads\/2026\/09\/wp-header-logo-76-300x168.png",300,168,true],"medium_large":["https:\/\/fmamiga909.com.ar\/wp-content\/uploads\/2026\/09\/wp-header-logo-76.png",720,403,false],"large":["https:\/\/fmamiga909.com.ar\/wp-content\/uploads\/2026\/09\/wp-header-logo-76.png",640,358,false],"1536x1536":["https:\/\/fmamiga909.com.ar\/wp-content\/uploads\/2026\/09\/wp-header-logo-76.png",720,403,false],"2048x2048":["https:\/\/fmamiga909.com.ar\/wp-content\/uploads\/2026\/09\/wp-header-logo-76.png",720,403,false],"newsium-slider-full":["https:\/\/fmamiga909.com.ar\/wp-content\/uploads\/2026\/09\/wp-header-logo-76.png",720,403,false],"newsium-featured":["https:\/\/fmamiga909.com.ar\/wp-content\/uploads\/2026\/09\/wp-header-logo-76.png",720,403,false],"newsium-medium":["https:\/\/fmamiga909.com.ar\/wp-content\/uploads\/2026\/09\/wp-header-logo-76.png",720,403,false]},"author_info":{"display_name":"Fredy Giuliano","author_link":"https:\/\/fmamiga909.com.ar\/?author=3"},"category_info":"<a href=\"https:\/\/fmamiga909.com.ar\/?cat=21\" rel=\"category\">Deportes<\/a>","tag_info":"Deportes","comment_count":"0","_links":{"self":[{"href":"https:\/\/fmamiga909.com.ar\/index.php?rest_route=\/wp\/v2\/posts\/49818","targetHints":{"allow":["GET"]}}],"collection":[{"href":"https:\/\/fmamiga909.com.ar\/index.php?rest_route=\/wp\/v2\/posts"}],"about":[{"href":"https:\/\/fmamiga909.com.ar\/index.php?rest_route=\/wp\/v2\/types\/post"}],"author":[{"embeddable":true,"href":"https:\/\/fmamiga909.com.ar\/index.php?rest_route=\/wp\/v2\/users\/3"}],"replies":[{"embeddable":true,"href":"https:\/\/fmamiga909.com.ar\/index.php?rest_route=%2Fwp%2Fv2%2Fcomments&post=49818"}],"version-history":[{"count":0,"href":"https:\/\/fmamiga909.com.ar\/index.php?rest_route=\/wp\/v2\/posts\/49818\/revisions"}],"wp:featuredmedia":[{"embeddable":true,"href":"https:\/\/fmamiga909.com.ar\/index.php?rest_route=\/wp\/v2\/media\/49819"}],"wp:attachment":[{"href":"https:\/\/fmamiga909.com.ar\/index.php?rest_route=%2Fwp%2Fv2%2Fmedia&parent=49818"}],"wp:term":[{"taxonomy":"category","embeddable":true,"href":"https:\/\/fmamiga909.com.ar\/index.php?rest_route=%2Fwp%2Fv2%2Fcategories&post=49818"},{"taxonomy":"post_tag","embeddable":true,"href":"https:\/\/fmamiga909.com.ar\/index.php?rest_route=%2Fwp%2Fv2%2Ftags&post=49818"}],"curies":[{"name":"wp","href":"https:\/\/api.w.org\/{rel}","templated":true}]}}