{"id":49825,"date":"2026-09-04T16:57:30","date_gmt":"2026-09-04T16:57:30","guid":{"rendered":"https:\/\/fmamiga909.com.ar\/?p=49825"},"modified":"2026-09-04T16:57:30","modified_gmt":"2026-09-04T16:57:30","slug":"el-arquero-argentino-de-46-anos-que-esta-a-un-partido-de-hacer-historia-en-chile","status":"publish","type":"post","link":"https:\/\/fmamiga909.com.ar\/?p=49825","title":{"rendered":"El arquero argentino de 46 a\u00f1os que est\u00e1 a un partido de hacer historia en Chile"},"content":{"rendered":"<div id=\"storyBody\">\n<div id=\"element-body-0\" class=\"sc-df222161-0 hNvwjb\">\n<p><strong><a href=\"https:\/\/www.ole.com.ar\/tema\/cristian-campestrini.html\" title=\"Cristian Campestrini\" alt=\"Cristian Campestrini\" class=\"slug\">Cristian Campestrini<\/a><\/strong>, arquero con pasado en Rosario Central, Tigre y Arsenal, va por una marca que lleva m\u00e1s de medio siglo vigente en Chile. <strong>Si juega ante <a href=\"https:\/\/www.ole.com.ar\/tema\/deportes-temuco.html\" title=\"Deportes Temuco\" alt=\"Deportes Temuco\" class=\"slug\">Deportes Temuco<\/a>, el argentino que juega en Rangers se convertir\u00e1 en el m\u00e1s longevo en disputar un encuentro profesional en ese pa\u00eds, <\/strong> por encima de Ra\u00fal Coloma (46 a\u00f1os y 75 d\u00edas), due\u00f1o del r\u00e9cord desde 1974.<\/p>\n<\/div>\n<p><h2>Campestrini y el retiro: \u00abHasta que el coraz\u00f3n diga basta\u00bb<\/h2>\n<\/p>\n<div id=\"element-body-2\" class=\"sc-df222161-0 hNvwjb\">\n<p>Lejos de tomar la edad como un l\u00edmite, el arquero surgido de <strong><a href=\"https:\/\/www.ole.com.ar\/tema\/rosario-central.html\" title=\"Rosario Central\" alt=\"Rosario Central\" class=\"slug\">Rosario Central<\/a><\/strong> explic\u00f3 qu\u00e9 lo impulsa a seguir compitiendo a los 46 a\u00f1os. \u00bb <strong>Cada d\u00eda me levanto con much\u00edsimas ganas de poder mejorar<\/strong>, de tirarme en el pasto para seguir aprendiendo de esto que tanto amo y que tantos momentos lindos me ha regalado. Por eso <strong>lo vivo con mucha responsabilidad y disciplina<\/strong>\u00ab, cont\u00f3.<\/p>\n<\/div>\n<div class=\"sc-c0843421-0 iNysjD image-embed\" id=\"element-body-3\"><img alt=\"Cristian Campestrini, el argentino que puede hacer historia en el ascenso de Chile. (@Rangersdetalca_)\" loading=\"lazy\" width=\"720\" height=\"100\" decoding=\"async\" data-nimg=\"1\" style=\"color:transparent\" src=\"https:\/\/fmamiga909.com.ar\/wp-content\/uploads\/2026\/09\/vMeMOO1qY_720x0__1.jpg\"\/><span class=\"epigraphe\">Cristian Campestrini, el argentino que puede hacer historia en el ascenso de Chile. (@Rangersdetalca_)<\/span><\/div>\n<div id=\"element-body-4\" class=\"sc-df222161-0 hNvwjb\">\n<p>Despu\u00e9s de seis a\u00f1os en el f\u00fatbol chileno, el argentino tambi\u00e9n valor\u00f3 la posibilidad de quedar ligado para siempre a la historia de la competencia. <strong>\u00abSi eso me permite ser parte de la historia del f\u00fatbol chileno, obviamente que me siento muy agradecido\u00bb<\/strong>, asegur\u00f3.<\/p>\n<\/div>\n<div id=\"element-body-5\" class=\"sc-df222161-0 hNvwjb\">\n<p>Y cuando la charla pas\u00f3 por un posible retiro, el de San Nicol\u00e1s de los Arroyos coment\u00f3: \u00bb <strong>Mientras tenga esa sensaci\u00f3n de nerviosismo al llegar a un estadio, antes de un partido, con ese esp\u00edritu amateur que me ha acompa\u00f1ado toda mi carrera, todo eso es se\u00f1al de seguir<\/strong>. Esto es hasta que el coraz\u00f3n diga basta\u00bb.<\/p>\n<\/div>\n<div class=\"sc-c0843421-0 iNysjD image-embed\" id=\"element-body-6\"><img alt=\"Cristian Campestrini. (@Rangersdetalca_)\" loading=\"lazy\" width=\"720\" height=\"100\" decoding=\"async\" data-nimg=\"1\" style=\"color:transparent\" src=\"https:\/\/fmamiga909.com.ar\/wp-content\/uploads\/2026\/09\/g67L306Lm_720x0__1.jpg\"\/><span class=\"epigraphe\">Cristian Campestrini. (@Rangersdetalca_)<\/span><\/div>\n<p><h2>Las ocho finales que le quedan a Campestrini<\/h2>\n<\/p>\n<div id=\"element-body-8\" class=\"sc-df222161-0 hNvwjb\">\n<p>Mientras Campestrini persigue aquel r\u00e9cord personal, Rangers atraviesa un momento decisivo en la temporada. <strong>El equipo de Talca est\u00e1 \u00faltimo con 12 unidades, cinco por debajo de Santa Cruz<\/strong>, aunque empez\u00f3 a respirar otro aire despu\u00e9s de conseguir sus primeras dos victorias del campeonato, ante Arica y <strong><a href=\"https:\/\/www.ole.com.ar\/tema\/union-espanola.html\" title=\"Uni\u00f3n Espa\u00f1ola\" alt=\"Uni\u00f3n Espa\u00f1ola\" class=\"slug\">Uni\u00f3n Espa\u00f1ola<\/a><\/strong>, tras una larga sequ\u00eda.<\/p>\n<\/div>\n<div>\n<blockquote class=\"twitter-tweet\">\n<p lang=\"es\" dir=\"ltr\">\ud83d\udd34\u26ab\ufe0f \ud835\udc0d\ud835\udc14\ud835\udc04\ud835\udc12\ud835\udc13\ud835\udc11\ud835\udc00 \ud835\udc02\ud835\udc00\ud835\udc12\ud835\udc00 \ud835\udc12\ud835\udc04\ud835\udc11\ud835\udc00\u0301 \ud835\udc14\ud835\udc0d\ud835\udc00 \ud835\udc02\ud835\udc00\ud835\udc0b\ud835\udc03\ud835\udc04\ud835\udc11\ud835\udc00 \ud835\udc00\ud835\udc0d\ud835\udc13\ud835\udc04 \ud835\udc13\ud835\udc04\ud835\udc0c\ud835\udc14\ud835\udc02\ud835\udc0e \u2764\ufe0f\ud83d\udda4<\/p>\n<p>Hoy, a partir de las 18:00 horas, nos enfrentamos a Deportes Temuco en nuestra casa, el Estadio Bicentenario Iv\u00e1n Az\u00f3car Bernales, que estar\u00e1 pr\u00e1cticamente lleno. \ud83d\udd25\ud83c\udfdf\ufe0f<\/p>\n<p>\u00a1Que se sienta el\u2026 <a href=\"https:\/\/t.co\/r9kweaBxzn\">pic.twitter.com\/r9kweaBxzn<\/a><\/p>\n<p>\u2014 Rangers de Talca (@Rangersdetalca_) <a href=\"https:\/\/x.com\/Rangersdetalca_\/status\/2095724345238630566?ref_src=twsrc%5Etfw\">September 4, 2026<\/a><\/p><\/blockquote>\n<\/div>\n<div id=\"element-body-10\" class=\"sc-df222161-0 hNvwjb\">\n<p>Con el chileno Ivo Basay como entrenador, el arquero argentino conf\u00eda en que todav\u00eda hay margen para revertir la situaci\u00f3n. <strong>\u00abLa fe y la convicci\u00f3n la tenemos todos. Lo cierto es que quedan ocho finales\u00bb<\/strong>, sostuvo. <strong>Y sobre el choque de este viernes ante Deportes Temuco<\/strong>, en el que adem\u00e1s puede hacer historia, remarc\u00f3: <strong>\u00abEs un encuentro importante como todo lo que queda de ac\u00e1 al final del torneo\u00bb<\/strong>.<\/p>\n<\/div>\n<div id=\"element-body-11\" class=\"sc-a7166897-0 eTTZWU\"><a href=\"https:\/\/www.ole.com.ar\/futbol-internacional\/america\/gremio-cargada-interdeportoalegre-vals-copadebrasil-15anos-sintitulos-brasil-andresdalessandro_0_BaJITOasx5.html\" aria-label=\"La cargada de Gremio a Inter luego de eliminarlo de la Copa de Brasil que incluy\u00f3 un vals de 15\" class=\"sc-d4f573e5-0 bUEDsN\"\/><\/p>\n<section><picture><img alt=\"La cargada de Gremio a Inter luego de eliminarlo de la Copa de Brasil que incluy\u00f3 un vals de 15\" loading=\"lazy\" width=\"290\" height=\"290\" decoding=\"async\" data-nimg=\"1\" style=\"color:transparent\" src=\"https:\/\/fmamiga909.com.ar\/wp-content\/uploads\/2026\/09\/uI3r35tbo_290x290__1.jpg\"\/><\/picture>\n<p><span>Mir\u00e1 tambi\u00e9n<\/span><\/p>\n<hr\/>\n<h3>La cargada de Gremio a Inter luego de eliminarlo de la Copa de Brasil que incluy\u00f3 un vals de 15<\/h3>\n<\/p>\n<\/section>\n<\/div>\n<div id=\"element-body-12\" class=\"sc-a7166897-0 eTTZWU\"><a href=\"https:\/\/www.ole.com.ar\/futbol-internacional\/america\/invicto-atleticomineiro-discurso-eduardodominguez-copadebrasil-cruzeiro-gremio_0_vnv6cEiVi0.html\" aria-label=\"El discurso de Eduardo Dom\u00ednguez tras extender su invicto con Atl\u00e9tico Mineiro: \u201c\u00bfSomos los mejores?\u201d\" class=\"sc-d4f573e5-0 bUEDsN\"\/><\/p>\n<section><picture><img alt=\"El discurso de Eduardo Dom\u00ednguez tras extender su invicto con Atl\u00e9tico Mineiro: \u201c\u00bfSomos los mejores?\u201d\" loading=\"lazy\" width=\"290\" height=\"290\" decoding=\"async\" data-nimg=\"1\" style=\"color:transparent\" src=\"https:\/\/fmamiga909.com.ar\/wp-content\/uploads\/2026\/09\/_yOxnnrDv_290x290__1.jpg\"\/><\/picture>\n<p><span>Mir\u00e1 tambi\u00e9n<\/span><\/p>\n<hr\/>\n<h3>El discurso de Eduardo Dom\u00ednguez tras extender su invicto con Atl\u00e9tico Mineiro: \u201c\u00bfSomos los mejores?\u201d<\/h3>\n<\/p>\n<\/section>\n<\/div>\n<div id=\"element-body-13\" class=\"sc-a7166897-0 eTTZWU\"><a href=\"https:\/\/www.ole.com.ar\/futbol-internacional\/america\/paraguay-futbol-conmebol-cambio-nombre-clubes-calendario_0_yUkJ8tYSuO.html\" aria-label=\"Pol\u00e9mica en Paraguay: pretenden que varios clubes hist\u00f3ricos cambien sus nombres\" class=\"sc-d4f573e5-0 bUEDsN\"\/><\/p>\n<section><picture><img alt=\"Pol\u00e9mica en Paraguay: pretenden que varios clubes hist\u00f3ricos cambien sus nombres\" loading=\"lazy\" width=\"290\" height=\"290\" decoding=\"async\" data-nimg=\"1\" style=\"color:transparent\" src=\"https:\/\/fmamiga909.com.ar\/wp-content\/uploads\/2026\/09\/jZslJXnAv_290x290__1.jpg\"\/><\/picture>\n<p><span>Mir\u00e1 tambi\u00e9n<\/span><\/p>\n<hr\/>\n<h3>Pol\u00e9mica en Paraguay: pretenden que varios clubes hist\u00f3ricos cambien sus nombres<\/h3>\n<\/p>\n<\/section>\n<\/div>\n<\/div>\n<p><script async src=\"\/\/platform.twitter.com\/widgets.js\" charset=\"utf-8\"><\/script><br \/><a href=\"https:\/\/www.ole.com.ar\/futbol-internacional\/america\/arquero-argentino-46-anos-romper-marca-futbol-chileno-cristian-campestrini_0_HUPdys6jJ1.html\">source<\/a><\/p>\n","protected":false},"excerpt":{"rendered":"<p>Cristian Campestrini, arquero con pasado en Rosario Central, Tigre y Arsenal, va por una marca&#8230;<\/p>\n","protected":false},"author":3,"featured_media":49826,"comment_status":"closed","ping_status":"closed","sticky":false,"template":"","format":"standard","meta":{"footnotes":""},"categories":[21],"tags":[],"class_list":["post-49825","post","type-post","status-publish","format-standard","has-post-thumbnail","hentry","category-deportes"],"featured_image_urls":{"full":["https:\/\/fmamiga909.com.ar\/wp-content\/uploads\/2026\/09\/wp-header-logo-77.png",720,959,false],"thumbnail":["https:\/\/fmamiga909.com.ar\/wp-content\/uploads\/2026\/09\/wp-header-logo-77-150x150.png",150,150,true],"medium":["https:\/\/fmamiga909.com.ar\/wp-content\/uploads\/2026\/09\/wp-header-logo-77-225x300.png",225,300,true],"medium_large":["https:\/\/fmamiga909.com.ar\/wp-content\/uploads\/2026\/09\/wp-header-logo-77.png",720,959,false],"large":["https:\/\/fmamiga909.com.ar\/wp-content\/uploads\/2026\/09\/wp-header-logo-77.png",640,852,false],"1536x1536":["https:\/\/fmamiga909.com.ar\/wp-content\/uploads\/2026\/09\/wp-header-logo-77.png",720,959,false],"2048x2048":["https:\/\/fmamiga909.com.ar\/wp-content\/uploads\/2026\/09\/wp-header-logo-77.png",720,959,false],"newsium-slider-full":["https:\/\/fmamiga909.com.ar\/wp-content\/uploads\/2026\/09\/wp-header-logo-77-720x845.png",720,845,true],"newsium-featured":["https:\/\/fmamiga909.com.ar\/wp-content\/uploads\/2026\/09\/wp-header-logo-77.png",720,959,false],"newsium-medium":["https:\/\/fmamiga909.com.ar\/wp-content\/uploads\/2026\/09\/wp-header-logo-77-720x475.png",720,475,true]},"author_info":{"display_name":"Fredy Giuliano","author_link":"https:\/\/fmamiga909.com.ar\/?author=3"},"category_info":"<a href=\"https:\/\/fmamiga909.com.ar\/?cat=21\" rel=\"category\">Deportes<\/a>","tag_info":"Deportes","comment_count":"0","_links":{"self":[{"href":"https:\/\/fmamiga909.com.ar\/index.php?rest_route=\/wp\/v2\/posts\/49825","targetHints":{"allow":["GET"]}}],"collection":[{"href":"https:\/\/fmamiga909.com.ar\/index.php?rest_route=\/wp\/v2\/posts"}],"about":[{"href":"https:\/\/fmamiga909.com.ar\/index.php?rest_route=\/wp\/v2\/types\/post"}],"author":[{"embeddable":true,"href":"https:\/\/fmamiga909.com.ar\/index.php?rest_route=\/wp\/v2\/users\/3"}],"replies":[{"embeddable":true,"href":"https:\/\/fmamiga909.com.ar\/index.php?rest_route=%2Fwp%2Fv2%2Fcomments&post=49825"}],"version-history":[{"count":0,"href":"https:\/\/fmamiga909.com.ar\/index.php?rest_route=\/wp\/v2\/posts\/49825\/revisions"}],"wp:featuredmedia":[{"embeddable":true,"href":"https:\/\/fmamiga909.com.ar\/index.php?rest_route=\/wp\/v2\/media\/49826"}],"wp:attachment":[{"href":"https:\/\/fmamiga909.com.ar\/index.php?rest_route=%2Fwp%2Fv2%2Fmedia&parent=49825"}],"wp:term":[{"taxonomy":"category","embeddable":true,"href":"https:\/\/fmamiga909.com.ar\/index.php?rest_route=%2Fwp%2Fv2%2Fcategories&post=49825"},{"taxonomy":"post_tag","embeddable":true,"href":"https:\/\/fmamiga909.com.ar\/index.php?rest_route=%2Fwp%2Fv2%2Ftags&post=49825"}],"curies":[{"name":"wp","href":"https:\/\/api.w.org\/{rel}","templated":true}]}}