{"id":49831,"date":"2026-09-04T17:02:41","date_gmt":"2026-09-04T17:02:41","guid":{"rendered":"https:\/\/fmamiga909.com.ar\/?p=49831"},"modified":"2026-09-04T17:02:41","modified_gmt":"2026-09-04T17:02:41","slug":"recien-llegado-a-francia-gill-recordo-su-cruce-con-mbappe-en-el-mundial","status":"publish","type":"post","link":"https:\/\/fmamiga909.com.ar\/?p=49831","title":{"rendered":"Reci\u00e9n llegado a Francia, Gill record\u00f3 su cruce con Mbapp\u00e9 en el Mundial"},"content":{"rendered":"<div id=\"storyBody\">\n<div id=\"element-body-0\" class=\"sc-df222161-0 hNvwjb\">\n<p><strong><a href=\"https:\/\/www.ole.com.ar\/tema\/orlando-gill.html\" title=\"Orlando Gill\" alt=\"Orlando Gill\" class=\"slug\">Orlando Gill<\/a><\/strong> fue presentado como nuevo arquero del Lille y <strong><a href=\"https:\/\/www.ole.com.ar\/mundial\/mundial-2026\/mbappe-francia-paraguay-mundial-2026-gol-penal_0_m6rO94jm7t.html\" target=\"_self\" title=\"record\u00f3 su incidente con Kylian Mbapp\u00e9 durante el Mundial 2026\" alt=\"record\u00f3 su incidente con Kylian Mbapp\u00e9 durante el Mundial 2026\">record\u00f3 su incidente con Kylian Mbapp\u00e9 durante el Mundial 2026<\/a><\/strong>. A dos meses del tenso partido entre Paraguay y Francia por los octavos de final, el ex San Lorenzo <strong>reconoci\u00f3 que actu\u00f3 sin pensar y revel\u00f3 que posteriormente se disculp\u00f3<\/strong>.<\/p>\n<\/div>\n<div id=\"element-body-1\" class=\"sc-df222161-0 hNvwjb\">\n<p>\u201c <strong>Soy competitivo, no me gusta perder y a veces uno hace cosas sin pensar<\/strong>. Despu\u00e9s reflexion\u00e9 y me disculp\u00e9. No tengo esa personalidad, eso qued\u00f3 atr\u00e1s\u201d, expres\u00f3 Gill durante su presentaci\u00f3n en el conjunto franc\u00e9s.<\/p>\n<\/div>\n<p><h2>\u00bfQu\u00e9 dijo Orlando Gill sobre su cruce con Mbapp\u00e9?<\/h2>\n<\/p>\n<div id=\"element-body-3\" class=\"sc-df222161-0 hNvwjb\">\n<p>El arquero busc\u00f3 dar por terminado el episodio mientras comienza su primera experiencia en el f\u00fatbol franc\u00e9s. En ese sentido, <strong>asegur\u00f3 que no est\u00e1 preocupado por la recepci\u00f3n que pueda tener en los estadios de la <a href=\"https:\/\/www.ole.com.ar\/tema\/ligue-1.html\" title=\"Ligue 1\" alt=\"Ligue 1\" class=\"slug\">Ligue 1<\/a><\/strong>.<\/p>\n<\/div>\n<div class=\"sc-c0843421-0 iNysjD image-embed\" id=\"element-body-4\"><img alt=\"Orlando Gill, en su primer entrenamiento con el Lille.\" loading=\"lazy\" width=\"1290\" height=\"760\" decoding=\"async\" data-nimg=\"1\" style=\"color:transparent\" src=\"https:\/\/fmamiga909.com.ar\/wp-content\/uploads\/2026\/09\/lkouHEWVn_1290x760__2.jpg#1788533193456\"\/><span class=\"epigraphe\">Orlando Gill, en su primer entrenamiento con el Lille.<\/span><\/div>\n<div id=\"element-body-5\" class=\"sc-df222161-0 hNvwjb\">\n<p>\u201cNo tengo temor. Siempre hay presi\u00f3n en cada estadio, habr\u00e1 abucheos. Pero hay que sobreponerse a eso. <strong>Ya lo viv\u00ed durante el Mundial, aprend\u00ed a sobrellevarlo bien<\/strong>\u201d, explic\u00f3 el futbolista de 26 a\u00f1os.<\/p>\n<\/div>\n<div id=\"element-body-6\" class=\"sc-df222161-0 hNvwjb\">\n<p>El incidente que record\u00f3 Gill ocurri\u00f3 al finalizar el encuentro de octavos de final del <strong><a href=\"https:\/\/www.ole.com.ar\/tema\/mundial-2026.html\" title=\"Mundial 2026\" alt=\"Mundial 2026\" class=\"slug\">Mundial 2026<\/a><\/strong>. <strong> <a href=\"https:\/\/www.ole.com.ar\/tema\/seleccion-de-francia.html\" title=\"Selecci\u00f3n de Francia\" alt=\"Selecci\u00f3n de Francia\" class=\"slug\">Francia<\/a> hab\u00eda eliminado 1-0 a <a href=\"https:\/\/www.ole.com.ar\/tema\/seleccion-de-paraguay.html\" title=\"Selecci\u00f3n de Paraguay\" alt=\"Selecci\u00f3n de Paraguay\" class=\"slug\">Paraguay<\/a> en Filadelfia<\/strong> y el cierre estuvo marcado por algunos cruces entre futbolistas de ambos seleccionados.<\/p>\n<\/div>\n<div id=\"element-body-7\" class=\"sc-8712cf2e-1 brsVwg\"><figcaption class=\"JWvideoNota_title\">\n<p>El cruce entre Mbapp\u00e9 y Gill.<\/p>\n<\/figcaption><\/div>\n<div id=\"element-body-8\" class=\"sc-df222161-0 hNvwjb\">\n<p>Tras el final del encuentro, <strong>Gill se acerc\u00f3 hacia Mbapp\u00e9 para saludarlo, pero el delantero franc\u00e9s no respondi\u00f3<\/strong>. El arquero reaccion\u00f3 lanzando hacia su espalda la pelota que ten\u00eda en sus manos y la situaci\u00f3n gener\u00f3 un momento de tensi\u00f3n entre los jugadores.<\/p>\n<\/div>\n<div id=\"element-body-9\" class=\"sc-8712cf2e-1 brsVwg\"><figcaption class=\"JWvideoNota_title\">\n<p>Orlando Gill tras la eliminaci\u00f3n de Paraguay ante Francia. Video: @chukymacias enviado especial Ol\u00e9<\/p>\n<\/figcaption><\/div>\n<div id=\"element-body-10\" class=\"sc-df222161-0 hNvwjb\">\n<p>\u201cSolo le quise saludar para felicitarlo y parece que se agrand\u00f3, no me dio bola. No me mir\u00f3, no me dijo nada, solamente se re\u00eda\u201d, le hab\u00eda explicado el paraguayo a <strong>Ol\u00e9 <\/strong> despu\u00e9s de aquel encuentro. Ahora, ya instalado en Francia, adopt\u00f3 otra postura sobre lo sucedido y asegur\u00f3 que aquella reacci\u00f3n no representa su personalidad: \u201c <strong>Despu\u00e9s reflexion\u00e9 y me disculp\u00e9<\/strong>\u201d.<\/p>\n<\/div>\n<div>\n<blockquote class=\"twitter-tweet\">\n<p lang=\"fr\" dir=\"ltr\">\ud83d\udde3\ufe0f\u00bbJ&#8217;ai pr\u00e9sent\u00e9 mes excuses.\u00bb, Orlando Gill, gardien paraguayen recrut\u00e9 par Lille revient sur les incidents contre la France \u00e0 la Coupe du Monde et plus pr\u00e9cis\u00e9ment \u00e0 l&#8217;encontre de Kylian Mbapp\u00e9, fr\u00e8re de son nouveau co\u00e9quipier, Ethan. <a href=\"https:\/\/t.co\/Zcy0S1DXNd\">pic.twitter.com\/Zcy0S1DXNd<\/a><\/p>\n<p>\u2014 RMC Sport (@RMCsport) <a href=\"https:\/\/x.com\/RMCsport\/status\/2095247651029618731?ref_src=twsrc%5Etfw\">September 2, 2026<\/a><\/p><\/blockquote>\n<\/div>\n<p><h2>Gill ahora comparte equipo con el hermano de Mbapp\u00e9<\/h2>\n<\/p>\n<div id=\"element-body-13\" class=\"sc-df222161-0 hNvwjb\">\n<p>Su llegada al <strong><a href=\"https:\/\/www.ole.com.ar\/tema\/lille.html\" title=\"Lille\" alt=\"Lille\" class=\"slug\">Lille<\/a><\/strong> presenta adem\u00e1s una particularidad: <strong>Gill se convirti\u00f3 en compa\u00f1ero de <a href=\"https:\/\/www.ole.com.ar\/tema\/ethan-mbappe.html\" title=\"Ethan Mbapp\u00e9\" alt=\"Ethan Mbapp\u00e9\" class=\"slug\">Ethan Mbapp\u00e9<\/a>, hermano menor de Kiki<\/strong>, quien forma parte del plantel del conjunto franc\u00e9s. Orlando cont\u00f3 que ya tuvo contacto con \u00e9l y asegur\u00f3 que mantienen una buena relaci\u00f3n: \u201cHabl\u00e9 con su hermano y nos llevamos muy bien. Es un gran profesional como Kylian\u201d.<\/p>\n<\/div>\n<div id=\"element-body-14\" class=\"sc-df222161-0 hNvwjb\">\n<p>Orlando hab\u00eda comenzado a evaluar la posibilidad de llegar a Los Dogos durante el propio Mundial. Finalmente, dej\u00f3 <strong><a href=\"https:\/\/www.ole.com.ar\/tema\/san-lorenzo.html\" title=\"San Lorenzo\" alt=\"San Lorenzo\" class=\"slug\">San Lorenzo<\/a><\/strong> y firm\u00f3 un contrato por cinco temporadas. <strong>En principio, tendr\u00e1 que competir por un lugar con Berke Ozer<\/strong>. Olivier L\u00e9tang, presidente de la instituci\u00f3n, explic\u00f3 que el reci\u00e9n llegado ocupar\u00e1 el rol de \u201cn\u00famero 1 bis\u201d, mientras que el turco comienza como titular.<\/p>\n<\/div>\n<div class=\"sc-c0843421-0 iNysjD image-embed\" id=\"element-body-15\"><img alt=\"Orlando Gill, durante el Mundial 2026.\" loading=\"lazy\" width=\"720\" height=\"100\" decoding=\"async\" data-nimg=\"1\" style=\"color:transparent\" src=\"https:\/\/fmamiga909.com.ar\/wp-content\/uploads\/2026\/09\/alkC1I0wH_720x0__1.jpg\"\/><span class=\"epigraphe\">Orlando Gill, durante el Mundial 2026.<\/span><\/div>\n<div id=\"element-body-16\" class=\"sc-df222161-0 hNvwjb\">\n<p>La llegada al Lille abre as\u00ed la primera experiencia europea para Gill, quien tendr\u00e1 el desaf\u00edo de adaptarse a la Ligue 1 despu\u00e9s de disputar el Mundial con Paraguay. El arquero de 26 a\u00f1os buscar\u00e1 sumar minutos <strong> en un equipo que tambi\u00e9n afrontar\u00e1 la <a href=\"https:\/\/www.ole.com.ar\/tema\/champions-league.html\" title=\"Champions League\" alt=\"Champions League\" class=\"slug\">Champions League<\/a><\/strong>.<\/p>\n<\/div>\n<div id=\"element-body-17\" class=\"sc-a7166897-0 eTTZWU\"><a href=\"https:\/\/www.ole.com.ar\/futbol-internacional\/inglaterra\/maresca-lleno-elogios-enzo-fernandez-confirmo-listo-jugar_0_FfWmZISa5I.html\" aria-label=\"Maresca llen\u00f3 de elogios a Enzo Fern\u00e1ndez y confirm\u00f3 que est\u00e1 listo para jugar: &quot;Cuatro o cinco jugadores me preguntaban si ven\u00eda o no&quot;\" class=\"sc-d4f573e5-0 bUEDsN\"\/><\/p>\n<section><picture><img alt=\"Maresca llen\u00f3 de elogios a Enzo Fern\u00e1ndez y confirm\u00f3 que est\u00e1 listo para jugar: &quot;Cuatro o cinco jugadores me preguntaban si ven\u00eda o no&quot;\" loading=\"lazy\" width=\"290\" height=\"290\" decoding=\"async\" data-nimg=\"1\" style=\"color:transparent\" src=\"https:\/\/fmamiga909.com.ar\/wp-content\/uploads\/2026\/09\/1788541360_311_tJ6S8tgeT_290x290__1.jpg\"\/><\/picture>\n<p><span>Mir\u00e1 tambi\u00e9n<\/span><\/p>\n<hr\/>\n<h3>Maresca llen\u00f3 de elogios a Enzo Fern\u00e1ndez y confirm\u00f3 que est\u00e1 listo para jugar: \u00abCuatro o cinco jugadores me preguntaban si ven\u00eda o no\u00bb<\/h3>\n<\/p>\n<\/section>\n<\/div>\n<div id=\"element-body-18\" class=\"sc-a7166897-0 eTTZWU\"><a href=\"https:\/\/www.ole.com.ar\/futbol-internacional\/italia\/mastantuono-charla-mourinho-crecer-fiorentina-messi-volver-pronto-seleccion-real-madrid_0_IIvnOyE768.html\" aria-label=\"Mastantuono: su charla con Mourinho, &quot;crecer en Fiorentina&quot;, Messi y &quot;volver pronto&quot; a la Selecci\u00f3n\" class=\"sc-d4f573e5-0 bUEDsN\"\/><\/p>\n<section><picture><img alt=\"Mastantuono: su charla con Mourinho, &quot;crecer en Fiorentina&quot;, Messi y &quot;volver pronto&quot; a la Selecci\u00f3n\" loading=\"lazy\" width=\"290\" height=\"290\" decoding=\"async\" data-nimg=\"1\" style=\"color:transparent\" src=\"https:\/\/fmamiga909.com.ar\/wp-content\/uploads\/2026\/09\/ECiWTWRO__290x290__1.jpg\"\/><\/picture>\n<p><span>Mir\u00e1 tambi\u00e9n<\/span><\/p>\n<hr\/>\n<h3>Mastantuono: su charla con Mourinho, \u00abcrecer en Fiorentina\u00bb, Messi y \u00abvolver pronto\u00bb a la Selecci\u00f3n<\/h3>\n<\/p>\n<\/section>\n<\/div>\n<\/div>\n<p><script async src=\"\/\/platform.twitter.com\/widgets.js\" charset=\"utf-8\"><\/script><br \/><a href=\"https:\/\/www.ole.com.ar\/futbol-internacional\/francia\/orlando-gill-disculpas-incidente-kylian-mbappe-mundial2026-arquero-ethanmbappe-francia-paraguay-lille-futbol-frances_0_0X5sMPnl54.html\">source<\/a><\/p>\n","protected":false},"excerpt":{"rendered":"<p>Orlando Gill fue presentado como nuevo arquero del Lille y record\u00f3 su incidente con Kylian&#8230;<\/p>\n","protected":false},"author":3,"featured_media":49832,"comment_status":"closed","ping_status":"closed","sticky":false,"template":"","format":"standard","meta":{"footnotes":""},"categories":[21],"tags":[],"class_list":["post-49831","post","type-post","status-publish","format-standard","has-post-thumbnail","hentry","category-deportes"],"featured_image_urls":{"full":["https:\/\/fmamiga909.com.ar\/wp-content\/uploads\/2026\/09\/wp-header-logo-78.png",1232,760,false],"thumbnail":["https:\/\/fmamiga909.com.ar\/wp-content\/uploads\/2026\/09\/wp-header-logo-78-150x150.png",150,150,true],"medium":["https:\/\/fmamiga909.com.ar\/wp-content\/uploads\/2026\/09\/wp-header-logo-78-300x185.png",300,185,true],"medium_large":["https:\/\/fmamiga909.com.ar\/wp-content\/uploads\/2026\/09\/wp-header-logo-78.png",1232,760,false],"large":["https:\/\/fmamiga909.com.ar\/wp-content\/uploads\/2026\/09\/wp-header-logo-78-1024x632.png",640,395,true],"1536x1536":["https:\/\/fmamiga909.com.ar\/wp-content\/uploads\/2026\/09\/wp-header-logo-78.png",1232,760,false],"2048x2048":["https:\/\/fmamiga909.com.ar\/wp-content\/uploads\/2026\/09\/wp-header-logo-78.png",1232,760,false],"newsium-slider-full":["https:\/\/fmamiga909.com.ar\/wp-content\/uploads\/2026\/09\/wp-header-logo-78.png",1232,760,false],"newsium-featured":["https:\/\/fmamiga909.com.ar\/wp-content\/uploads\/2026\/09\/wp-header-logo-78-1024x632.png",1024,632,true],"newsium-medium":["https:\/\/fmamiga909.com.ar\/wp-content\/uploads\/2026\/09\/wp-header-logo-78-720x475.png",720,475,true]},"author_info":{"display_name":"Fredy Giuliano","author_link":"https:\/\/fmamiga909.com.ar\/?author=3"},"category_info":"<a href=\"https:\/\/fmamiga909.com.ar\/?cat=21\" rel=\"category\">Deportes<\/a>","tag_info":"Deportes","comment_count":"0","_links":{"self":[{"href":"https:\/\/fmamiga909.com.ar\/index.php?rest_route=\/wp\/v2\/posts\/49831","targetHints":{"allow":["GET"]}}],"collection":[{"href":"https:\/\/fmamiga909.com.ar\/index.php?rest_route=\/wp\/v2\/posts"}],"about":[{"href":"https:\/\/fmamiga909.com.ar\/index.php?rest_route=\/wp\/v2\/types\/post"}],"author":[{"embeddable":true,"href":"https:\/\/fmamiga909.com.ar\/index.php?rest_route=\/wp\/v2\/users\/3"}],"replies":[{"embeddable":true,"href":"https:\/\/fmamiga909.com.ar\/index.php?rest_route=%2Fwp%2Fv2%2Fcomments&post=49831"}],"version-history":[{"count":0,"href":"https:\/\/fmamiga909.com.ar\/index.php?rest_route=\/wp\/v2\/posts\/49831\/revisions"}],"wp:featuredmedia":[{"embeddable":true,"href":"https:\/\/fmamiga909.com.ar\/index.php?rest_route=\/wp\/v2\/media\/49832"}],"wp:attachment":[{"href":"https:\/\/fmamiga909.com.ar\/index.php?rest_route=%2Fwp%2Fv2%2Fmedia&parent=49831"}],"wp:term":[{"taxonomy":"category","embeddable":true,"href":"https:\/\/fmamiga909.com.ar\/index.php?rest_route=%2Fwp%2Fv2%2Fcategories&post=49831"},{"taxonomy":"post_tag","embeddable":true,"href":"https:\/\/fmamiga909.com.ar\/index.php?rest_route=%2Fwp%2Fv2%2Ftags&post=49831"}],"curies":[{"name":"wp","href":"https:\/\/api.w.org\/{rel}","templated":true}]}}