{"id":49835,"date":"2026-09-04T17:17:35","date_gmt":"2026-09-04T17:17:35","guid":{"rendered":"https:\/\/fmamiga909.com.ar\/?p=49835"},"modified":"2026-09-04T17:17:35","modified_gmt":"2026-09-04T17:17:35","slug":"el-tecnico-del-bayern-le-bajo-el-tono-a-los-desmayos-de-musiala-si-vuelve-a-ocurrir-ya-no-sera-gran-cosa-para-nosotros","status":"publish","type":"post","link":"https:\/\/fmamiga909.com.ar\/?p=49835","title":{"rendered":"El t\u00e9cnico del Bayern le baj\u00f3 el tono a los desmayos de Musiala: &quot;Si vuelve a ocurrir ya no ser\u00e1 gran cosa para nosotros&quot;"},"content":{"rendered":"<div id=\"storyBody\">\n<div id=\"element-body-0\" class=\"sc-df222161-0 hNvwjb\">\n<p>Los consecutivos desmayos de <strong><a href=\"https:\/\/www.ole.com.ar\/futbol-internacional\/desmayos-jamal-musiala-pierde-debut-bayern-munich-bundesliga_0_w65Pi1UdVh.html\" title=\"Jamal Musiala\" alt=\"Jamal Musiala\">Jamal Musiala<\/a><\/strong> pusieron en alerta a gran parte del mundo. Sin embargo, el entrenador del <strong><a href=\"https:\/\/www.ole.com.ar\/tema\/bayern-munich.html\" target=\"_blank\" title=\"Bayern Munich\" alt=\"Bayern Munich\" class=\"slug\">Bayern Munich<\/a><\/strong> le baj\u00f3 el tono de preocupaci\u00f3n a lo sucedido e indic\u00f3 que si vuelve a suceder ellos sabr\u00e1n c\u00f3mo actuar.<\/p>\n<\/div>\n<div id=\"element-body-1\" class=\"sc-df222161-0 hNvwjb\">\n<p><strong><a href=\"https:\/\/www.ole.com.ar\/tema\/vincent-kompany.html\" title=\"Vincent Kompany\" alt=\"Vincent Kompany\" class=\"slug\">Vincent Kompany<\/a> <\/strong> preserv\u00f3 al futbolista al inicio de la temporada para que pueda tratar su disfunci\u00f3n neurol\u00f3gica con el tratamiento que le indicaron los m\u00e9dicos. No obstante, se mostr\u00f3 confiado de cara a la recuperaci\u00f3n y adaptaci\u00f3n. <\/p>\n<\/div>\n<div class=\"sc-c0843421-0 iNysjD image-embed\" id=\"element-body-2\"><img alt=\"Jamal Musiala saliendo del campo de juego luego de desplomarse.\" loading=\"lazy\" width=\"720\" height=\"100\" decoding=\"async\" data-nimg=\"1\" style=\"color:transparent\" src=\"https:\/\/fmamiga909.com.ar\/wp-content\/uploads\/2026\/09\/0kccufvEo_720x0__1.jpg\"\/><span class=\"epigraphe\">Jamal Musiala saliendo del campo de juego luego de desplomarse.<\/span><\/div>\n<div id=\"element-body-3\" class=\"sc-df222161-0 hNvwjb\">\n<p>\u00abSi vuelve a ocurrir dentro de 40, 50 o 60 d\u00edas, o dentro de 40, 50 o 60 partidos, entonces ya <strong>no ser\u00e1 gran cosa para nosotros<\/strong>. Sabemos c\u00f3mo afrontarlo y, en alg\u00fan momento, <strong>volver\u00e1 a ser un atleta totalmente normal<\/strong>\u00ab, recalc\u00f3.<\/p>\n<\/div>\n<div id=\"element-body-4\" class=\"sc-df222161-0 hNvwjb\">\n<p>Aunque fue incluido en la convocatoria para el partido del jueves ante el <strong><a href=\"https:\/\/www.ole.com.ar\/tema\/bodo-glimt.html\" title=\"Bodo Glimt\" alt=\"Bodo Glimt\" class=\"slug\">Bodo\/Glimt<\/a> <\/strong> en la Champions League, el t\u00e9cnico confirm\u00f3 que est\u00e1 evaluando su rendimiento en los entrenamientos antes de decidir cu\u00e1ndo volver a incluirlo definitivamente en el equipo. \u00bb <strong>Est\u00e1 bien, ha tenido una buena semana<\/strong>. Este impacto inicial en p\u00fablico, con suerte, est\u00e1 disminuyendo poco a poco\u00bb, indic\u00f3.<\/p>\n<\/div>\n<div id=\"element-body-5\" class=\"sc-df222161-0 hNvwjb\">\n<p>Aunque el club manifest\u00f3 que estaba al tanto del problema desde al menos la temporada pasada y el propio involucrado explic\u00f3 que no existe \u00abning\u00fan riesgo adicional para su salud\u00bb, su regreso a las canchas depender\u00e1 estrictamente de la observaci\u00f3n que realicen los especialistas.<\/p>\n<\/div>\n<p><h2>\u00bfCu\u00e1ndo fue la \u00faltima vez que Jamal Musiala disput\u00f3 un partido oficial?<\/h2>\n<\/p>\n<div id=\"element-body-7\" class=\"sc-df222161-0 hNvwjb\">\n<p>El \u00faltimo partido competitivo de <strong>Jamal Musiala<\/strong> tuvo lugar en el Mundial 2026, donde <strong>Alemania <\/strong> perdi\u00f3 por penales ante <strong>Paraguay <\/strong> en 16avos y qued\u00f3 eliminado. Desde entonces, no volvi\u00f3 a sumar minutos a ra\u00edz de sus desmayos.<\/p>\n<\/div>\n<p><h2>Jamal Musiala sufri\u00f3 dos desmayos por una disfunci\u00f3n neurol\u00f3gica<\/h2>\n<\/p>\n<div id=\"element-body-9\" class=\"sc-df222161-0 hNvwjb\">\n<p>El jugador de la selecci\u00f3n de <strong>Alemania <\/strong> viene de sufrir dos desvanecimientos que pusieron en alerta al mundo del f\u00fatbol. El 15 de agosto se desplom\u00f3 durante un amistoso ante el <strong>Leipzig <\/strong> y volvi\u00f3 a sufrir un episodio similar tres d\u00edas despu\u00e9s contra el <strong>Heidenheim<\/strong>.<\/p>\n<\/div>\n<div class=\"sc-c0843421-0 iNysjD image-embed\" id=\"element-body-10\"><img alt=\"Jamal Musiala tras el desmayo. (EFE)\" loading=\"lazy\" width=\"720\" height=\"100\" decoding=\"async\" data-nimg=\"1\" style=\"color:transparent\" src=\"https:\/\/fmamiga909.com.ar\/wp-content\/uploads\/2026\/09\/RXOJfC_TI_720x0__1.jpg\"\/><span class=\"epigraphe\">Jamal Musiala tras el desmayo. (EFE)<\/span><\/div>\n<\/div>\n<p><a href=\"https:\/\/www.ole.com.ar\/futbol-internacional\/liga-alemana-bundesliga\/vincent-kompany-bayern-munich-musiala_0_1fGyHPvJ3T.html\">source<\/a><\/p>\n","protected":false},"excerpt":{"rendered":"<p>Los consecutivos desmayos de Jamal Musiala pusieron en alerta a gran parte del mundo. Sin&#8230;<\/p>\n","protected":false},"author":3,"featured_media":49836,"comment_status":"closed","ping_status":"closed","sticky":false,"template":"","format":"standard","meta":{"footnotes":""},"categories":[21],"tags":[],"class_list":["post-49835","post","type-post","status-publish","format-standard","has-post-thumbnail","hentry","category-deportes"],"featured_image_urls":{"full":["https:\/\/fmamiga909.com.ar\/wp-content\/uploads\/2026\/09\/wp-header-logo-79.png",720,405,false],"thumbnail":["https:\/\/fmamiga909.com.ar\/wp-content\/uploads\/2026\/09\/wp-header-logo-79-150x150.png",150,150,true],"medium":["https:\/\/fmamiga909.com.ar\/wp-content\/uploads\/2026\/09\/wp-header-logo-79-300x169.png",300,169,true],"medium_large":["https:\/\/fmamiga909.com.ar\/wp-content\/uploads\/2026\/09\/wp-header-logo-79.png",720,405,false],"large":["https:\/\/fmamiga909.com.ar\/wp-content\/uploads\/2026\/09\/wp-header-logo-79.png",640,360,false],"1536x1536":["https:\/\/fmamiga909.com.ar\/wp-content\/uploads\/2026\/09\/wp-header-logo-79.png",720,405,false],"2048x2048":["https:\/\/fmamiga909.com.ar\/wp-content\/uploads\/2026\/09\/wp-header-logo-79.png",720,405,false],"newsium-slider-full":["https:\/\/fmamiga909.com.ar\/wp-content\/uploads\/2026\/09\/wp-header-logo-79.png",720,405,false],"newsium-featured":["https:\/\/fmamiga909.com.ar\/wp-content\/uploads\/2026\/09\/wp-header-logo-79.png",720,405,false],"newsium-medium":["https:\/\/fmamiga909.com.ar\/wp-content\/uploads\/2026\/09\/wp-header-logo-79.png",720,405,false]},"author_info":{"display_name":"Fredy Giuliano","author_link":"https:\/\/fmamiga909.com.ar\/?author=3"},"category_info":"<a href=\"https:\/\/fmamiga909.com.ar\/?cat=21\" rel=\"category\">Deportes<\/a>","tag_info":"Deportes","comment_count":"0","_links":{"self":[{"href":"https:\/\/fmamiga909.com.ar\/index.php?rest_route=\/wp\/v2\/posts\/49835","targetHints":{"allow":["GET"]}}],"collection":[{"href":"https:\/\/fmamiga909.com.ar\/index.php?rest_route=\/wp\/v2\/posts"}],"about":[{"href":"https:\/\/fmamiga909.com.ar\/index.php?rest_route=\/wp\/v2\/types\/post"}],"author":[{"embeddable":true,"href":"https:\/\/fmamiga909.com.ar\/index.php?rest_route=\/wp\/v2\/users\/3"}],"replies":[{"embeddable":true,"href":"https:\/\/fmamiga909.com.ar\/index.php?rest_route=%2Fwp%2Fv2%2Fcomments&post=49835"}],"version-history":[{"count":0,"href":"https:\/\/fmamiga909.com.ar\/index.php?rest_route=\/wp\/v2\/posts\/49835\/revisions"}],"wp:featuredmedia":[{"embeddable":true,"href":"https:\/\/fmamiga909.com.ar\/index.php?rest_route=\/wp\/v2\/media\/49836"}],"wp:attachment":[{"href":"https:\/\/fmamiga909.com.ar\/index.php?rest_route=%2Fwp%2Fv2%2Fmedia&parent=49835"}],"wp:term":[{"taxonomy":"category","embeddable":true,"href":"https:\/\/fmamiga909.com.ar\/index.php?rest_route=%2Fwp%2Fv2%2Fcategories&post=49835"},{"taxonomy":"post_tag","embeddable":true,"href":"https:\/\/fmamiga909.com.ar\/index.php?rest_route=%2Fwp%2Fv2%2Ftags&post=49835"}],"curies":[{"name":"wp","href":"https:\/\/api.w.org\/{rel}","templated":true}]}}