{"id":49845,"date":"2026-09-05T04:29:28","date_gmt":"2026-09-05T04:29:28","guid":{"rendered":"https:\/\/fmamiga909.com.ar\/?p=49845"},"modified":"2026-09-05T04:29:28","modified_gmt":"2026-09-05T04:29:28","slug":"franco-colapinto-en-monza-hoy-en-vivo-a-que-hora-es-la-clasificacion-y-donde-ver-la-actividad-de-la-f1","status":"publish","type":"post","link":"https:\/\/fmamiga909.com.ar\/?p=49845","title":{"rendered":"Franco Colapinto en Monza, hoy EN VIVO: a qu\u00e9 hora es la clasificaci\u00f3n y d\u00f3nde ver la actividad de la F1"},"content":{"rendered":"<p><time class=\"createDate\" datetime=\"2026-09-05T00:00:13-03:00\">05\/09\/2026 00:00hs.<\/time><\/p>\n<div id=\"storyBody\">\n<div class=\"sc-df222161-0 hNvwjb\">\n<p>Empieza lo bueno en Monza, por el GP de Italia, el circuito en el que <strong><a href=\"https:\/\/www.ole.com.ar\/tema\/franco-colapinto.html.html\" title=\"Franco Colapinto\" alt=\"Franco Colapinto\" class=\"slug\">Franco Colapinto<\/a><\/strong> tuvo su debut absoluto en la <a href=\"https:\/\/www.ole.com.ar\/tema\/formula-1.html\" title=\"F\u00f3rmula 1\" alt=\"F\u00f3rmula 1\" class=\"slug\">F1<\/a>. Este s\u00e1bado habr\u00e1 dos sesiones: <strong>a las 7.30, la FP3, y a las 11.00, la clasificaci\u00f3n<\/strong>, que definir\u00e1 las posiciones de largada para la carrera del domingo.<\/p>\n<\/div>\n<div class=\"sc-df222161-0 hNvwjb\">\n<p>Toda la actividad de hoy, 5\/9, ser\u00e1 podr\u00e1 ver exclusivamente por <strong>Disney+ Premium<\/strong>. Adem\u00e1s, est\u00e1 el minuto a minuto con an\u00e1lisis y videos en la web de <strong>Ol\u00e9<\/strong>.<\/p>\n<\/div>\n<p><h2>Segu\u00ed el MINUTO a MINUTO de Franco Colapinto por la F1 en Monza<\/h2>\n<\/p>\n<article class=\"sc-df7341ea-2 iqdgkI\"><time>05\/09\/2026, <span style=\"font-weight: bold;\">01:00<\/span><\/time><\/p>\n<div class=\"groupItems\" id=\"Post0\">\n<p><h2>Qu\u00e9 dijo Colapinto tras las sesiones de libres<\/h2>\n<\/p>\n<div class=\"sc-df222161-0 hNvwjb\">\n<p>Tras las primera jornada en Monza, Franco se march\u00f3 con sensaciones mixtas: \u00bb <strong>La FP1 hab\u00eda sido muy positiva<\/strong>, el long run (simulaci\u00f3n de carrera) hab\u00eda sido muy bueno; con las gomas medias hab\u00eda hecho un tiempo muy r\u00e1pido y ten\u00eda mucho para mejorar. <strong>En la FP2 estuvimos un poquito perdidos, creo que dimos un paso para atr\u00e1s.<\/strong> Hay que entender por qu\u00e9, si es la temperatura, hizo m\u00e1s calor, o qu\u00e9 fue lo que pas\u00f3\u00bb.<\/p>\n<\/div>\n<div class=\"sc-c0843421-0 iNysjD image-embed\"><img alt=\"Colapinto fue objeto de los flashes en Italia. (REUTERS\/Jakub Porzyc)\" loading=\"lazy\" width=\"720\" height=\"100\" decoding=\"async\" data-nimg=\"1\" style=\"color:transparent\" src=\"https:\/\/fmamiga909.com.ar\/wp-content\/uploads\/2026\/09\/1788582567_912_VjhOaNM-g_720x0__1.jpg\"\/><span class=\"epigraphe\">Colapinto fue objeto de los flashes en Italia. (REUTERS\/Jakub Porzyc)<\/span><\/div>\n<\/div>\n<\/article>\n<article class=\"sc-df7341ea-2 iqdgkI\"><time>05\/09\/2026, <span style=\"font-weight: bold;\">00:30<\/span><\/time><\/p>\n<div class=\"groupItems\" id=\"Post1\">\n<p><h2>C\u00f3mo le fue a Colapinto en las pr\u00e1cticas del viernes<\/h2>\n<\/p>\n<div class=\"sc-df222161-0 hNvwjb\">\n<p>En el primer d\u00eda de actividad de la F\u00f3rmula 1 en Italia, <strong>Franco sali\u00f3 9\u00b0 en la FP1 y 11\u00b0 en la FP2. <\/strong> Alpine le aplic\u00f3 las mejoras que Gasly ya tuvo en Zandvoort y se empezaron a ver los resultados.<\/p>\n<\/div>\n<\/div>\n<\/article>\n<article class=\"sc-df7341ea-2 jcfzgO\"><time>05\/09\/2026, <span style=\"font-weight: bold;\">00:00<\/span><\/time><\/p>\n<div class=\"groupItems\" id=\"Post2\">\n<p><h2>Hora y d\u00f3nde ver la actividad de Franco Colapinto en Monza<\/h2>\n<\/p>\n<div class=\"sc-df222161-0 hNvwjb\">\n<p>Colapinto empezar\u00e1 a girar a las 7.30 (hora de Argentina), por la <strong>tercera pr\u00e1ctica libre<\/strong>, y volver\u00e1 a hacerlo a las 11.00, por la <strong>clasificaci\u00f3n<\/strong>. Toda la actividad ser\u00e1 transmitida por <strong>Disney+ Premium<\/strong>.<\/p>\n<\/div>\n<\/div>\n<\/article>\n<\/div>\n<p><a href=\"https:\/\/www.ole.com.ar\/autos\/franco-colapinto-monza-gp-italia-hoy-vivo-hora-clasificacion-ver-f1-formula-1_0_SPGKwP2Sjc.html\">source<\/a><\/p>\n","protected":false},"excerpt":{"rendered":"<p>05\/09\/2026 00:00hs. Empieza lo bueno en Monza, por el GP de Italia, el circuito en&#8230;<\/p>\n","protected":false},"author":3,"featured_media":49846,"comment_status":"closed","ping_status":"closed","sticky":false,"template":"","format":"standard","meta":{"footnotes":""},"categories":[21],"tags":[],"class_list":["post-49845","post","type-post","status-publish","format-standard","has-post-thumbnail","hentry","category-deportes"],"featured_image_urls":{"full":["https:\/\/fmamiga909.com.ar\/wp-content\/uploads\/2026\/09\/wp-header-logo-81.png",720,480,false],"thumbnail":["https:\/\/fmamiga909.com.ar\/wp-content\/uploads\/2026\/09\/wp-header-logo-81-150x150.png",150,150,true],"medium":["https:\/\/fmamiga909.com.ar\/wp-content\/uploads\/2026\/09\/wp-header-logo-81-300x200.png",300,200,true],"medium_large":["https:\/\/fmamiga909.com.ar\/wp-content\/uploads\/2026\/09\/wp-header-logo-81.png",720,480,false],"large":["https:\/\/fmamiga909.com.ar\/wp-content\/uploads\/2026\/09\/wp-header-logo-81.png",640,427,false],"1536x1536":["https:\/\/fmamiga909.com.ar\/wp-content\/uploads\/2026\/09\/wp-header-logo-81.png",720,480,false],"2048x2048":["https:\/\/fmamiga909.com.ar\/wp-content\/uploads\/2026\/09\/wp-header-logo-81.png",720,480,false],"newsium-slider-full":["https:\/\/fmamiga909.com.ar\/wp-content\/uploads\/2026\/09\/wp-header-logo-81.png",720,480,false],"newsium-featured":["https:\/\/fmamiga909.com.ar\/wp-content\/uploads\/2026\/09\/wp-header-logo-81.png",720,480,false],"newsium-medium":["https:\/\/fmamiga909.com.ar\/wp-content\/uploads\/2026\/09\/wp-header-logo-81-720x475.png",720,475,true]},"author_info":{"display_name":"Fredy Giuliano","author_link":"https:\/\/fmamiga909.com.ar\/?author=3"},"category_info":"<a href=\"https:\/\/fmamiga909.com.ar\/?cat=21\" rel=\"category\">Deportes<\/a>","tag_info":"Deportes","comment_count":"0","_links":{"self":[{"href":"https:\/\/fmamiga909.com.ar\/index.php?rest_route=\/wp\/v2\/posts\/49845","targetHints":{"allow":["GET"]}}],"collection":[{"href":"https:\/\/fmamiga909.com.ar\/index.php?rest_route=\/wp\/v2\/posts"}],"about":[{"href":"https:\/\/fmamiga909.com.ar\/index.php?rest_route=\/wp\/v2\/types\/post"}],"author":[{"embeddable":true,"href":"https:\/\/fmamiga909.com.ar\/index.php?rest_route=\/wp\/v2\/users\/3"}],"replies":[{"embeddable":true,"href":"https:\/\/fmamiga909.com.ar\/index.php?rest_route=%2Fwp%2Fv2%2Fcomments&post=49845"}],"version-history":[{"count":0,"href":"https:\/\/fmamiga909.com.ar\/index.php?rest_route=\/wp\/v2\/posts\/49845\/revisions"}],"wp:featuredmedia":[{"embeddable":true,"href":"https:\/\/fmamiga909.com.ar\/index.php?rest_route=\/wp\/v2\/media\/49846"}],"wp:attachment":[{"href":"https:\/\/fmamiga909.com.ar\/index.php?rest_route=%2Fwp%2Fv2%2Fmedia&parent=49845"}],"wp:term":[{"taxonomy":"category","embeddable":true,"href":"https:\/\/fmamiga909.com.ar\/index.php?rest_route=%2Fwp%2Fv2%2Fcategories&post=49845"},{"taxonomy":"post_tag","embeddable":true,"href":"https:\/\/fmamiga909.com.ar\/index.php?rest_route=%2Fwp%2Fv2%2Ftags&post=49845"}],"curies":[{"name":"wp","href":"https:\/\/api.w.org\/{rel}","templated":true}]}}