{"id":49851,"date":"2026-09-05T04:37:24","date_gmt":"2026-09-05T04:37:24","guid":{"rendered":"https:\/\/fmamiga909.com.ar\/?p=49851"},"modified":"2026-09-05T04:37:24","modified_gmt":"2026-09-05T04:37:24","slug":"el-otro-gallardo-va-a-dirigir-a-ecuador","status":"publish","type":"post","link":"https:\/\/fmamiga909.com.ar\/?p=49851","title":{"rendered":"El &quot;otro&quot; Gallardo va a dirigir a Ecuador"},"content":{"rendered":"<div id=\"storyBody\">\n<div id=\"element-body-0\" class=\"sc-df222161-0 hNvwjb\">\n<p>Cuando Marcelo Gallardo dio fin a su gloriosa etapa 2014-2022 en River, en el imaginario popular su pr\u00f3ximo paso ser\u00eda <strong> ir a dirigir en la Champions<\/strong>. Barcelona, Real Madrid, PSG&#8230; Tama\u00f1o desgaste de energ\u00edas, haberse brindado as\u00ed, lo hizo tomar otra decisi\u00f3n: descansar. <strong>Mucho hab\u00eda postergado, inevitablemente, de su vida personal<\/strong> y familiar en aras del \u00e9xito profesional.<\/p>\n<\/div>\n<div id=\"element-body-1\" class=\"sc-df222161-0 hNvwjb\">\n<p>Pero los grandes de Europa no lo llamaban, <strong>no quiso ir a equipos de segundo orden<\/strong> y termin\u00f3 tomando un extra\u00f1o desaf\u00edo en el f\u00fatbol \u00e1rabe.<\/p>\n<\/div>\n<div id=\"element-body-2\" class=\"sc-df222161-0 hNvwjb\">\n<p>Dur\u00f3 unos seis meses; se fue de Al Ittihad en medio de <strong> una sonora pelea con la estrella Karim Benzema<\/strong> y sin alcanzar objetivos deportivos.<\/p>\n<\/div>\n<div id=\"element-body-3\" class=\"sc-df222161-0 hNvwjb\">\n<p>M\u00e1s r\u00e1pido de lo imaginado, volvi\u00f3 a River. Esta nueva versi\u00f3n de <strong>Gallardo result\u00f3 irreconocible, desconcertante<\/strong>, y al irse tras 18 meses y cero t\u00edtulos, nadie cre\u00eda que pod\u00eda ir a la Champions. Su equipo no hab\u00eda logrado jugar bien, no conectaba, no era intenso, no recuperaba alto, era fr\u00e1gil de car\u00e1cter y nada confiable en defensa, no remontaba partidos.<\/p>\n<\/div>\n<div id=\"element-body-4\" class=\"sc-df222161-0 hNvwjb\">\n<p>\u00c9l no acertaba la formaci\u00f3n, ni los refuerzos; <strong>no mejoraba a sus jugadores<\/strong>, no sacud\u00eda los partidos con sus cambios. Todo lo que era perfecto antes, \u00bfad\u00f3nde estaba? Parec\u00eda hasta haber perdido el \u201cojo del tigre\u201d.<\/p>\n<\/div>\n<div id=\"element-body-5\" class=\"sc-df222161-0 hNvwjb\">\n<p>Hoy, River no tiene DT y el de la Selecci\u00f3n dijo que se ir\u00e1 a fin de a\u00f1o. Pero <strong> ni al propio Gallardo se le ocurre<\/strong> ahora aspirar a esos lugares. Va a una selecci\u00f3n de Sudam\u00e9rica. No a Brasil o Uruguay: a Ecuador.<\/p>\n<\/div>\n<div id=\"element-body-6\" class=\"sc-df222161-0 hNvwjb\">\n<p>Toma el lugar que les hab\u00edan confiado a <strong>Gustavo Alfaro y Sebasti\u00e1n Beccacece<\/strong>, cuando la federaci\u00f3n busc\u00f3 consolidar un salto de calidad. Tiene buenos jugadores, pero es un equipo con ambiciones m\u00e1s bien modestas: estar entre los cuatro mejores de Conmebol, llegar a octavos de un Mundial.<\/p>\n<\/div>\n<div id=\"element-body-7\" class=\"sc-df222161-0 hNvwjb\">\n<p>Es raro. Pero es este \u201cotro\u201d Gallardo. \u00c9l tambi\u00e9n debe estar <strong>intentando reinventarse<\/strong>, en busca de aquel de esos a\u00f1os maravillosos con River.<\/p>\n<\/div>\n<div class=\"sc-c0843421-0 iNysjD image-embed\" id=\"element-body-8\"><img alt=\"Beccacece en Nueva Jersey, tras el triunfo 2-1 sobre Alemania en el Mundial (EFE \/ Sebastiao Moreira).\" loading=\"lazy\" width=\"720\" height=\"100\" decoding=\"async\" data-nimg=\"1\" style=\"color:transparent\" src=\"https:\/\/fmamiga909.com.ar\/wp-content\/uploads\/2026\/09\/UpCVV-gTH_720x0__2.jpg#1788578593135\"\/><span class=\"epigraphe\">Beccacece en Nueva Jersey, tras el triunfo 2-1 sobre Alemania en el Mundial (EFE \/ Sebastiao Moreira).<\/span><\/div>\n<div class=\"sc-c0843421-0 iNysjD image-embed\" id=\"element-body-9\"><img alt=\"Gallardo, cuando se despidi\u00f3 de River en febrero pasado (Foto Marcelo Carroll).\" loading=\"lazy\" width=\"720\" height=\"100\" decoding=\"async\" data-nimg=\"1\" style=\"color:transparent\" src=\"https:\/\/fmamiga909.com.ar\/wp-content\/uploads\/2026\/09\/DtIPOwmqB_720x0__2.jpg#1788578788708\"\/><span class=\"epigraphe\">Gallardo, cuando se despidi\u00f3 de River en febrero pasado (Foto Marcelo Carroll).<\/span><\/div>\n<div id=\"element-body-10\" class=\"sc-a7166897-0 eTTZWU\"><a href=\"https:\/\/www.ole.com.ar\/futbol-internacional\/galindez-declaraciones-gallardo-seleccion-ecuador_0_MpQ4eCzGMj.html\" aria-label=\"Gal\u00edndez y el efecto de Gallardo en la selecci\u00f3n de Ecuador: &quot;Nos hace so\u00f1ar&quot;\" class=\"sc-d4f573e5-0 bUEDsN\"\/><\/p>\n<section><picture><img alt=\"Gal\u00edndez y el efecto de Gallardo en la selecci\u00f3n de Ecuador: &quot;Nos hace so\u00f1ar&quot;\" loading=\"lazy\" width=\"290\" height=\"290\" decoding=\"async\" data-nimg=\"1\" style=\"color:transparent\" src=\"https:\/\/fmamiga909.com.ar\/wp-content\/uploads\/2026\/09\/ifI8S8Ihm_290x290__1.jpg\"\/><\/picture>\n<p><span>Mir\u00e1 tambi\u00e9n<\/span><\/p>\n<hr\/>\n<h3>Gal\u00edndez y el efecto de Gallardo en la selecci\u00f3n de Ecuador: \u00abNos hace so\u00f1ar\u00bb<\/h3>\n<\/p>\n<\/section>\n<\/div>\n<div id=\"element-body-11\" class=\"sc-a7166897-0 eTTZWU\"><a href=\"https:\/\/www.ole.com.ar\/futbol-internacional\/impacto-gallardo-ecuador-dijeron-medios_0_8XJPy5Id8o.html\" aria-label=\"El impacto de Gallardo en Ecuador: \u00bfqu\u00e9 dijeron los medios sobre el Mu\u00f1eco?\" class=\"sc-d4f573e5-0 bUEDsN\"\/><\/p>\n<section><picture><img alt=\"El impacto de Gallardo en Ecuador: \u00bfqu\u00e9 dijeron los medios sobre el Mu\u00f1eco?\" loading=\"lazy\" width=\"290\" height=\"290\" decoding=\"async\" data-nimg=\"1\" style=\"color:transparent\" src=\"https:\/\/fmamiga909.com.ar\/wp-content\/uploads\/2026\/09\/LCpK04nqA_290x290__1.jpg\"\/><\/picture>\n<p><span>Mir\u00e1 tambi\u00e9n<\/span><\/p>\n<hr\/>\n<h3>El impacto de Gallardo en Ecuador: \u00bfqu\u00e9 dijeron los medios sobre el Mu\u00f1eco?<\/h3>\n<\/p>\n<\/section>\n<\/div>\n<\/div>\n<p><a href=\"https:\/\/www.ole.com.ar\/opinion\/gallardo-ecuador-ultraganador-sudamericano-ambiciones-modestas_0_JHkBqd4IhP.html\">source<\/a><\/p>\n","protected":false},"excerpt":{"rendered":"<p>Cuando Marcelo Gallardo dio fin a su gloriosa etapa 2014-2022 en River, en el imaginario&#8230;<\/p>\n","protected":false},"author":3,"featured_media":49852,"comment_status":"closed","ping_status":"closed","sticky":false,"template":"","format":"standard","meta":{"footnotes":""},"categories":[21],"tags":[],"class_list":["post-49851","post","type-post","status-publish","format-standard","has-post-thumbnail","hentry","category-deportes"],"featured_image_urls":{"full":["https:\/\/fmamiga909.com.ar\/wp-content\/uploads\/2026\/09\/wp-header-logo-82.png",720,391,false],"thumbnail":["https:\/\/fmamiga909.com.ar\/wp-content\/uploads\/2026\/09\/wp-header-logo-82-150x150.png",150,150,true],"medium":["https:\/\/fmamiga909.com.ar\/wp-content\/uploads\/2026\/09\/wp-header-logo-82-300x163.png",300,163,true],"medium_large":["https:\/\/fmamiga909.com.ar\/wp-content\/uploads\/2026\/09\/wp-header-logo-82.png",720,391,false],"large":["https:\/\/fmamiga909.com.ar\/wp-content\/uploads\/2026\/09\/wp-header-logo-82.png",640,348,false],"1536x1536":["https:\/\/fmamiga909.com.ar\/wp-content\/uploads\/2026\/09\/wp-header-logo-82.png",720,391,false],"2048x2048":["https:\/\/fmamiga909.com.ar\/wp-content\/uploads\/2026\/09\/wp-header-logo-82.png",720,391,false],"newsium-slider-full":["https:\/\/fmamiga909.com.ar\/wp-content\/uploads\/2026\/09\/wp-header-logo-82.png",720,391,false],"newsium-featured":["https:\/\/fmamiga909.com.ar\/wp-content\/uploads\/2026\/09\/wp-header-logo-82.png",720,391,false],"newsium-medium":["https:\/\/fmamiga909.com.ar\/wp-content\/uploads\/2026\/09\/wp-header-logo-82.png",720,391,false]},"author_info":{"display_name":"Fredy Giuliano","author_link":"https:\/\/fmamiga909.com.ar\/?author=3"},"category_info":"<a href=\"https:\/\/fmamiga909.com.ar\/?cat=21\" rel=\"category\">Deportes<\/a>","tag_info":"Deportes","comment_count":"0","_links":{"self":[{"href":"https:\/\/fmamiga909.com.ar\/index.php?rest_route=\/wp\/v2\/posts\/49851","targetHints":{"allow":["GET"]}}],"collection":[{"href":"https:\/\/fmamiga909.com.ar\/index.php?rest_route=\/wp\/v2\/posts"}],"about":[{"href":"https:\/\/fmamiga909.com.ar\/index.php?rest_route=\/wp\/v2\/types\/post"}],"author":[{"embeddable":true,"href":"https:\/\/fmamiga909.com.ar\/index.php?rest_route=\/wp\/v2\/users\/3"}],"replies":[{"embeddable":true,"href":"https:\/\/fmamiga909.com.ar\/index.php?rest_route=%2Fwp%2Fv2%2Fcomments&post=49851"}],"version-history":[{"count":0,"href":"https:\/\/fmamiga909.com.ar\/index.php?rest_route=\/wp\/v2\/posts\/49851\/revisions"}],"wp:featuredmedia":[{"embeddable":true,"href":"https:\/\/fmamiga909.com.ar\/index.php?rest_route=\/wp\/v2\/media\/49852"}],"wp:attachment":[{"href":"https:\/\/fmamiga909.com.ar\/index.php?rest_route=%2Fwp%2Fv2%2Fmedia&parent=49851"}],"wp:term":[{"taxonomy":"category","embeddable":true,"href":"https:\/\/fmamiga909.com.ar\/index.php?rest_route=%2Fwp%2Fv2%2Fcategories&post=49851"},{"taxonomy":"post_tag","embeddable":true,"href":"https:\/\/fmamiga909.com.ar\/index.php?rest_route=%2Fwp%2Fv2%2Ftags&post=49851"}],"curies":[{"name":"wp","href":"https:\/\/api.w.org\/{rel}","templated":true}]}}