{"id":49863,"date":"2026-09-05T04:40:11","date_gmt":"2026-09-05T04:40:11","guid":{"rendered":"https:\/\/fmamiga909.com.ar\/?p=49863"},"modified":"2026-09-05T04:40:11","modified_gmt":"2026-09-05T04:40:11","slug":"el-desafio-4x4-de-boca-en-su-visita-a-mendoza","status":"publish","type":"post","link":"https:\/\/fmamiga909.com.ar\/?p=49863","title":{"rendered":"El desaf\u00edo 4&#215;4 de Boca en su visita a Mendoza"},"content":{"rendered":"<div id=\"storyBody\">\n<div id=\"element-body-0\" class=\"sc-df222161-0 hNvwjb\">\n<p><strong>El contraste es enorme.<\/strong> Hace un a\u00f1o, a esta altura de la temporada, <strong><a href=\"https:\/\/www.ole.com.ar\/tema\/boca-juniors.html\" title=\"Boca Juniors\" alt=\"Boca Juniors\" class=\"slug\">Boca<\/a><\/strong> miraba un calendario que se hab\u00eda achicado considerablemente. Hab\u00eda sufrido la dur\u00edsima eliminaci\u00f3n ante Alianza Lima y despu\u00e9s se hab\u00eda despedido de la Copa Argentina frente a Atl\u00e9tico Tucum\u00e1n. Doce meses m\u00e1s tarde, el escenario es completamente diferente: <strong>este s\u00e1bado visitar\u00e1 a Gimnasia (M)<\/strong> por el torneo mientras <strong>sigue con vida en todos los frentes<\/strong> y con San Pablo esperando apenas 72 horas despu\u00e9s.<\/p>\n<\/div>\n<div id=\"element-body-1\" class=\"sc-df222161-0 hNvwjb\">\n<p>Ese presente explica buena parte de las <strong>decisiones que deber\u00e1 tomar Arruabarrena<\/strong> en Mendoza. Boca viene de eliminar por penales a V\u00e9lez en C\u00f3rdoba, pr\u00e1cticamente <strong>no tuvo tiempo de recuperaci\u00f3n<\/strong> y el martes recibir\u00e1 a los brasile\u00f1os por la ida de los cuartos de la Sudamericana. <strong>\u201cLlegamos a las 72 horas, as\u00ed que hay que recuperar bien y pondr\u00e9 el mejor equipo pensando en la Liga\u201d<\/strong>, anticip\u00f3 el DT. Una frase que resume el desaf\u00edo: <strong>competir ma\u00f1ana sin hipotecar lo que viene<\/strong>.<\/p>\n<\/div>\n<p><h2><strong>Un calendario cargado y la ilusi\u00f3n de pelear en todos los frentes<\/strong><\/h2>\n<\/p>\n<div id=\"element-body-3\" class=\"sc-df222161-0 hNvwjb\">\n<p>La diferencia con 2025 no pasa solamente por las sensaciones. Boca est\u00e1 en <strong>cuartos de la <a href=\"https:\/\/www.ole.com.ar\/tema\/copa-sudamericana.html\" title=\"Copa Sudamericana\" alt=\"Copa Sudamericana\" class=\"slug\">Sudamericana<\/a><\/strong>, acaba de meterse entre los <strong>ocho mejores de la <a href=\"https:\/\/www.ole.com.ar\/tema\/copa-argentina.html\" title=\"Copa Argentina\" alt=\"Copa Argentina\" class=\"slug\"> Copa Argentina<\/a><\/strong> y contin\u00faa peleando en la Zona A del Clausura. Adem\u00e1s, la tabla anual adquiri\u00f3 un valor todav\u00eda mayor esta temporada: ya no representa \u00fanicamente una v\u00eda de clasificaci\u00f3n a las copas, sino que <strong>terminar primero tambi\u00e9n puede significar sumar un t\u00edtulo<\/strong>.<\/p>\n<\/div>\n<div class=\"sc-c0843421-0 iNysjD image-embed\" id=\"element-body-4\"><img alt=\"Paredes tiene una contractura. El Vasco lo guarda para San Pablo (Prensa Boca).\" loading=\"lazy\" width=\"720\" height=\"100\" decoding=\"async\" data-nimg=\"1\" style=\"color:transparent\" src=\"https:\/\/fmamiga909.com.ar\/wp-content\/uploads\/2026\/09\/XeKumR6ZH_720x0__1.jpg\"\/><span class=\"epigraphe\">Paredes tiene una contractura. El Vasco lo guarda para San Pablo (Prensa Boca).<\/span><\/div>\n<div id=\"element-body-5\" class=\"sc-df222161-0 hNvwjb\">\n<p>Y todav\u00eda existe otra puerta m\u00e1s que da estrella: <strong>si Boca consigue el Clausura<\/strong>, tambi\u00e9n tendr\u00e1 por delante la <strong>posibilidad de disputar el Trofeo de Campeones<\/strong>.<\/p>\n<\/div>\n<div id=\"element-body-6\" class=\"sc-df222161-0 hNvwjb\">\n<p>Es decir, el equipo <strong>llega a septiembre con varios caminos abiertos<\/strong>. Una situaci\u00f3n mucho m\u00e1s saludable que la de hace un a\u00f1o, aunque tambi\u00e9n bastante m\u00e1s exigente para un plantel que comienza a sentir el desgaste.<\/p>\n<\/div>\n<div id=\"element-body-7\" class=\"sc-df222161-0 hNvwjb\">\n<p>Desde que entr\u00f3 en esta seguidilla, Arruabarrena no conoce lo que significa repetir un equipo de un partido al siguiente. Y <strong>ante Gimnasia volver\u00e1 a modificarlo<\/strong>. Har\u00e1 cambios, aunque tampoco quiere repetir la experiencia de los siete que realiz\u00f3 contra Riestra, una decisi\u00f3n que termin\u00f3 con derrota 3-0 y que le dej\u00f3 una ense\u00f1anza. Esta vez <strong><a href=\"https:\/\/www.ole.com.ar\/boca-juniors\/equipo-boca-formacion-cambios-rodolfo-arruabarrena-partido-gimnasia-mendoza_0_9whPWQRNUX.html\" target=\"_self\" title=\"buscar\u00e1 administrar cargas sin desarmar completamente el equipo.\" alt=\"buscar\u00e1 administrar cargas sin desarmar completamente el equipo.\">buscar\u00e1 administrar cargas sin desarmar completamente el equipo.<\/a><\/strong><\/p>\n<\/div>\n<div class=\"sc-c0843421-0 iNysjD image-embed\" id=\"element-body-8\"><img alt=\"Blanco podr\u00eda parar: Satas podr\u00eda ocupar su lugar (Prensa Boca).\" loading=\"lazy\" width=\"720\" height=\"100\" decoding=\"async\" data-nimg=\"1\" style=\"color:transparent\" src=\"https:\/\/fmamiga909.com.ar\/wp-content\/uploads\/2026\/09\/5sg80BY3V_720x0__1.jpg\"\/><span class=\"epigraphe\">Blanco podr\u00eda parar: Satas podr\u00eda ocupar su lugar (Prensa Boca).<\/span><\/div>\n<p><h2><strong>Los tocados y las dudas que obligan a meter mano en el once<\/strong><\/h2>\n<\/p>\n<div id=\"element-body-10\" class=\"sc-df222161-0 hNvwjb\">\n<p>Hay situaciones que pr\u00e1cticamente deciden por \u00e9l. <strong>Paredes termin\u00f3 contra V\u00e9lez con una contractura y no ser\u00e1 arriesgado<\/strong>; <strong>Di Lollo arrastra molestias musculares y podr\u00eda descansar<\/strong>; y adem\u00e1s, varios de los que jugaron en C\u00f3rdoba acumulan un desgaste importante. \u00bfJugar\u00e1 Ascacibar? \u00bfO podr\u00eda salir para que entre un extremo como Villa o Flores? A resolver&#8230;<\/p>\n<\/div>\n<div id=\"element-body-11\" class=\"sc-df222161-0 hNvwjb\">\n<p>Por eso el Vasco hablar\u00e1 individualmente con sus futbolistas y <strong>evaluar\u00e1 c\u00f3mo respondi\u00f3 cada uno antes de definir el 11<\/strong>. En ese escenario podr\u00edan aparecer jugadores con menos rodaje y hasta <strong>Mat\u00edas Satas tiene chances de hacer su debut<\/strong> por el incansable Blanco.<\/p>\n<\/div>\n<div class=\"sc-c0843421-0 iNysjD image-embed\" id=\"element-body-12\"><img alt=\"Pellegrino est\u00e1 recuperado de un desgarro y tiene chances de jugar con Gimnasia (Prensa Boca).\" loading=\"lazy\" width=\"720\" height=\"100\" decoding=\"async\" data-nimg=\"1\" style=\"color:transparent\" src=\"https:\/\/fmamiga909.com.ar\/wp-content\/uploads\/2026\/09\/mJcyuMpfD_720x0__1.jpg\"\/><span class=\"epigraphe\">Pellegrino est\u00e1 recuperado de un desgarro y tiene chances de jugar con Gimnasia (Prensa Boca).<\/span><\/div>\n<div id=\"element-body-13\" class=\"sc-df222161-0 hNvwjb\">\n<p>As\u00ed, <strong>Boca visitar\u00e1 a Gimnasia<\/strong> sabiendo que los puntos del Clausura importan y que no puede regalar nada. Pero tambi\u00e9n con una realidad inevitable: <strong>el martes empieza la serie con San Pablo<\/strong>, la cita internacional que le queda en este 2026.<\/p>\n<\/div>\n<div id=\"element-body-14\" class=\"sc-df222161-0 hNvwjb\">\n<p>Hace un a\u00f1o, el problema era haberse quedado pr\u00e1cticamente sin competencias. Ahora es exactamente al rev\u00e9s: <strong>Boca pelea por todo y necesita aprender a sostenerlo<\/strong>.<\/p>\n<\/div>\n<div class=\"sc-c0843421-0 iNysjD image-embed\" id=\"element-body-15\"><img alt=\"Mat\u00edas Satas, el defensor de la Reserva que podr\u00eda debutar en Mendoza (Prensa Boca).\" loading=\"lazy\" width=\"720\" height=\"100\" decoding=\"async\" data-nimg=\"1\" style=\"color:transparent\" src=\"https:\/\/fmamiga909.com.ar\/wp-content\/uploads\/2026\/09\/fzp8bG3I2_720x0__1.jpg\"\/><span class=\"epigraphe\">Mat\u00edas Satas, el defensor de la Reserva que podr\u00eda debutar en Mendoza (Prensa Boca).<\/span><\/div>\n<div id=\"element-body-16\" class=\"sc-a7166897-0 eTTZWU\"><a href=\"https:\/\/www.ole.com.ar\/boca-juniors\/fecha-confirmada-copa-argentina-boca-racing-miguel-merentiel-alvaro-montero_0_BLt4fUFvXG.html\" aria-label=\"Los dos jugadores que podr\u00eda perder Boca para enfrentar a Racing en la Copa Argentina\" class=\"sc-d4f573e5-0 bUEDsN\"\/><\/p>\n<section><picture><img alt=\"Los dos jugadores que podr\u00eda perder Boca para enfrentar a Racing en la Copa Argentina\" loading=\"lazy\" width=\"290\" height=\"290\" decoding=\"async\" data-nimg=\"1\" style=\"color:transparent\" src=\"https:\/\/fmamiga909.com.ar\/wp-content\/uploads\/2026\/09\/GUyGmX1Oo_290x290__1.jpg\"\/><\/picture>\n<p><span>Mir\u00e1 tambi\u00e9n<\/span><\/p>\n<hr\/>\n<h3>Los dos jugadores que podr\u00eda perder Boca para enfrentar a Racing en la Copa Argentina<\/h3>\n<\/p>\n<\/section>\n<\/div>\n<div id=\"element-body-17\" class=\"sc-a7166897-0 eTTZWU\"><a href=\"https:\/\/www.ole.com.ar\/boca-juniors\/equipo-boca-formacion-cambios-rodolfo-arruabarrena-partido-gimnasia-mendoza_0_9whPWQRNUX.html\" aria-label=\"El rompecabezas de Arruabarrena para armar el 11 de Boca ante Gimnasia\" class=\"sc-d4f573e5-0 bUEDsN\"\/><\/p>\n<section><picture><img alt=\"El rompecabezas de Arruabarrena para armar el 11 de Boca ante Gimnasia\" loading=\"lazy\" width=\"290\" height=\"290\" decoding=\"async\" data-nimg=\"1\" style=\"color:transparent\" src=\"https:\/\/fmamiga909.com.ar\/wp-content\/uploads\/2026\/09\/XYRnBoFn0_290x290__1.jpg\"\/><\/picture>\n<p><span>Mir\u00e1 tambi\u00e9n<\/span><\/p>\n<hr\/>\n<h3>El rompecabezas de Arruabarrena para armar el 11 de Boca ante Gimnasia<\/h3>\n<\/p>\n<\/section>\n<\/div>\n<div id=\"element-body-18\" class=\"sc-a7166897-0 eTTZWU\"><a href=\"https:\/\/www.ole.com.ar\/boca-juniors\/jugadorde-boca-puede-irse-exterior-despues-partido-mendoza_0_qURpbGrWnB.html\" aria-label=\"El jugador de Boca que puede irse al exterior despu\u00e9s del partido en Mendoza\" class=\"sc-d4f573e5-0 bUEDsN\"\/><\/p>\n<section><picture><img alt=\"El jugador de Boca que puede irse al exterior despu\u00e9s del partido en Mendoza\" loading=\"lazy\" width=\"290\" height=\"290\" decoding=\"async\" data-nimg=\"1\" style=\"color:transparent\" src=\"https:\/\/fmamiga909.com.ar\/wp-content\/uploads\/2026\/09\/fpUdSNTbh_290x290__1.jpg\"\/><\/picture>\n<p><span>Mir\u00e1 tambi\u00e9n<\/span><\/p>\n<hr\/>\n<h3>El jugador de Boca que puede irse al exterior despu\u00e9s del partido en Mendoza<\/h3>\n<\/p>\n<\/section>\n<\/div>\n<div id=\"element-body-19\" class=\"sc-a7166897-0 eTTZWU\"><a href=\"https:\/\/www.ole.com.ar\/futbol-internacional\/italia\/changuitozeballos-monza-elogios-pedroobiang-director-deportivo_0_TPh2iWVELh.html\" aria-label=\"Los grandes elogios del director deportivo del Monza al Changuito Zeballos: &quot;\u00c9l nos tiene que ense\u00f1ar a nosotros&quot;\" class=\"sc-d4f573e5-0 bUEDsN\"\/><\/p>\n<section><picture><img alt=\"Los grandes elogios del director deportivo del Monza al Changuito Zeballos: &quot;\u00c9l nos tiene que ense\u00f1ar a nosotros&quot;\" loading=\"lazy\" width=\"290\" height=\"290\" decoding=\"async\" data-nimg=\"1\" style=\"color:transparent\" src=\"https:\/\/fmamiga909.com.ar\/wp-content\/uploads\/2026\/09\/bVZFxekGm_290x290__1.jpg\"\/><\/picture>\n<p><span>Mir\u00e1 tambi\u00e9n<\/span><\/p>\n<hr\/>\n<h3>Los grandes elogios del director deportivo del Monza al Changuito Zeballos: \u00ab\u00c9l nos tiene que ense\u00f1ar a nosotros\u00bb<\/h3>\n<\/p>\n<\/section>\n<\/div>\n<div id=\"element-body-20\" class=\"sc-a7166897-0 eTTZWU\"><a href=\"https:\/\/www.ole.com.ar\/boca-juniors\/merentiel-vueltas-dicen-juego-9-secreto-definicion-ozil_0_W6ubffNgpJ.html\" aria-label=\"Merentiel, sin vueltas: &quot;estos dicen que no juego de 9&quot; y el secreto de su definici\u00f3n a lo Ozil\" class=\"sc-d4f573e5-0 bUEDsN\"\/><\/p>\n<section><picture><img alt=\"Merentiel, sin vueltas: &quot;estos dicen que no juego de 9&quot; y el secreto de su definici\u00f3n a lo Ozil\" loading=\"lazy\" width=\"290\" height=\"290\" decoding=\"async\" data-nimg=\"1\" style=\"color:transparent\" src=\"https:\/\/fmamiga909.com.ar\/wp-content\/uploads\/2026\/09\/xkBlhTlDi_290x290__1.jpg\"\/><\/picture>\n<p><span>Mir\u00e1 tambi\u00e9n<\/span><\/p>\n<hr\/>\n<h3>Merentiel, sin vueltas: \u00abestos dicen que no juego de 9\u00bb y el secreto de su definici\u00f3n a lo Ozil<\/h3>\n<\/p>\n<\/section>\n<\/div>\n<div id=\"element-body-21\" class=\"sc-a7166897-0 eTTZWU\"><a href=\"https:\/\/www.ole.com.ar\/boca-juniors\/juvenil-numero-50-gestion-riquelme-podria-debutar-boca_0_nvjtf0otCL.html\" aria-label=\"Qui\u00e9n es el juvenil n\u00famero 50 de la gesti\u00f3n Riquelme que podr\u00eda debutar en Boca \" class=\"sc-d4f573e5-0 bUEDsN\"\/><\/p>\n<section><picture><img alt=\"Qui\u00e9n es el juvenil n\u00famero 50 de la gesti\u00f3n Riquelme que podr\u00eda debutar en Boca \" loading=\"lazy\" width=\"290\" height=\"290\" decoding=\"async\" data-nimg=\"1\" style=\"color:transparent\" src=\"https:\/\/fmamiga909.com.ar\/wp-content\/uploads\/2026\/09\/1788583211_437_zxrpZyTB3_290x290__1.jpg\"\/><\/picture>\n<p><span>Mir\u00e1 tambi\u00e9n<\/span><\/p>\n<hr\/>\n<h3>Qui\u00e9n es el juvenil n\u00famero 50 de la gesti\u00f3n Riquelme que podr\u00eda debutar en Boca <\/h3>\n<\/p>\n<\/section>\n<\/div>\n<\/div>\n<p><a href=\"https:\/\/www.ole.com.ar\/boca-juniors\/boca-partido-gimnasia-mendoza-equipo-recambio-cambios-rotacion-rodolfo-arruabarrena_0_h1Bjdgv54b.html\">source<\/a><\/p>\n","protected":false},"excerpt":{"rendered":"<p>El contraste es enorme. Hace un a\u00f1o, a esta altura de la temporada, Boca miraba&#8230;<\/p>\n","protected":false},"author":3,"featured_media":49864,"comment_status":"closed","ping_status":"closed","sticky":false,"template":"","format":"standard","meta":{"footnotes":""},"categories":[21],"tags":[],"class_list":["post-49863","post","type-post","status-publish","format-standard","has-post-thumbnail","hentry","category-deportes"],"featured_image_urls":{"full":["https:\/\/fmamiga909.com.ar\/wp-content\/uploads\/2026\/09\/wp-header-logo-83.png",720,960,false],"thumbnail":["https:\/\/fmamiga909.com.ar\/wp-content\/uploads\/2026\/09\/wp-header-logo-83-150x150.png",150,150,true],"medium":["https:\/\/fmamiga909.com.ar\/wp-content\/uploads\/2026\/09\/wp-header-logo-83-225x300.png",225,300,true],"medium_large":["https:\/\/fmamiga909.com.ar\/wp-content\/uploads\/2026\/09\/wp-header-logo-83.png",720,960,false],"large":["https:\/\/fmamiga909.com.ar\/wp-content\/uploads\/2026\/09\/wp-header-logo-83.png",640,853,false],"1536x1536":["https:\/\/fmamiga909.com.ar\/wp-content\/uploads\/2026\/09\/wp-header-logo-83.png",720,960,false],"2048x2048":["https:\/\/fmamiga909.com.ar\/wp-content\/uploads\/2026\/09\/wp-header-logo-83.png",720,960,false],"newsium-slider-full":["https:\/\/fmamiga909.com.ar\/wp-content\/uploads\/2026\/09\/wp-header-logo-83-720x845.png",720,845,true],"newsium-featured":["https:\/\/fmamiga909.com.ar\/wp-content\/uploads\/2026\/09\/wp-header-logo-83.png",720,960,false],"newsium-medium":["https:\/\/fmamiga909.com.ar\/wp-content\/uploads\/2026\/09\/wp-header-logo-83-720x475.png",720,475,true]},"author_info":{"display_name":"Fredy Giuliano","author_link":"https:\/\/fmamiga909.com.ar\/?author=3"},"category_info":"<a href=\"https:\/\/fmamiga909.com.ar\/?cat=21\" rel=\"category\">Deportes<\/a>","tag_info":"Deportes","comment_count":"0","_links":{"self":[{"href":"https:\/\/fmamiga909.com.ar\/index.php?rest_route=\/wp\/v2\/posts\/49863","targetHints":{"allow":["GET"]}}],"collection":[{"href":"https:\/\/fmamiga909.com.ar\/index.php?rest_route=\/wp\/v2\/posts"}],"about":[{"href":"https:\/\/fmamiga909.com.ar\/index.php?rest_route=\/wp\/v2\/types\/post"}],"author":[{"embeddable":true,"href":"https:\/\/fmamiga909.com.ar\/index.php?rest_route=\/wp\/v2\/users\/3"}],"replies":[{"embeddable":true,"href":"https:\/\/fmamiga909.com.ar\/index.php?rest_route=%2Fwp%2Fv2%2Fcomments&post=49863"}],"version-history":[{"count":0,"href":"https:\/\/fmamiga909.com.ar\/index.php?rest_route=\/wp\/v2\/posts\/49863\/revisions"}],"wp:featuredmedia":[{"embeddable":true,"href":"https:\/\/fmamiga909.com.ar\/index.php?rest_route=\/wp\/v2\/media\/49864"}],"wp:attachment":[{"href":"https:\/\/fmamiga909.com.ar\/index.php?rest_route=%2Fwp%2Fv2%2Fmedia&parent=49863"}],"wp:term":[{"taxonomy":"category","embeddable":true,"href":"https:\/\/fmamiga909.com.ar\/index.php?rest_route=%2Fwp%2Fv2%2Fcategories&post=49863"},{"taxonomy":"post_tag","embeddable":true,"href":"https:\/\/fmamiga909.com.ar\/index.php?rest_route=%2Fwp%2Fv2%2Ftags&post=49863"}],"curies":[{"name":"wp","href":"https:\/\/api.w.org\/{rel}","templated":true}]}}