{"id":49883,"date":"2026-09-05T04:57:51","date_gmt":"2026-09-05T04:57:51","guid":{"rendered":"https:\/\/fmamiga909.com.ar\/?p=49883"},"modified":"2026-09-05T04:57:51","modified_gmt":"2026-09-05T04:57:51","slug":"el-tablero-de-jadson-las-variantes-tacticas-que-planea-viera-para-visitar-a-central-cordoba","status":"publish","type":"post","link":"https:\/\/fmamiga909.com.ar\/?p=49883","title":{"rendered":"El tablero de Jadson: las variantes t\u00e1cticas que planea Viera para visitar a Central C\u00f3rdoba"},"content":{"rendered":"<div id=\"storyBody\">\n<div id=\"element-body-0\" class=\"sc-df222161-0 hNvwjb\">\n<p>El vertiginoso y problem\u00e1tico <strong>mercado de pases termin\u00f3 en <a href=\"https:\/\/www.ole.com.ar\/tema\/club-atletico-independiente.html\" title=\"Club Atl\u00e9tico Independiente\" alt=\"Club Atl\u00e9tico Independiente\" class=\"slug\">Independiente<\/a><\/strong>. Y probablemente explica bastante el presente deportivo el hecho de que Jadson Viera, desde el 2 de septiembre, se dedica a mover fichas en su tablero para poder encontrar el 11 titular. El entrenador del Rojo, que ma\u00f1ana visitar\u00e1 a <a href=\"https:\/\/www.ole.com.ar\/tema\/central-cordoba.html\" title=\"Central C\u00f3rdoba\" alt=\"Central C\u00f3rdoba\" class=\"slug\">Central C\u00f3rdoba<\/a>, sufri\u00f3 bajas de peso en el cierre del per\u00edodo de traspasos. Entre tantas malas noticias, ayer recibi\u00f3 una buena: la dirigencia <strong>lleg\u00f3 a un acuerdo por la salida de <a href=\"https:\/\/www.ole.com.ar\/tema\/gustavo-quinteros.html\" title=\"Gustavo Quinteros\" alt=\"Gustavo Quinteros\" class=\"slug\">Gustavo Quinteros<\/a><\/strong>, por lo que Jadson finalmente <strong>podr\u00e1 viajar hoy a Santiago para dirigir al equipo<\/strong>.<\/p>\n<\/div>\n<div id=\"element-body-1\" class=\"sc-df222161-0 hNvwjb\">\n<p>Para el brasile\u00f1o nacionalizado uruguayo, reemplazar a <a href=\"https:\/\/www.ole.com.ar\/tema\/kevin-lomonaco.html\" title=\"Kevin Lom\u00f3naco\" alt=\"Kevin Lom\u00f3naco\" class=\"slug\">Kevin Lom\u00f3naco<\/a> y Maximiliano Guti\u00e9rrez significa un dolor de cabeza. Y ma\u00f1ana ver\u00e1 ante el Ferroviario si lo que ide\u00f3 en su cabeza genera efecto. Por un lado, en la pr\u00e1ctica de ayer, Viera <strong>prob\u00f3 con Juan Manuel Fedorco en el lugar que dej\u00f3 Cumbia<\/strong>, al lado de Juan Arrayago en la zaga. A su vez, <strong>se le renovar\u00eda la confianza a Leonardo Godoy<\/strong> en el lateral derecho, m\u00e1s all\u00e1 de su mal partido contra Gimnasia de Mendoza.<\/p>\n<\/div>\n<p><h2>Inc\u00f3gnitas en el medio<\/h2>\n<\/p>\n<div id=\"element-body-3\" class=\"sc-df222161-0 hNvwjb\">\n<p>Sin embargo, las mayores dudas corren en la mitad de la cancha. Y en este sentido, la novedad recae en la posibilidad de que <strong>Iv\u00e1n Marcone, el capit\u00e1n del equipo, pierda la titularidad<\/strong>. Viera altern\u00f3 al #23 con David Mart\u00ednez y ambos pelean por un puesto en la base del mediocampo. As\u00ed, el Tata podr\u00eda ir por primera vez desde el arranque desde su regreso al club de Avellaneda tras su pr\u00e9stamo en el Volos de Grecia. Adem\u00e1s, otra de las inc\u00f3gnitas est\u00e1 en el volante por la derecha. Parad\u00f3jicamente, la disputa es entre la experiencia y la juventud, porque de <strong>Maximiliano Meza y Mateo P\u00e9rez Curci saldr\u00e1 un titular<\/strong> para enfrentar al conjunto de Sebasti\u00e1n Dom\u00ednguez.<\/p>\n<\/div>\n<div class=\"sc-c0843421-0 iNysjD image-embed\" id=\"element-body-4\"><img alt=\"Marcone podr\u00eda salir del 11. Foto Marcelo Carroll.\" loading=\"lazy\" width=\"720\" height=\"100\" decoding=\"async\" data-nimg=\"1\" style=\"color:transparent\" src=\"https:\/\/fmamiga909.com.ar\/wp-content\/uploads\/2026\/09\/CqkFVfFT__720x0__1.jpg\"\/><span class=\"epigraphe\">Marcone podr\u00eda salir del 11. Foto Marcelo Carroll.<\/span><\/div>\n<p><h2>Cabral, la posible sorpresa en el 11<\/h2>\n<\/p>\n<div id=\"element-body-6\" class=\"sc-df222161-0 hNvwjb\">\n<p>Pero lejos de terminar ah\u00ed las variantes, Viera <strong>le dar\u00eda un lugar en la alineaci\u00f3n inicial a un futbolista que hac\u00eda tiempo no lo hac\u00eda: Luciano Cabral<\/strong>. El puesto que ocup\u00f3 Santiago Montiel en la jornada pasada, ahora ser\u00eda ocupado por el argentino nacionalizado chileno, quien ser\u00eda el encargado de aportar el f\u00fatbol en el medio. En cuanto al frente de ataque, <strong>Mat\u00edas Abaldo se perfila para ser el reemplazante de Maximiliano Guti\u00e9rrez<\/strong> en el extremo por la izquierda, mientras que <strong>Ezequiel \u00c1vila entrar\u00eda en lugar del pibe Facundo Tempone<\/strong>.<\/p>\n<\/div>\n<div class=\"sc-c0843421-0 iNysjD image-embed\" id=\"element-body-7\"><img alt=\"Luciano Cabral conduce la pelota. (Foto: Prensa Independiente)\" loading=\"lazy\" width=\"720\" height=\"100\" decoding=\"async\" data-nimg=\"1\" style=\"color:transparent\" src=\"https:\/\/fmamiga909.com.ar\/wp-content\/uploads\/2026\/09\/oqQ6wmZBE_720x0__1.jpg\"\/><span class=\"epigraphe\">Luciano Cabral conduce la pelota. (Foto: Prensa Independiente)<\/span><\/div>\n<div id=\"element-body-8\" class=\"sc-df222161-0 hNvwjb\">\n<p>Las fichas en el pizarr\u00f3n van de all\u00e1 para ac\u00e1. Jadson Viera necesita dejar atr\u00e1s la <strong>dura ca\u00edda ante Gimnasia de Mendoza (0-3)<\/strong>. Para eso, <strong>habr\u00e1 cambios<\/strong>.<\/p>\n<\/div>\n<div id=\"element-body-9\" class=\"sc-a7166897-0 eTTZWU\"><a href=\"https:\/\/www.ole.com.ar\/futbol-primera\/belgrano-huracan-torneo-clausura-gigante-alberdi-vivo-pirata-globo_0_bxJT6HwLv1.html\" aria-label=\"Con un final ag\u00f3nico, Belgrano y Hurac\u00e1n empataron 1-1\" class=\"sc-d4f573e5-0 bUEDsN\"\/><\/p>\n<section><picture><img alt=\"Con un final ag\u00f3nico, Belgrano y Hurac\u00e1n empataron 1-1\" loading=\"lazy\" width=\"290\" height=\"290\" decoding=\"async\" data-nimg=\"1\" style=\"color:transparent\" src=\"https:\/\/fmamiga909.com.ar\/wp-content\/uploads\/2026\/09\/s9dKs5RT9_290x290__1.jpg\"\/><\/picture>\n<p><span>Mir\u00e1 tambi\u00e9n<\/span><\/p>\n<hr\/>\n<h3>Con un final ag\u00f3nico, Belgrano y Hurac\u00e1n empataron 1-1<\/h3>\n<\/p>\n<\/section>\n<\/div>\n<div id=\"element-body-10\" class=\"sc-a7166897-0 eTTZWU\"><a href=\"https:\/\/www.ole.com.ar\/river-plate\/otamendi-river-lider-capitan_0_RTgjfXplrQ.html\" aria-label=\"Secretos del fen\u00f3meno Otamendi: de refuerzo a l\u00edder en 45 d\u00edas\" class=\"sc-d4f573e5-0 bUEDsN\"\/><\/p>\n<section><picture><img alt=\"Secretos del fen\u00f3meno Otamendi: de refuerzo a l\u00edder en 45 d\u00edas\" loading=\"lazy\" width=\"290\" height=\"290\" decoding=\"async\" data-nimg=\"1\" style=\"color:transparent\" src=\"https:\/\/fmamiga909.com.ar\/wp-content\/uploads\/2026\/09\/LIQ0TInx4_290x290__1.jpg\"\/><\/picture>\n<p><span>Mir\u00e1 tambi\u00e9n<\/span><\/p>\n<hr\/>\n<h3>Secretos del fen\u00f3meno Otamendi: de refuerzo a l\u00edder en 45 d\u00edas<\/h3>\n<\/p>\n<\/section>\n<\/div>\n<div id=\"element-body-11\" class=\"sc-a7166897-0 eTTZWU\"><a href=\"https:\/\/www.ole.com.ar\/futbol-ascenso\/ferro-mitre-sde-santiago-estero-primera-nacional-fecha-28_0_hMmji54d9Z.html\" aria-label=\"Ferro no pudo con Mitre (SdE) y empieza a sembrar dudas en la recta final del torneo\" class=\"sc-d4f573e5-0 bUEDsN\"\/><\/p>\n<section><picture><img alt=\"Ferro no pudo con Mitre (SdE) y empieza a sembrar dudas en la recta final del torneo\" loading=\"lazy\" width=\"290\" height=\"290\" decoding=\"async\" data-nimg=\"1\" style=\"color:transparent\" src=\"https:\/\/fmamiga909.com.ar\/wp-content\/uploads\/2026\/09\/9q0CClV0Q_290x290__1.jpg\"\/><\/picture>\n<p><span>Mir\u00e1 tambi\u00e9n<\/span><\/p>\n<hr\/>\n<h3>Ferro no pudo con Mitre (SdE) y empieza a sembrar dudas en la recta final del torneo<\/h3>\n<\/p>\n<\/section>\n<\/div>\n<\/div>\n<p><a href=\"https:\/\/www.ole.com.ar\/independiente\/independiente-jadson-viera-central-cordoba-variantes-tacticas-lomonaco-gutierrez_0_5s30gvwkFz.html\">source<\/a><\/p>\n","protected":false},"excerpt":{"rendered":"<p>El vertiginoso y problem\u00e1tico mercado de pases termin\u00f3 en Independiente. Y probablemente explica bastante el&#8230;<\/p>\n","protected":false},"author":3,"featured_media":49884,"comment_status":"closed","ping_status":"closed","sticky":false,"template":"","format":"standard","meta":{"footnotes":""},"categories":[21],"tags":[],"class_list":["post-49883","post","type-post","status-publish","format-standard","has-post-thumbnail","hentry","category-deportes"],"featured_image_urls":{"full":["https:\/\/fmamiga909.com.ar\/wp-content\/uploads\/2026\/09\/wp-header-logo-86.png",720,522,false],"thumbnail":["https:\/\/fmamiga909.com.ar\/wp-content\/uploads\/2026\/09\/wp-header-logo-86-150x150.png",150,150,true],"medium":["https:\/\/fmamiga909.com.ar\/wp-content\/uploads\/2026\/09\/wp-header-logo-86-300x218.png",300,218,true],"medium_large":["https:\/\/fmamiga909.com.ar\/wp-content\/uploads\/2026\/09\/wp-header-logo-86.png",720,522,false],"large":["https:\/\/fmamiga909.com.ar\/wp-content\/uploads\/2026\/09\/wp-header-logo-86.png",640,464,false],"1536x1536":["https:\/\/fmamiga909.com.ar\/wp-content\/uploads\/2026\/09\/wp-header-logo-86.png",720,522,false],"2048x2048":["https:\/\/fmamiga909.com.ar\/wp-content\/uploads\/2026\/09\/wp-header-logo-86.png",720,522,false],"newsium-slider-full":["https:\/\/fmamiga909.com.ar\/wp-content\/uploads\/2026\/09\/wp-header-logo-86.png",720,522,false],"newsium-featured":["https:\/\/fmamiga909.com.ar\/wp-content\/uploads\/2026\/09\/wp-header-logo-86.png",720,522,false],"newsium-medium":["https:\/\/fmamiga909.com.ar\/wp-content\/uploads\/2026\/09\/wp-header-logo-86-720x475.png",720,475,true]},"author_info":{"display_name":"Fredy Giuliano","author_link":"https:\/\/fmamiga909.com.ar\/?author=3"},"category_info":"<a href=\"https:\/\/fmamiga909.com.ar\/?cat=21\" rel=\"category\">Deportes<\/a>","tag_info":"Deportes","comment_count":"0","_links":{"self":[{"href":"https:\/\/fmamiga909.com.ar\/index.php?rest_route=\/wp\/v2\/posts\/49883","targetHints":{"allow":["GET"]}}],"collection":[{"href":"https:\/\/fmamiga909.com.ar\/index.php?rest_route=\/wp\/v2\/posts"}],"about":[{"href":"https:\/\/fmamiga909.com.ar\/index.php?rest_route=\/wp\/v2\/types\/post"}],"author":[{"embeddable":true,"href":"https:\/\/fmamiga909.com.ar\/index.php?rest_route=\/wp\/v2\/users\/3"}],"replies":[{"embeddable":true,"href":"https:\/\/fmamiga909.com.ar\/index.php?rest_route=%2Fwp%2Fv2%2Fcomments&post=49883"}],"version-history":[{"count":0,"href":"https:\/\/fmamiga909.com.ar\/index.php?rest_route=\/wp\/v2\/posts\/49883\/revisions"}],"wp:featuredmedia":[{"embeddable":true,"href":"https:\/\/fmamiga909.com.ar\/index.php?rest_route=\/wp\/v2\/media\/49884"}],"wp:attachment":[{"href":"https:\/\/fmamiga909.com.ar\/index.php?rest_route=%2Fwp%2Fv2%2Fmedia&parent=49883"}],"wp:term":[{"taxonomy":"category","embeddable":true,"href":"https:\/\/fmamiga909.com.ar\/index.php?rest_route=%2Fwp%2Fv2%2Fcategories&post=49883"},{"taxonomy":"post_tag","embeddable":true,"href":"https:\/\/fmamiga909.com.ar\/index.php?rest_route=%2Fwp%2Fv2%2Ftags&post=49883"}],"curies":[{"name":"wp","href":"https:\/\/api.w.org\/{rel}","templated":true}]}}