{"id":49888,"date":"2026-09-05T05:03:24","date_gmt":"2026-09-05T05:03:24","guid":{"rendered":"https:\/\/fmamiga909.com.ar\/?p=49888"},"modified":"2026-09-05T05:03:24","modified_gmt":"2026-09-05T05:03:24","slug":"secretos-del-fenomeno-otamendi-de-refuerzo-a-lider-en-45-dias","status":"publish","type":"post","link":"https:\/\/fmamiga909.com.ar\/?p=49888","title":{"rendered":"Secretos del fen\u00f3meno Otamendi: de refuerzo a l\u00edder en 45 d\u00edas"},"content":{"rendered":"<div id=\"storyBody\">\n<div id=\"element-body-0\" class=\"sc-df222161-0 hNvwjb\">\n<p>Un refr\u00e1n hecho estrofa representa el <strong>\u00e9xito de Nicol\u00e1s Otamendi para convertirse en el l\u00edder de este River<\/strong> en los 45 d\u00edas que se cumplir\u00e1n este domingo. \u201cNo sientas miedo en el desconcierto: un mar en calma nunca hizo un marinero experto\u201d. El giro po\u00e9tico tiene como autor al Cuarteto de Nos y su met\u00e1fora, 14 a\u00f1os despu\u00e9s de haber sido compuesta, aplica perfecto al portador del brazalete.<\/p>\n<\/div>\n<div id=\"element-body-1\" class=\"sc-df222161-0 hNvwjb\">\n<p>\u201cTenemos un capit\u00e1n que <strong>se hizo cargo de toda la situaci\u00f3n<\/strong>. Nos <strong>transmiti\u00f3 tranquilidad y confianza<\/strong>\u201d.<\/p>\n<\/div>\n<div id=\"element-body-2\" class=\"sc-df222161-0 hNvwjb\">\n<p>Fausto Vera fue el primero en exteriorizar <strong>cu\u00e1n importante es Otamendi dentro del plantel<\/strong>. No hubo una consulta que le diera pie al volante central: el reconocimiento fue genuino, espont\u00e1neo. Y tambi\u00e9n simb\u00f3lico: el zaguero bicampe\u00f3n de Am\u00e9rica, campe\u00f3n del mundo y fan\u00e1tico de River, <strong>adopt\u00f3 con naturalidad el rol de macho alfa<\/strong> de un plantel que fue renovado en el \u00faltimo mercado y que se vio obligado a convivir con la tempestad demasiado pronto.<\/p>\n<\/div>\n<div id=\"element-body-3\" class=\"sc-df222161-0 hNvwjb\">\n<p>Otamendi <strong>no tuvo margen para aclimatarse<\/strong>: se sum\u00f3 al plantel, al igual que Gonzalo Montiel, tres d\u00edas despu\u00e9s de haber perdido la final del Mundial; con un pu\u00f1ado de pr\u00e1cticas con el grupo debut\u00f3 frente a Barracas en la primera fecha del Clausura -y en la segunda derrota del equipo en el semestre. <strong>Su primer triunfo fue an\u00edmico<\/strong>: no fue absorbido por el bucle negativo que arras\u00f3 con el ciclo de Eduardo Coudet, ni siquiera cuando en su segunda presentaci\u00f3n marc\u00f3 un gol en contra ante Central. Por el contrario: <strong>dio el paso al frente y traccion\u00f3<\/strong> en pro de desempantanar a un River que ven\u00eda de perder a tres de sus capitanes: Franco Armani, Germ\u00e1n Pezzella, Juan Fernando Quintero.<\/p>\n<\/div>\n<div id=\"element-body-4\" class=\"sc-df222161-0 hNvwjb\">\n<p>La presencia de un referente de la escala de Otamendi era necesaria de por s\u00ed para contribuir a la din\u00e1mica de <strong>integraci\u00f3n de los nueve refuerzos<\/strong> que llegaron entre junio y agosto. Sin embargo, el contexto llev\u00f3 a que se aceleraran los procesos de su rol. Y lo est\u00e1 haciendo: est\u00e1 siendo la <strong>cabeza de una transformaci\u00f3n del grupo<\/strong> para alcanzar aquel concepto de \u201cmanada\u201d con el que Marcelo Gallardo hab\u00eda descrito el comportamiento interno del grupo durante sus mejores a\u00f1os.<\/p>\n<\/div>\n<div class=\"sc-c0843421-0 iNysjD image-embed\" id=\"element-body-5\"><img alt=\"Nicol\u00e1s Otamendi, clave en River.\" loading=\"lazy\" width=\"720\" height=\"100\" decoding=\"async\" data-nimg=\"1\" style=\"color:transparent\" src=\"https:\/\/fmamiga909.com.ar\/wp-content\/uploads\/2026\/09\/xowKA4RMu_720x0__1.jpg\"\/><span class=\"epigraphe\">Nicol\u00e1s Otamendi, clave en River.<\/span><\/div>\n<div id=\"element-body-6\" class=\"sc-df222161-0 hNvwjb\">\n<p>La buena onda importada de los a\u00f1os de Selecci\u00f3n con Gonzalo Montiel, Lucas Mart\u00ednez Quarta, Marcos Acu\u00f1a, \u00c1ngel Correa y Thiago Almada -a quien le insisti\u00f3 durante la estad\u00eda en los Estados Unidos para que se mudara a River- contribuy\u00f3 a la adaptaci\u00f3n de Ota al contexto. Y permiti\u00f3 que <strong>r\u00e1pidamente lograra ser cabeza de grupo<\/strong>. El capit\u00e1n incluso ya hab\u00eda tenido un contacto con Santiago Beltr\u00e1n, con quien coincidi\u00f3 en la v\u00edspera del torneo FIFA en los Estados Unidos. La qu\u00edmica fluy\u00f3 r\u00e1pido. Y en esa l\u00ednea, tambi\u00e9n la <strong>metamorfosis de Ota de compa\u00f1ero a gu\u00eda emocional<\/strong>, m\u00e1s all\u00e1 de lo futbol\u00edstico, en donde tambi\u00e9n est\u00e1 pesando.<\/p>\n<\/div>\n<div id=\"element-body-7\" class=\"sc-df222161-0 hNvwjb\">\n<p>Mientras que en la intimidad Nico suele estar encima de todos para construir d\u00eda a d\u00eda el concepto de \u201ctodos juntos\u201d que public\u00f3 en sus redes en el momento m\u00e1s cr\u00edtico del ciclo Coudet, en p\u00fablico <strong>Otamendi tambi\u00e9n da muestras de su empuje<\/strong>. Como las arengas previas a los partidos, ya dentro del campo de juego. Como las palabras que les dedic\u00f3 a sus compa\u00f1eros antes de la serie de penales ante Independiente Santa Fe, exhibi\u00e9ndose entero en una instancia de alt\u00edsimo estr\u00e9s. <\/p>\n<\/div>\n<div id=\"element-body-8\" class=\"sc-df222161-0 hNvwjb\">\n<p>Como cuando tambi\u00e9n sali\u00f3 a <strong>exponer el enojo de River con los arbitrajes<\/strong> en la cancha de Tigre, cuando ni Andr\u00e9s Gariano ni su asistente del VAR -Yamil Possi- cobraron un clar\u00edsimo penal a \u00c1ngel Correa. Aquel . \u201ctenemos que pelear contra todos\u201d fue punta de lanza de un reclamo que posteriormente se traslad\u00f3 al plano dirigencial.<\/p>\n<\/div>\n<div class=\"sc-c0843421-0 iNysjD image-embed\" id=\"element-body-9\"><img alt=\"Nicol\u00e1s Otamendi, clave en River.\" loading=\"lazy\" width=\"720\" height=\"100\" decoding=\"async\" data-nimg=\"1\" style=\"color:transparent\" src=\"https:\/\/fmamiga909.com.ar\/wp-content\/uploads\/2026\/09\/t01onPqFp_720x0__1.jpg\"\/><span class=\"epigraphe\">Nicol\u00e1s Otamendi, clave en River.<\/span><\/div>\n<div class=\"sc-c0843421-0 iNysjD image-embed\" id=\"element-body-10\"><img alt=\"Nicol\u00e1s Otamendi, en plena arenga.\" loading=\"lazy\" width=\"720\" height=\"100\" decoding=\"async\" data-nimg=\"1\" style=\"color:transparent\" src=\"https:\/\/fmamiga909.com.ar\/wp-content\/uploads\/2026\/09\/mTxTzzp6p_720x0__1.jpg\"\/><span class=\"epigraphe\">Nicol\u00e1s Otamendi, en plena arenga.<\/span><\/div>\n<div id=\"element-body-11\" class=\"sc-df222161-0 hNvwjb\">\n<p>Aunque adentro de la cancha <strong>Otamendi respondi\u00f3 a su liderazgo con juego<\/strong>. <strong>Disput\u00f3 los nueve partidos del equipo en 2026, todos como titular<\/strong>, y complet\u00f3 los 810 minutos disponibles con un rendimiento consistente. El Comandante gan\u00f3 40 duelos de cabeza y, tomando los datos de la Liga, se impuso en el 77% de esas disputas. Adem\u00e1s, promedi\u00f3 7,7 duelos totales ganados por partido, 5,3 despejes, 4,3 recuperaciones, dos entradas y 1,9 intercepciones. <\/p>\n<\/div>\n<div id=\"element-body-12\" class=\"sc-df222161-0 hNvwjb\">\n<p>Son n\u00fameros que muestran a un defensor con participaci\u00f3n permanente y capacidad para imponerse cerca del \u00e1rea. Y tambi\u00e9n tuvo peso en la construcci\u00f3n: promedi\u00f3 86,4 intervenciones y 63,7 pases precisos por encuentro, con un 90% de efectividad. En campo propio elev\u00f3 ese registro al 95%, mientras que acert\u00f3 el 84% de sus entregas en territorio rival y el 70% de sus pases largos. <\/p>\n<\/div>\n<div id=\"element-body-13\" class=\"sc-df222161-0 hNvwjb\">\n<p>Otamendi no solamente resolvi\u00f3 situaciones defensivas: tambi\u00e9n se convirti\u00f3 en <strong>uno de los puntos de partida de la circulaci\u00f3n<\/strong>. Y mostr\u00f3 seguridad. M\u00e9tricas que avalan por qu\u00e9 es, tambi\u00e9n desde el f\u00fatbol, un capit\u00e1n en tiempos de mareas agitadas&#8230;<\/p>\n<\/div>\n<\/div>\n<p><a href=\"https:\/\/www.ole.com.ar\/river-plate\/otamendi-river-lider-capitan_0_RTgjfXplrQ.html\">source<\/a><\/p>\n","protected":false},"excerpt":{"rendered":"<p>Un refr\u00e1n hecho estrofa representa el \u00e9xito de Nicol\u00e1s Otamendi para convertirse en el l\u00edder&#8230;<\/p>\n","protected":false},"author":3,"featured_media":49889,"comment_status":"closed","ping_status":"closed","sticky":false,"template":"","format":"standard","meta":{"footnotes":""},"categories":[21],"tags":[],"class_list":["post-49888","post","type-post","status-publish","format-standard","has-post-thumbnail","hentry","category-deportes"],"featured_image_urls":{"full":["https:\/\/fmamiga909.com.ar\/wp-content\/uploads\/2026\/09\/wp-header-logo-87.png",720,901,false],"thumbnail":["https:\/\/fmamiga909.com.ar\/wp-content\/uploads\/2026\/09\/wp-header-logo-87-150x150.png",150,150,true],"medium":["https:\/\/fmamiga909.com.ar\/wp-content\/uploads\/2026\/09\/wp-header-logo-87-240x300.png",240,300,true],"medium_large":["https:\/\/fmamiga909.com.ar\/wp-content\/uploads\/2026\/09\/wp-header-logo-87.png",720,901,false],"large":["https:\/\/fmamiga909.com.ar\/wp-content\/uploads\/2026\/09\/wp-header-logo-87.png",640,801,false],"1536x1536":["https:\/\/fmamiga909.com.ar\/wp-content\/uploads\/2026\/09\/wp-header-logo-87.png",720,901,false],"2048x2048":["https:\/\/fmamiga909.com.ar\/wp-content\/uploads\/2026\/09\/wp-header-logo-87.png",720,901,false],"newsium-slider-full":["https:\/\/fmamiga909.com.ar\/wp-content\/uploads\/2026\/09\/wp-header-logo-87-720x845.png",720,845,true],"newsium-featured":["https:\/\/fmamiga909.com.ar\/wp-content\/uploads\/2026\/09\/wp-header-logo-87.png",720,901,false],"newsium-medium":["https:\/\/fmamiga909.com.ar\/wp-content\/uploads\/2026\/09\/wp-header-logo-87-720x475.png",720,475,true]},"author_info":{"display_name":"Fredy Giuliano","author_link":"https:\/\/fmamiga909.com.ar\/?author=3"},"category_info":"<a href=\"https:\/\/fmamiga909.com.ar\/?cat=21\" rel=\"category\">Deportes<\/a>","tag_info":"Deportes","comment_count":"0","_links":{"self":[{"href":"https:\/\/fmamiga909.com.ar\/index.php?rest_route=\/wp\/v2\/posts\/49888","targetHints":{"allow":["GET"]}}],"collection":[{"href":"https:\/\/fmamiga909.com.ar\/index.php?rest_route=\/wp\/v2\/posts"}],"about":[{"href":"https:\/\/fmamiga909.com.ar\/index.php?rest_route=\/wp\/v2\/types\/post"}],"author":[{"embeddable":true,"href":"https:\/\/fmamiga909.com.ar\/index.php?rest_route=\/wp\/v2\/users\/3"}],"replies":[{"embeddable":true,"href":"https:\/\/fmamiga909.com.ar\/index.php?rest_route=%2Fwp%2Fv2%2Fcomments&post=49888"}],"version-history":[{"count":0,"href":"https:\/\/fmamiga909.com.ar\/index.php?rest_route=\/wp\/v2\/posts\/49888\/revisions"}],"wp:featuredmedia":[{"embeddable":true,"href":"https:\/\/fmamiga909.com.ar\/index.php?rest_route=\/wp\/v2\/media\/49889"}],"wp:attachment":[{"href":"https:\/\/fmamiga909.com.ar\/index.php?rest_route=%2Fwp%2Fv2%2Fmedia&parent=49888"}],"wp:term":[{"taxonomy":"category","embeddable":true,"href":"https:\/\/fmamiga909.com.ar\/index.php?rest_route=%2Fwp%2Fv2%2Fcategories&post=49888"},{"taxonomy":"post_tag","embeddable":true,"href":"https:\/\/fmamiga909.com.ar\/index.php?rest_route=%2Fwp%2Fv2%2Ftags&post=49888"}],"curies":[{"name":"wp","href":"https:\/\/api.w.org\/{rel}","templated":true}]}}