{"id":49894,"date":"2026-09-05T05:05:34","date_gmt":"2026-09-05T05:05:34","guid":{"rendered":"https:\/\/fmamiga909.com.ar\/?p=49894"},"modified":"2026-09-05T05:05:34","modified_gmt":"2026-09-05T05:05:34","slug":"galindez-y-el-efecto-de-gallardo-en-la-seleccion-de-ecuador-nos-hace-sonar","status":"publish","type":"post","link":"https:\/\/fmamiga909.com.ar\/?p=49894","title":{"rendered":"Gal\u00edndez y el efecto de Gallardo en la selecci\u00f3n de Ecuador: &quot;Nos hace so\u00f1ar&quot;"},"content":{"rendered":"<div id=\"storyBody\">\n<div id=\"element-body-0\" class=\"sc-df222161-0 hNvwjb\">\n<p><a href=\"https:\/\/www.ole.com.ar\/futbol-internacional\/marcelo-gallardo-acuerdo-verbal-entrenador-ecuador_0_GF9IZeo2My.html\" target=\"_blank\" title=\"Luego de confirmarse la llegada de Marcelo Gallardo a la selecci\u00f3n de Ecuado\" alt=\"Luego de confirmarse la llegada de Marcelo Gallardo a la selecci\u00f3n de Ecuado\">Luego de confirmarse la llegada de Marcelo Gallardo a la selecci\u00f3n de Ecuador<\/a>, uno de los referentes de <strong>La Tri <\/strong> se mostr\u00f3 muy ilusionado con la llegada del Mu\u00f1eco. Se trata de de <strong>Hern\u00e1n Gal\u00edndez<\/strong>, que fue el arquero titular durante el Mundial 2026.<\/p>\n<\/div>\n<div id=\"element-body-1\" class=\"sc-df222161-0 hNvwjb\">\n<p>Tras ser figura en el <a href=\"https:\/\/www.ole.com.ar\/futbol-primera\/belgrano-huracan-torneo-clausura-gigante-alberdi-vivo-pirata-globo_0_bxJT6HwLv1.html\" target=\"_blank\" title=\"empate 1-1 entre Hurac\u00e1n y Belgrano,\" alt=\"empate 1-1 entre Hurac\u00e1n y Belgrano,\">empate 1-1 entre Hurac\u00e1n y Belgrano,<\/a> por la fecha 8 del Torneo Clausura, el oriundo de Rosario (pero que se nacionaliz\u00f3 ecuatoriano), se refiri\u00f3 al bombazo que significa el arribo del ex River al pa\u00eds de la mitad del mundo.<\/p>\n<\/div>\n<div id=\"element-body-2\" class=\"sc-df222161-0 hNvwjb\">\n<p>Aunque luego de la Copa de Mundo, <strong>Gal\u00edndez hab\u00eda avisado que cerraba su etapa en La Tri (junto a Enner Valencia), ot<\/strong> ra vez volvi\u00f3 a avisar que estar\u00e1 a disposici\u00f3n. Y que <strong>podr\u00eda iniciar en el ciclo del Mu\u00f1eco<\/strong>, en caso de que lo convoque para la Fecha FIFA de septiembre.<\/p>\n<\/div>\n<div id=\"element-body-3\" class=\"sc-df222161-0 hNvwjb\">\n<p><strong>\u201cNo s\u00e9 si est\u00e1 confirmado, pero un t\u00e9cnico de ese nivel para la selecci\u00f3n de Ecuador es un paso muy importante que da la FEF\u201d<\/strong>, comenz\u00f3 el arquero del Globo, en la entrevista post partido con ESPN.<\/p>\n<\/div>\n<div id=\"element-body-4\" class=\"sc-df222161-0 hNvwjb\">\n<p>\u201cYo hab\u00eda dicho en su momento que hab\u00eda terminado muy enojado el Mundial, pero despu\u00e9s dije que si me necesitaban iba a estar. <strong> Estar\u00e9 a disposici\u00f3n si me necesitan, es un privilegio ser parte de la selecci\u00f3n<\/strong>\u201d, sigui\u00f3.<\/p>\n<\/div>\n<div id=\"element-body-5\" class=\"sc-df222161-0 hNvwjb\">\n<p><strong>\u201cUn entrenador de la talla de Gallardo nos hace so\u00f1ar. Ecuador tiene muy buenos jugadores, sin dudas puede ser un paso adelante\u201d, <\/strong> complet\u00f3 Gal\u00edndez, que viene de ser clave en las \u00faltimas dos Copas del Mundo.<\/p>\n<\/div>\n<p><h2><strong>El respaldo de un hist\u00f3rico para Gallardo<\/strong><\/h2>\n<\/p>\n<div id=\"element-body-8\" class=\"sc-df222161-0 hNvwjb\">\n<p>\u201cMe ilusiono con una selecci\u00f3n muy protagonista, jugando muy bien al f\u00fatbol. Con buen trato de pelota. Era lo que le faltaba a Ecuador. En River tuvo una d\u00e9cada dorada, de muchos t\u00edtulos, le ganaba a todos. Y lo m\u00e1s importante, jugaba bien al f\u00fatbol\u201d, coment\u00f3 Iv\u00e1n Hurtado, ex jugador de La Tri, en el Canal del F\u00fatbol.<\/p>\n<\/div>\n<div id=\"element-body-9\" class=\"sc-df222161-0 hNvwjb\">\n<p>\u201cTenemos jugadores de calidad, que necesitan un DT de esta val\u00eda. Esperemos que le vaya bien a los muchachos. Es un entrenador de jerarqu\u00eda\u201d, coment\u00f3 el ex defensor, que acumul\u00f3 la impresionante cantidad de 168 partidos con la camiseta tricolor.<\/p>\n<\/div>\n<div id=\"element-body-10\" class=\"sc-8712cf2e-1 brsVwg\"><figcaption class=\"JWvideoNota_title\">\n<p>(Video: El Canal del F\u00fatbol)<\/p>\n<\/figcaption><\/div>\n<p><h2><strong>\u00bfCu\u00e1ndo debutar\u00e1 Gallardo en Ecuador?<\/strong><\/h2>\n<\/p>\n<div id=\"element-body-12\" class=\"sc-df222161-0 hNvwjb\">\n<p>A la espera de la oficializaci\u00f3n por parte de la Federaci\u00f3n Ecuatoriana de F\u00fatbol y del viaje del entrenador rumbo a Quito (ser\u00eda la pr\u00f3xima semana), el debut de Marcelo Gallardo en La Tri se dar\u00e1 durante la Fecha FIFA de septiembre.<\/p>\n<\/div>\n<div id=\"element-body-13\" class=\"sc-df222161-0 hNvwjb\">\n<p>Ecuador realizar\u00e1 una gira por Asia y Gallardo debutar\u00e1 ante Corea del Sur: ser\u00e1 el jueves 24\/9, a\u00fan con horario a confirmar, en el Big Bird Stadium de la ciudad coreana Suwon.<\/p>\n<\/div>\n<div id=\"element-body-14\" class=\"sc-df222161-0 hNvwjb\">\n<p>Luego, MG se trasladar\u00e1 a Jap\u00f3n para un cuadrangular: se medir\u00e1 ante el local, en Yokohama, el 1 de octubre. Y el 5, seg\u00fan gane o pierda, ir\u00e1 ante el vencedor\/perderdor del duelo entre Panam\u00e1 y Nueva Zelanda.<\/p>\n<\/div>\n<div id=\"element-body-15\" class=\"sc-a7166897-0 eTTZWU\"><a href=\"https:\/\/www.ole.com.ar\/futbol-internacional\/marcelo-gallardo-ecuador-seleccion-firma-oficializacion-proyecto-especial-jugadores_0_Jyh04xrzdW.html\" aria-label=\"Antes de la llegada de Gallardo, el proyecto especial que lanz\u00f3 Ecuador para la captaci\u00f3n de futbolistas\" class=\"sc-d4f573e5-0 bUEDsN\"\/><\/p>\n<section><picture><img alt=\"Antes de la llegada de Gallardo, el proyecto especial que lanz\u00f3 Ecuador para la captaci\u00f3n de futbolistas\" loading=\"lazy\" width=\"290\" height=\"290\" decoding=\"async\" data-nimg=\"1\" style=\"color:transparent\" src=\"https:\/\/fmamiga909.com.ar\/wp-content\/uploads\/2026\/09\/sc9RWCcAT_290x290__1.jpg\"\/><\/picture>\n<p><span>Mir\u00e1 tambi\u00e9n<\/span><\/p>\n<hr\/>\n<h3>Antes de la llegada de Gallardo, el proyecto especial que lanz\u00f3 Ecuador para la captaci\u00f3n de futbolistas<\/h3>\n<\/p>\n<\/section>\n<\/div>\n<div id=\"element-body-16\" class=\"sc-a7166897-0 eTTZWU\"><a href=\"https:\/\/www.ole.com.ar\/futbol-internacional\/marcelo-gallardo-acuerdo-verbal-entrenador-ecuador_0_GF9IZeo2My.html\" aria-label=\"Gallardo acord\u00f3 su llegada a Ecuador: cu\u00e1ndo debutar\u00e1 y las estrellas que podr\u00e1 dirigir\" class=\"sc-d4f573e5-0 bUEDsN\"\/><\/p>\n<section><picture><img alt=\"Gallardo acord\u00f3 su llegada a Ecuador: cu\u00e1ndo debutar\u00e1 y las estrellas que podr\u00e1 dirigir\" loading=\"lazy\" width=\"290\" height=\"290\" decoding=\"async\" data-nimg=\"1\" style=\"color:transparent\" src=\"https:\/\/fmamiga909.com.ar\/wp-content\/uploads\/2026\/09\/PC5_9DDRH_290x290__1.jpg\"\/><\/picture>\n<p><span>Mir\u00e1 tambi\u00e9n<\/span><\/p>\n<hr\/>\n<h3>Gallardo acord\u00f3 su llegada a Ecuador: cu\u00e1ndo debutar\u00e1 y las estrellas que podr\u00e1 dirigir<\/h3>\n<\/p>\n<\/section>\n<\/div>\n<div id=\"element-body-17\" class=\"sc-a7166897-0 eTTZWU\"><a href=\"https:\/\/www.ole.com.ar\/futbol-internacional\/desafio-especial-marcelo-gallardo-seleccion-ecuador-cortar-sequia-90-anos_0_voFlcSGzjL.html\" aria-label=\"El desaf\u00edo especial de Gallardo en Ecuador:  buscar\u00e1 cortar una sequ\u00eda de casi 90 a\u00f1os...\" class=\"sc-d4f573e5-0 bUEDsN\"\/><\/p>\n<section><picture><img alt=\"El desaf\u00edo especial de Gallardo en Ecuador:  buscar\u00e1 cortar una sequ\u00eda de casi 90 a\u00f1os...\" loading=\"lazy\" width=\"290\" height=\"290\" decoding=\"async\" data-nimg=\"1\" style=\"color:transparent\" src=\"https:\/\/fmamiga909.com.ar\/wp-content\/uploads\/2026\/09\/AqQ6mNplE_290x290__1.jpg\"\/><\/picture>\n<p><span>Mir\u00e1 tambi\u00e9n<\/span><\/p>\n<hr\/>\n<h3>El desaf\u00edo especial de Gallardo en Ecuador:  buscar\u00e1 cortar una sequ\u00eda de casi 90 a\u00f1os&#8230;<\/h3>\n<\/p>\n<\/section>\n<\/div>\n<div id=\"element-body-18\" class=\"sc-a7166897-0 eTTZWU\"><a href=\"https:\/\/www.ole.com.ar\/river-plate\/river-plate-marginados-mercado-pases_0_yP7MqUuRsb.html\" aria-label=\"Con el mercado argentino cerrado, la situaci\u00f3n de los dos jugadores de River que siguen marginados\" class=\"sc-d4f573e5-0 bUEDsN\"\/><\/p>\n<section><picture><img alt=\"Con el mercado argentino cerrado, la situaci\u00f3n de los dos jugadores de River que siguen marginados\" loading=\"lazy\" width=\"290\" height=\"290\" decoding=\"async\" data-nimg=\"1\" style=\"color:transparent\" src=\"https:\/\/fmamiga909.com.ar\/wp-content\/uploads\/2026\/09\/1788584734_695_YenkVb1_E_290x290__1.jpg\"\/><\/picture>\n<p><span>Mir\u00e1 tambi\u00e9n<\/span><\/p>\n<hr\/>\n<h3>Con el mercado argentino cerrado, la situaci\u00f3n de los dos jugadores de River que siguen marginados<\/h3>\n<\/p>\n<\/section>\n<\/div>\n<\/div>\n<p><a href=\"https:\/\/www.ole.com.ar\/futbol-internacional\/galindez-declaraciones-gallardo-seleccion-ecuador_0_MpQ4eCzGMj.html\">source<\/a><\/p>\n","protected":false},"excerpt":{"rendered":"<p>Luego de confirmarse la llegada de Marcelo Gallardo a la selecci\u00f3n de Ecuador, uno de&#8230;<\/p>\n","protected":false},"author":3,"featured_media":49895,"comment_status":"closed","ping_status":"closed","sticky":false,"template":"","format":"standard","meta":{"footnotes":""},"categories":[21],"tags":[],"class_list":["post-49894","post","type-post","status-publish","format-standard","has-post-thumbnail","hentry","category-deportes"],"featured_image_urls":{"full":["https:\/\/fmamiga909.com.ar\/wp-content\/uploads\/2026\/09\/wp-header-logo-88.png",290,290,false],"thumbnail":["https:\/\/fmamiga909.com.ar\/wp-content\/uploads\/2026\/09\/wp-header-logo-88-150x150.png",150,150,true],"medium":["https:\/\/fmamiga909.com.ar\/wp-content\/uploads\/2026\/09\/wp-header-logo-88.png",290,290,false],"medium_large":["https:\/\/fmamiga909.com.ar\/wp-content\/uploads\/2026\/09\/wp-header-logo-88.png",290,290,false],"large":["https:\/\/fmamiga909.com.ar\/wp-content\/uploads\/2026\/09\/wp-header-logo-88.png",290,290,false],"1536x1536":["https:\/\/fmamiga909.com.ar\/wp-content\/uploads\/2026\/09\/wp-header-logo-88.png",290,290,false],"2048x2048":["https:\/\/fmamiga909.com.ar\/wp-content\/uploads\/2026\/09\/wp-header-logo-88.png",290,290,false],"newsium-slider-full":["https:\/\/fmamiga909.com.ar\/wp-content\/uploads\/2026\/09\/wp-header-logo-88.png",290,290,false],"newsium-featured":["https:\/\/fmamiga909.com.ar\/wp-content\/uploads\/2026\/09\/wp-header-logo-88.png",290,290,false],"newsium-medium":["https:\/\/fmamiga909.com.ar\/wp-content\/uploads\/2026\/09\/wp-header-logo-88.png",290,290,false]},"author_info":{"display_name":"Fredy Giuliano","author_link":"https:\/\/fmamiga909.com.ar\/?author=3"},"category_info":"<a href=\"https:\/\/fmamiga909.com.ar\/?cat=21\" rel=\"category\">Deportes<\/a>","tag_info":"Deportes","comment_count":"0","_links":{"self":[{"href":"https:\/\/fmamiga909.com.ar\/index.php?rest_route=\/wp\/v2\/posts\/49894","targetHints":{"allow":["GET"]}}],"collection":[{"href":"https:\/\/fmamiga909.com.ar\/index.php?rest_route=\/wp\/v2\/posts"}],"about":[{"href":"https:\/\/fmamiga909.com.ar\/index.php?rest_route=\/wp\/v2\/types\/post"}],"author":[{"embeddable":true,"href":"https:\/\/fmamiga909.com.ar\/index.php?rest_route=\/wp\/v2\/users\/3"}],"replies":[{"embeddable":true,"href":"https:\/\/fmamiga909.com.ar\/index.php?rest_route=%2Fwp%2Fv2%2Fcomments&post=49894"}],"version-history":[{"count":0,"href":"https:\/\/fmamiga909.com.ar\/index.php?rest_route=\/wp\/v2\/posts\/49894\/revisions"}],"wp:featuredmedia":[{"embeddable":true,"href":"https:\/\/fmamiga909.com.ar\/index.php?rest_route=\/wp\/v2\/media\/49895"}],"wp:attachment":[{"href":"https:\/\/fmamiga909.com.ar\/index.php?rest_route=%2Fwp%2Fv2%2Fmedia&parent=49894"}],"wp:term":[{"taxonomy":"category","embeddable":true,"href":"https:\/\/fmamiga909.com.ar\/index.php?rest_route=%2Fwp%2Fv2%2Fcategories&post=49894"},{"taxonomy":"post_tag","embeddable":true,"href":"https:\/\/fmamiga909.com.ar\/index.php?rest_route=%2Fwp%2Fv2%2Ftags&post=49894"}],"curies":[{"name":"wp","href":"https:\/\/api.w.org\/{rel}","templated":true}]}}