{"id":49901,"date":"2026-09-05T05:44:34","date_gmt":"2026-09-05T05:44:34","guid":{"rendered":"https:\/\/fmamiga909.com.ar\/?p=49901"},"modified":"2026-09-05T05:44:34","modified_gmt":"2026-09-05T05:44:34","slug":"video-belgrano-fallo-el-penal-y-se-termino-el-partido","status":"publish","type":"post","link":"https:\/\/fmamiga909.com.ar\/?p=49901","title":{"rendered":"Video: Belgrano fall\u00f3 el penal y se termin\u00f3 el partido"},"content":{"rendered":"<div id=\"storyBody\">\n<div id=\"element-body-0\" class=\"sc-df222161-0 hNvwjb\">\n<p>El <a href=\"https:\/\/www.ole.com.ar\/futbol-primera\/belgrano-huracan-torneo-clausura-gigante-alberdi-vivo-pirata-globo_0_bxJT6HwLv1.html\" target=\"_self\" title=\"partido que termin\u00f3 1 a 1\" alt=\"partido que termin\u00f3 1 a 1\">partido que termin\u00f3 1 a 1<\/a> entre <strong><a href=\"https:\/\/www.ole.com.ar\/tema\/belgrano-de-cordoba.html\" title=\"Belgrano de C\u00f3rdoba\" alt=\"Belgrano de C\u00f3rdoba\" class=\"slug\">Belgrano<\/a><\/strong> y <strong><a href=\"https:\/\/www.ole.com.ar\/tema\/huracan.html\" title=\"Hurac\u00e1n\" alt=\"Hurac\u00e1n\" class=\"slug\">Hurac\u00e1n<\/a><\/strong>, en C\u00f3rdoba, tuvo un final inesperado. Se disputaba la \u00faltima jugada y <strong>Ojeda, del Globo, le cometi\u00f3 falta dentro del \u00e1rea a Zelarayan<\/strong>: lo golpe\u00f3 al intentar rechazar la pelota. El \u00e1rbitro <strong>Luis Lobo Medina sancion\u00f3 penal<\/strong>. La ejecuci\u00f3n se demor\u00f3 porque desde la cabina de Ezeiza verificaron que no hubo plancha previa del jugador del Pirata.<\/p>\n<\/div>\n<div id=\"element-body-1\" class=\"sc-df222161-0 hNvwjb\">\n<p>El juez central avis\u00f3 antes del remate: el juego se terminaba con el tiro de Passerini, el indicado para patear desde los 12 pasos. Entonces, el arquero <strong><a href=\"https:\/\/www.ole.com.ar\/tema\/hernan-galindez.html\" title=\"Hern\u00e1n Gal\u00edndez\" alt=\"Hern\u00e1n Gal\u00edndez\" class=\"slug\">Hern\u00e1n Gal\u00edndez<\/a><\/strong> ya sab\u00eda que no deb\u00eda reaccionar en b\u00fasqueda de un eventual rebote. Pero <strong>el remate del delantero local dio en el travesa\u00f1o. Lucas se tap\u00f3 la cara con la camiseta, dolido porque su equipo se hab\u00eda privado de ganar. Sus compa\u00f1eros fueron a consolarlo.<\/strong><\/p>\n<\/div>\n<div id=\"element-body-2\" class=\"sc-df222161-0 hNvwjb\">\n<p>De todas maneras, hubo un jugador que demor\u00f3 en darse cuenta. Zelarayan, tras el tiro en el palo, fue a correr detr\u00e1s de la pelota, pero en un instante tom\u00f3 conciencia de que el juego hab\u00eda terminado.<\/p>\n<\/div>\n<p><h2><strong>Mir\u00e1 el video<\/strong><\/h2>\n<\/p>\n<div id=\"element-body-4\" class=\"sc-8712cf2e-1 brsVwg\"><figcaption class=\"JWvideoNota_title\">\n<p>El \u00e1rbitro hab\u00eda avisado que terminaba el partido y el remate de Passerini dio en el travesa\u00f1o: 1 a 1 con Hurac\u00e1n. Fuente: ESPN.<\/p>\n<\/figcaption><\/div>\n<div class=\"sc-c0843421-0 iNysjD image-embed\" id=\"element-body-5\"><img alt=\"Zelarayan ante Hurac\u00e1n.\" loading=\"lazy\" width=\"720\" height=\"100\" decoding=\"async\" data-nimg=\"1\" style=\"color:transparent\" src=\"https:\/\/fmamiga909.com.ar\/wp-content\/uploads\/2026\/09\/WvZJ-3EAz_720x0__1.jpg\"\/><span class=\"epigraphe\">Zelarayan ante Hurac\u00e1n.<\/span><\/div>\n<div class=\"sc-c0843421-0 iNysjD image-embed\" id=\"element-body-6\"><img alt=\"Rigoni ante Hurac\u00e1n.\" loading=\"lazy\" width=\"720\" height=\"100\" decoding=\"async\" data-nimg=\"1\" style=\"color:transparent\" src=\"https:\/\/fmamiga909.com.ar\/wp-content\/uploads\/2026\/09\/vcXfek2lr_720x0__1.jpg\"\/><span class=\"epigraphe\">Rigoni ante Hurac\u00e1n.<\/span><\/div>\n<div id=\"element-body-7\" class=\"sc-a7166897-0 eTTZWU\"><a href=\"https:\/\/www.ole.com.ar\/futbol-primera\/belgrano-huracan-jordycaicedo-var-lobomedina_0_9E9tS9ET9M.html\" aria-label=\"Video: el pol\u00e9mico gol anulado por offside de Hurac\u00e1n a Belgrano\" class=\"sc-d4f573e5-0 bUEDsN\"\/><\/p>\n<section><picture><img alt=\"Video: el pol\u00e9mico gol anulado por offside de Hurac\u00e1n a Belgrano\" loading=\"lazy\" width=\"290\" height=\"290\" decoding=\"async\" data-nimg=\"1\" style=\"color:transparent\" src=\"https:\/\/fmamiga909.com.ar\/wp-content\/uploads\/2026\/09\/pcdymL4a8_290x290__1.jpg\"\/><\/picture>\n<p><span>Mir\u00e1 tambi\u00e9n<\/span><\/p>\n<hr\/>\n<h3>Video: el pol\u00e9mico gol anulado por offside de Hurac\u00e1n a Belgrano<\/h3>\n<\/p>\n<\/section>\n<\/div>\n<div id=\"element-body-8\" class=\"sc-a7166897-0 eTTZWU\"><a href=\"https:\/\/www.ole.com.ar\/futbol-primera\/belgrano-huracan-torneo-clausura-gigante-alberdi-vivo-pirata-globo_0_bxJT6HwLv1.html\" aria-label=\"Con un final ag\u00f3nico, Belgrano y Hurac\u00e1n empataron 1-1\" class=\"sc-d4f573e5-0 bUEDsN\"\/><\/p>\n<section><picture><img alt=\"Con un final ag\u00f3nico, Belgrano y Hurac\u00e1n empataron 1-1\" loading=\"lazy\" width=\"290\" height=\"290\" decoding=\"async\" data-nimg=\"1\" style=\"color:transparent\" src=\"https:\/\/fmamiga909.com.ar\/wp-content\/uploads\/2026\/09\/1788587074_305_s9dKs5RT9_290x290__1.jpg\"\/><\/picture>\n<p><span>Mir\u00e1 tambi\u00e9n<\/span><\/p>\n<hr\/>\n<h3>Con un final ag\u00f3nico, Belgrano y Hurac\u00e1n empataron 1-1<\/h3>\n<\/p>\n<\/section>\n<\/div>\n<div id=\"element-body-9\" class=\"sc-a7166897-0 eTTZWU\"><a href=\"https:\/\/www.ole.com.ar\/futbol-primera\/tabla-anual-fecha-8_0_f5CILkcKu7.html\" aria-label=\"La tabla anual: Independente Rivadavia y Argentinos punteros, Boca y River en Sudamericana\" class=\"sc-d4f573e5-0 bUEDsN\"\/><\/p>\n<section><picture><img alt=\"La tabla anual: Independente Rivadavia y Argentinos punteros, Boca y River en Sudamericana\" loading=\"lazy\" width=\"290\" height=\"290\" decoding=\"async\" data-nimg=\"1\" style=\"color:transparent\" src=\"https:\/\/fmamiga909.com.ar\/wp-content\/uploads\/2026\/09\/1788587074_801_ST6BbhJuX_290x290__1.jpg\"\/><\/picture>\n<p><span>Mir\u00e1 tambi\u00e9n<\/span><\/p>\n<hr\/>\n<h3>La tabla anual: Independente Rivadavia y Argentinos punteros, Boca y River en Sudamericana<\/h3>\n<\/p>\n<\/section>\n<\/div>\n<\/div>\n<p><a href=\"https:\/\/www.ole.com.ar\/futbol-primera\/belgrano-huracan-penal-zelarayan-passerini_0_XHsPmrtczD.html\">source<\/a><\/p>\n","protected":false},"excerpt":{"rendered":"<p>El partido que termin\u00f3 1 a 1 entre Belgrano y Hurac\u00e1n, en C\u00f3rdoba, tuvo un&#8230;<\/p>\n","protected":false},"author":3,"featured_media":49902,"comment_status":"closed","ping_status":"closed","sticky":false,"template":"","format":"standard","meta":{"footnotes":""},"categories":[21],"tags":[],"class_list":["post-49901","post","type-post","status-publish","format-standard","has-post-thumbnail","hentry","category-deportes"],"featured_image_urls":{"full":["https:\/\/fmamiga909.com.ar\/wp-content\/uploads\/2026\/09\/wp-header-logo-89.png",720,480,false],"thumbnail":["https:\/\/fmamiga909.com.ar\/wp-content\/uploads\/2026\/09\/wp-header-logo-89-150x150.png",150,150,true],"medium":["https:\/\/fmamiga909.com.ar\/wp-content\/uploads\/2026\/09\/wp-header-logo-89-300x200.png",300,200,true],"medium_large":["https:\/\/fmamiga909.com.ar\/wp-content\/uploads\/2026\/09\/wp-header-logo-89.png",720,480,false],"large":["https:\/\/fmamiga909.com.ar\/wp-content\/uploads\/2026\/09\/wp-header-logo-89.png",640,427,false],"1536x1536":["https:\/\/fmamiga909.com.ar\/wp-content\/uploads\/2026\/09\/wp-header-logo-89.png",720,480,false],"2048x2048":["https:\/\/fmamiga909.com.ar\/wp-content\/uploads\/2026\/09\/wp-header-logo-89.png",720,480,false],"newsium-slider-full":["https:\/\/fmamiga909.com.ar\/wp-content\/uploads\/2026\/09\/wp-header-logo-89.png",720,480,false],"newsium-featured":["https:\/\/fmamiga909.com.ar\/wp-content\/uploads\/2026\/09\/wp-header-logo-89.png",720,480,false],"newsium-medium":["https:\/\/fmamiga909.com.ar\/wp-content\/uploads\/2026\/09\/wp-header-logo-89-720x475.png",720,475,true]},"author_info":{"display_name":"Fredy Giuliano","author_link":"https:\/\/fmamiga909.com.ar\/?author=3"},"category_info":"<a href=\"https:\/\/fmamiga909.com.ar\/?cat=21\" rel=\"category\">Deportes<\/a>","tag_info":"Deportes","comment_count":"0","_links":{"self":[{"href":"https:\/\/fmamiga909.com.ar\/index.php?rest_route=\/wp\/v2\/posts\/49901","targetHints":{"allow":["GET"]}}],"collection":[{"href":"https:\/\/fmamiga909.com.ar\/index.php?rest_route=\/wp\/v2\/posts"}],"about":[{"href":"https:\/\/fmamiga909.com.ar\/index.php?rest_route=\/wp\/v2\/types\/post"}],"author":[{"embeddable":true,"href":"https:\/\/fmamiga909.com.ar\/index.php?rest_route=\/wp\/v2\/users\/3"}],"replies":[{"embeddable":true,"href":"https:\/\/fmamiga909.com.ar\/index.php?rest_route=%2Fwp%2Fv2%2Fcomments&post=49901"}],"version-history":[{"count":0,"href":"https:\/\/fmamiga909.com.ar\/index.php?rest_route=\/wp\/v2\/posts\/49901\/revisions"}],"wp:featuredmedia":[{"embeddable":true,"href":"https:\/\/fmamiga909.com.ar\/index.php?rest_route=\/wp\/v2\/media\/49902"}],"wp:attachment":[{"href":"https:\/\/fmamiga909.com.ar\/index.php?rest_route=%2Fwp%2Fv2%2Fmedia&parent=49901"}],"wp:term":[{"taxonomy":"category","embeddable":true,"href":"https:\/\/fmamiga909.com.ar\/index.php?rest_route=%2Fwp%2Fv2%2Fcategories&post=49901"},{"taxonomy":"post_tag","embeddable":true,"href":"https:\/\/fmamiga909.com.ar\/index.php?rest_route=%2Fwp%2Fv2%2Ftags&post=49901"}],"curies":[{"name":"wp","href":"https:\/\/api.w.org\/{rel}","templated":true}]}}