{"id":49908,"date":"2026-09-05T16:29:14","date_gmt":"2026-09-05T16:29:14","guid":{"rendered":"https:\/\/fmamiga909.com.ar\/?p=49908"},"modified":"2026-09-05T16:29:14","modified_gmt":"2026-09-05T16:29:14","slug":"celebra-croacia-modric-no-se-va","status":"publish","type":"post","link":"https:\/\/fmamiga909.com.ar\/?p=49908","title":{"rendered":"Celebra Croacia: Modric no se va"},"content":{"rendered":"<div id=\"storyBody\">\n<div id=\"element-body-0\" class=\"sc-df222161-0 hNvwjb\">\n<p>Cuando todav\u00eda el pueblo argentino <strong><a href=\"https:\/\/www.ole.com.ar\/seleccion\/lionel-messi-retiro-seleccion-argentina_0_Q7Uo8ybTrO.html\" target=\"_self\" title=\"se lamenta y -a su vez- le agradece a Lionel Messi\" alt=\"se lamenta y -a su vez- le agradece a Lionel Messi\">se lamenta y -a su vez- le agradece a Lionel Messi<\/a><\/strong> tras haber anunciado su retiro de la Selecci\u00f3n Argentina, <strong> el croata <a href=\"https:\/\/www.ole.com.ar\/tema\/luka-modric.html\" title=\"Luka Modric\" alt=\"Luka Modric\" class=\"slug\">Luka Modric<\/a>, que el pr\u00f3ximo 9 de septiembre cumplir\u00e1 41 a\u00f1os, seguir\u00e1 en el combinado nacional de su pa\u00eds <\/strong> para disputar los partidos de la Liga de Naciones, seg\u00fan anunci\u00f3 este s\u00e1bado la Federaci\u00f3n Croata de F\u00fatbol.<\/p>\n<\/div>\n<div id=\"element-body-1\" class=\"sc-df222161-0 hNvwjb\">\n<p><strong>Modric<\/strong>, quien milita desde la pasada temporada en el Milan, traslad\u00f3 al seleccionador croata, Slaven Bilic, y al presidente de la federaci\u00f3n, Marijan Kustic, <strong>su disponibilidad para los seis partidos<\/strong> que el pa\u00eds balc\u00e1nico jugar\u00e1 de septiembre a noviembre en el grupo A3 contra Espa\u00f1a, Inglaterra y Rep\u00fablica Checa.<\/p>\n<\/div>\n<p><h2><strong>\u00a1No se va, y Modric no se va&#8230;!<\/strong><\/h2>\n<\/p>\n<div id=\"element-body-4\" class=\"sc-df222161-0 hNvwjb\">\n<p>Tras la eliminaci\u00f3n de Croacia ante Portugal en los 16\u00b0 de final del Mundial de Estados Unidos, Canad\u00e1 y M\u00e9xico el pasado 2 de julio, se baraj\u00f3 la posibilidad de que hubiera sido el \u00faltimo partido del volante con su selecci\u00f3n despu\u00e9s de cinco participaciones en la m\u00e1xima competici\u00f3n por pa\u00edses. Sin embargo, el exjugador del Real Madrid <strong>decidi\u00f3 prolongar su participaci\u00f3n con los balc\u00e1nicos<\/strong>.<\/p>\n<\/div>\n<div id=\"element-body-5\" class=\"sc-df222161-0 hNvwjb\">\n<p>\u00abEst\u00e1 listo para <strong>continuar su fascinante carrera internacional<\/strong>, con 202 partidos y logros hist\u00f3ricos\u00bb, se congratul\u00f3 la Federaci\u00f3n Croata de F\u00fatbol en un mensaje en X.<\/p>\n<\/div>\n<div id=\"element-body-6\" class=\"sc-df222161-0 hNvwjb\">\n<p>Bilic expres\u00f3 su satisfacci\u00f3n por la <strong>decisi\u00f3n del jugador de disputar la Liga de Naciones<\/strong>: \u00abLa decisi\u00f3n de Luka me hace extremadamente feliz. Todos somos conscientes de lo que aporta a Croacia, tanto dentro como fuera del campo. Estoy deseando volver a trabajar con \u00e9l despu\u00e9s de catorce a\u00f1os. Ambos compartimos una fuerte ambici\u00f3n de mantener a Croacia como un equipo de \u00e9lite y exitoso, codo a codo con los mejores equipos del mundo\u00bb.<\/p>\n<\/div>\n<p><h2><strong>El croata m\u00e1s brillante desde la independencia<\/strong><\/h2>\n<\/p>\n<div id=\"element-body-9\" class=\"sc-df222161-0 hNvwjb\">\n<p>El jugador Rossonero <strong>ha liderado la etapa m\u00e1s brillante en la historia de la selecci\u00f3n croata<\/strong>, con el subcampeonato del Mundial de 2018, el tercer puesto en 2022 y la final de la Liga de Naciones de 2023.<\/p>\n<\/div>\n<div id=\"element-body-10\" class=\"sc-df222161-0 hNvwjb\">\n<p>Capit\u00e1n y gran referente de Croacia, <strong>Modric lider\u00f3 la etapa m\u00e1s brillante de la historia de su selecci\u00f3n<\/strong>, con el subcampeonato del Mundial de Rusia 2018, el tercer puesto en el de Catar de 2022 y la final de la Liga de Naciones de 2023.<\/p>\n<\/div>\n<div id=\"element-body-11\" class=\"sc-df222161-0 hNvwjb\">\n<p><strong>Croacia se estrenar\u00e1 en la Liga de Naciones<\/strong> con su visita a Rep\u00fablica Checa el pr\u00f3ximo d\u00eda 26 y tres d\u00edas despu\u00e9s, jugar\u00e1 ante Espa\u00f1a en Sevilla. En casa, Croacia jugar\u00e1 ante Inglaterra y de nuevo frente a Espa\u00f1a, los d\u00edas 3 y 6 de octubre, respectivamente, y completar\u00e1 la fase de grupos en Wembley ante el combinado ingl\u00e9s el 12 de noviembre y en casa ante los checos tres d\u00edas despu\u00e9s.<\/p>\n<\/div>\n<div id=\"element-body-13\" class=\"sc-a7166897-0 eTTZWU\"><a href=\"https:\/\/www.ole.com.ar\/opinion\/messi-despedida-maradona_0_AQNApkDePP.html\" aria-label=\"Quisiera ver a Messi para siempre\" class=\"sc-d4f573e5-0 bUEDsN\"\/><\/p>\n<section><picture><img alt=\"Quisiera ver a Messi para siempre\" loading=\"lazy\" width=\"290\" height=\"290\" decoding=\"async\" data-nimg=\"1\" style=\"color:transparent\" src=\"https:\/\/fmamiga909.com.ar\/wp-content\/uploads\/2026\/09\/Z3A4sYRor_290x290__1.jpg\"\/><\/picture>\n<p><span>Mir\u00e1 tambi\u00e9n<\/span><\/p>\n<hr\/>\n<h3>Quisiera ver a Messi para siempre<\/h3>\n<\/p>\n<\/section>\n<\/div>\n<div id=\"element-body-14\" class=\"sc-a7166897-0 eTTZWU\"><a href=\"https:\/\/www.ole.com.ar\/messi\/messi-listo-afrontar-primer-partido-anuncio-retiro-seleccion_0_yVep2HEyFR.html\" aria-label=\"Messi, listo para afrontar su primer partido tras el anuncio de retiro en la Selecci\u00f3n\" class=\"sc-d4f573e5-0 bUEDsN\"\/><\/p>\n<section><picture><img alt=\"Messi, listo para afrontar su primer partido tras el anuncio de retiro en la Selecci\u00f3n\" loading=\"lazy\" width=\"290\" height=\"290\" decoding=\"async\" data-nimg=\"1\" style=\"color:transparent\" src=\"https:\/\/fmamiga909.com.ar\/wp-content\/uploads\/2026\/09\/JQU8itFbA_290x290__1.jpg\"\/><\/picture>\n<p><span>Mir\u00e1 tambi\u00e9n<\/span><\/p>\n<hr\/>\n<h3>Messi, listo para afrontar su primer partido tras el anuncio de retiro en la Selecci\u00f3n<\/h3>\n<\/p>\n<\/section>\n<\/div>\n<div id=\"element-body-15\" class=\"sc-a7166897-0 eTTZWU\"><a href=\"https:\/\/www.ole.com.ar\/futbol-primera\/empezaron-homenajes-messi-clausra_0_DOhQOKI4IT.html\" aria-label=\"Merecido reconocimiento: los homenajes para Messi en todas las canchas de Argentina\" class=\"sc-d4f573e5-0 bUEDsN\"\/><\/p>\n<section><picture><img alt=\"Merecido reconocimiento: los homenajes para Messi en todas las canchas de Argentina\" loading=\"lazy\" width=\"290\" height=\"290\" decoding=\"async\" data-nimg=\"1\" style=\"color:transparent\" src=\"https:\/\/fmamiga909.com.ar\/wp-content\/uploads\/2026\/09\/rMSWUWCYX_290x290__1.jpg\"\/><\/picture>\n<p><span>Mir\u00e1 tambi\u00e9n<\/span><\/p>\n<hr\/>\n<h3>Merecido reconocimiento: los homenajes para Messi en todas las canchas de Argentina<\/h3>\n<\/p>\n<\/section>\n<\/div>\n<div id=\"element-body-16\" class=\"sc-a7166897-0 eTTZWU\"><a href=\"https:\/\/www.ole.com.ar\/seleccion\/lionel-messi-seleccion-argentina-despedida-venezuela-eliminatorias-mundial-2026_0_I9ljirlhWG.html\" aria-label=\"El last dance de la Pulga: se cumple un a\u00f1o del \u00faltimo partido oficial de Messi con la Selecci\u00f3n en Argentina \" class=\"sc-d4f573e5-0 bUEDsN\"\/><\/p>\n<section><picture><img alt=\"El last dance de la Pulga: se cumple un a\u00f1o del \u00faltimo partido oficial de Messi con la Selecci\u00f3n en Argentina \" loading=\"lazy\" width=\"290\" height=\"290\" decoding=\"async\" data-nimg=\"1\" style=\"color:transparent\" src=\"https:\/\/fmamiga909.com.ar\/wp-content\/uploads\/2026\/09\/bB0sEHZe5_290x290__1.jpg\"\/><\/picture>\n<p><span>Mir\u00e1 tambi\u00e9n<\/span><\/p>\n<hr\/>\n<h3>El last dance de la Pulga: se cumple un a\u00f1o del \u00faltimo partido oficial de Messi con la Selecci\u00f3n en Argentina <\/h3>\n<\/p>\n<\/section>\n<\/div>\n<div id=\"element-body-17\" class=\"sc-a7166897-0 eTTZWU\"><a href=\"https:\/\/www.ole.com.ar\/seleccion\/seleccionamistososfechafifadefinicion_0_XZpUbaP5nD.html\" aria-label=\"Dias de definiciones para la Selecci\u00f3n: convocados, rivales y negociaciones\" class=\"sc-d4f573e5-0 bUEDsN\"\/><\/p>\n<section><picture><img alt=\"Dias de definiciones para la Selecci\u00f3n: convocados, rivales y negociaciones\" loading=\"lazy\" width=\"290\" height=\"290\" decoding=\"async\" data-nimg=\"1\" style=\"color:transparent\" src=\"https:\/\/fmamiga909.com.ar\/wp-content\/uploads\/2026\/09\/hYOaHZ-ng_290x290__1.jpg\"\/><\/picture>\n<p><span>Mir\u00e1 tambi\u00e9n<\/span><\/p>\n<hr\/>\n<h3>Dias de definiciones para la Selecci\u00f3n: convocados, rivales y negociaciones<\/h3>\n<\/p>\n<\/section>\n<\/div>\n<\/div>\n<p><a href=\"https:\/\/www.ole.com.ar\/futbol-internacional\/luka-modric-croacia-seleccion-continuidad-anuncio-liga-naciones-europa_0_9cmWKvZKJS.html\">source<\/a><\/p>\n","protected":false},"excerpt":{"rendered":"<p>Cuando todav\u00eda el pueblo argentino se lamenta y -a su vez- le agradece a Lionel&#8230;<\/p>\n","protected":false},"author":3,"featured_media":49909,"comment_status":"closed","ping_status":"closed","sticky":false,"template":"","format":"standard","meta":{"footnotes":""},"categories":[21],"tags":[],"class_list":["post-49908","post","type-post","status-publish","format-standard","has-post-thumbnail","hentry","category-deportes"],"featured_image_urls":{"full":["https:\/\/fmamiga909.com.ar\/wp-content\/uploads\/2026\/09\/wp-header-logo-90.png",290,290,false],"thumbnail":["https:\/\/fmamiga909.com.ar\/wp-content\/uploads\/2026\/09\/wp-header-logo-90-150x150.png",150,150,true],"medium":["https:\/\/fmamiga909.com.ar\/wp-content\/uploads\/2026\/09\/wp-header-logo-90.png",290,290,false],"medium_large":["https:\/\/fmamiga909.com.ar\/wp-content\/uploads\/2026\/09\/wp-header-logo-90.png",290,290,false],"large":["https:\/\/fmamiga909.com.ar\/wp-content\/uploads\/2026\/09\/wp-header-logo-90.png",290,290,false],"1536x1536":["https:\/\/fmamiga909.com.ar\/wp-content\/uploads\/2026\/09\/wp-header-logo-90.png",290,290,false],"2048x2048":["https:\/\/fmamiga909.com.ar\/wp-content\/uploads\/2026\/09\/wp-header-logo-90.png",290,290,false],"newsium-slider-full":["https:\/\/fmamiga909.com.ar\/wp-content\/uploads\/2026\/09\/wp-header-logo-90.png",290,290,false],"newsium-featured":["https:\/\/fmamiga909.com.ar\/wp-content\/uploads\/2026\/09\/wp-header-logo-90.png",290,290,false],"newsium-medium":["https:\/\/fmamiga909.com.ar\/wp-content\/uploads\/2026\/09\/wp-header-logo-90.png",290,290,false]},"author_info":{"display_name":"Fredy Giuliano","author_link":"https:\/\/fmamiga909.com.ar\/?author=3"},"category_info":"<a href=\"https:\/\/fmamiga909.com.ar\/?cat=21\" rel=\"category\">Deportes<\/a>","tag_info":"Deportes","comment_count":"0","_links":{"self":[{"href":"https:\/\/fmamiga909.com.ar\/index.php?rest_route=\/wp\/v2\/posts\/49908","targetHints":{"allow":["GET"]}}],"collection":[{"href":"https:\/\/fmamiga909.com.ar\/index.php?rest_route=\/wp\/v2\/posts"}],"about":[{"href":"https:\/\/fmamiga909.com.ar\/index.php?rest_route=\/wp\/v2\/types\/post"}],"author":[{"embeddable":true,"href":"https:\/\/fmamiga909.com.ar\/index.php?rest_route=\/wp\/v2\/users\/3"}],"replies":[{"embeddable":true,"href":"https:\/\/fmamiga909.com.ar\/index.php?rest_route=%2Fwp%2Fv2%2Fcomments&post=49908"}],"version-history":[{"count":0,"href":"https:\/\/fmamiga909.com.ar\/index.php?rest_route=\/wp\/v2\/posts\/49908\/revisions"}],"wp:featuredmedia":[{"embeddable":true,"href":"https:\/\/fmamiga909.com.ar\/index.php?rest_route=\/wp\/v2\/media\/49909"}],"wp:attachment":[{"href":"https:\/\/fmamiga909.com.ar\/index.php?rest_route=%2Fwp%2Fv2%2Fmedia&parent=49908"}],"wp:term":[{"taxonomy":"category","embeddable":true,"href":"https:\/\/fmamiga909.com.ar\/index.php?rest_route=%2Fwp%2Fv2%2Fcategories&post=49908"},{"taxonomy":"post_tag","embeddable":true,"href":"https:\/\/fmamiga909.com.ar\/index.php?rest_route=%2Fwp%2Fv2%2Ftags&post=49908"}],"curies":[{"name":"wp","href":"https:\/\/api.w.org\/{rel}","templated":true}]}}