{"id":49912,"date":"2026-09-05T16:31:13","date_gmt":"2026-09-05T16:31:13","guid":{"rendered":"https:\/\/fmamiga909.com.ar\/?p=49912"},"modified":"2026-09-05T16:31:13","modified_gmt":"2026-09-05T16:31:13","slug":"dura-derrota-el-leipzig-de-martin-demichelis-perdio-3-1-ante-werder-bremen-en-la-bundesliga","status":"publish","type":"post","link":"https:\/\/fmamiga909.com.ar\/?p=49912","title":{"rendered":"Dura derrota: el Leipzig de Mart\u00edn Demichelis perdi\u00f3 3-1 ante Werder Bremen en la Bundesliga"},"content":{"rendered":"<div id=\"storyBody\">\n<div id=\"element-body-0\" class=\"sc-df222161-0 hNvwjb\">\n<p>Arranc\u00f3 la <strong><a href=\"https:\/\/www.ole.com.ar\/tema\/bundesliga.html\" title=\"Bundesliga\" alt=\"Bundesliga\" class=\"slug\">Bundesliga<\/a><\/strong> con el pie derecho, pero no pudo sostener el rendimiento. Ya en la segunda fecha del campeonato, el <strong><a href=\"https:\/\/www.ole.com.ar\/tema\/rb-leipzig.html\" title=\"RB Leipzig\" alt=\"RB Leipzig\" class=\"slug\">Leipzig<\/a> <\/strong> de <strong><a href=\"https:\/\/www.ole.com.ar\/tema\/martin-demichelis.html\" title=\"Martin Demichelis\" alt=\"Martin Demichelis\" class=\"slug\">Mart\u00edn Demichelis<\/a><\/strong> perdi\u00f3 3-1 ante <strong><a href=\"https:\/\/www.ole.com.ar\/tema\/werder-bremen.html\" title=\"Werder Bremen\" alt=\"Werder Bremen\" class=\"slug\">Werder Bremen<\/a> <\/strong> y qued\u00f3 octavo en la tabla de posiciones.<\/p>\n<\/div>\n<div class=\"sc-c0843421-0 iNysjD image-embed\" id=\"element-body-1\"><img alt=\"Leipzig vs. Werder Bremen. (AP)\" loading=\"lazy\" width=\"720\" height=\"100\" decoding=\"async\" data-nimg=\"1\" style=\"color:transparent\" src=\"https:\/\/fmamiga909.com.ar\/wp-content\/uploads\/2026\/09\/MjaMBNuAq_720x0__1.jpg\"\/><span class=\"epigraphe\">Leipzig vs. Werder Bremen. (AP)<\/span><\/div>\n<div id=\"element-body-2\" class=\"sc-df222161-0 hNvwjb\">\n<p>El golpe lleg\u00f3 bien temprano. De hecho, el equipo local abri\u00f3 el marcador a los cuatro minutos del primer tiempo de la mano de <strong>Eren Dinkci<\/strong>. Aunque el visitante aguant\u00f3 el resultado lo m\u00e1s que pudo, sufri\u00f3 en el complemento, donde la distancia se hizo a\u00fan mayor.<\/p>\n<\/div>\n<div id=\"element-body-3\" class=\"sc-df222161-0 hNvwjb\">\n<p>A los 68&#8242;, <strong> Niclas F\u00fcllkrug<\/strong> estir\u00f3 la ventaja con el 2-0 y complic\u00f3 los planes del argentino, que meti\u00f3 varios cambios pero no pudo torcer el resultado a su favor. Luego, el encargado de bajarle el martillo al duelo fue <strong>Marco Gr\u00fcll<\/strong>, el autor del tercer tanto.<\/p>\n<\/div>\n<div id=\"element-body-4\" class=\"sc-df222161-0 hNvwjb\">\n<p>Aunque <strong>Bote Baku<\/strong> aprovech\u00f3 el descuento para achicar la diferencia, nada pudo evitar la caida.<\/p>\n<\/div>\n<p><h2>El presente del Leipzig en la Bundesliga: c\u00f3mo le fue hasta ahora y qu\u00e9 se le viene en el fixture<\/h2>\n<\/p>\n<div id=\"element-body-6\" class=\"sc-df222161-0 hNvwjb\">\n<p>La temporada es larga y acaba de comenzar. Por lo tanto, <strong>Mart\u00edn Demichelis<\/strong> tiene claro que queda mucho camino por recorrer. Hasta el momento, con dos fechas disputadas, el <strong>Leipzig <\/strong> gan\u00f3 uno y perdi\u00f3 el restante. En consecuencia, qued\u00f3 octavo en la tabla de posiciones de la Bundesliga con tres unidades en su haber.<\/p>\n<\/div>\n<div id=\"element-body-7\" class=\"sc-df222161-0 hNvwjb\">\n<p>Tal como indica el calendario, el equipo que dirige el entrenador argentino se medir\u00e1 ante el <strong>Hamburgo <\/strong> el domingo 13 de septiembre desde las 10.30 horas de Argentina. Previamente, chocar\u00e1 con el <strong>Como <\/strong> de <strong>Nico Paz<\/strong> en la Champions League el d\u00eda 10 del mismo mes.<\/p>\n<\/div>\n<div class=\"sc-c0843421-0 iNysjD image-embed\" id=\"element-body-8\"><img alt=\"Demichelis entrenando al Leipzig.\" loading=\"lazy\" width=\"720\" height=\"100\" decoding=\"async\" data-nimg=\"1\" style=\"color:transparent\" src=\"https:\/\/fmamiga909.com.ar\/wp-content\/uploads\/2026\/09\/1788625873_315_5cxOHux9g_720x0__1.jpg\"\/><span class=\"epigraphe\">Demichelis entrenando al Leipzig.<\/span><\/div>\n<\/div>\n<p><a href=\"https:\/\/www.ole.com.ar\/futbol-internacional\/liga-alemana-bundesliga\/martin-demichelis-leipzig-derrota-werder-bremen-bundesliga_0_mNCmsrh1kf.html\">source<\/a><\/p>\n","protected":false},"excerpt":{"rendered":"<p>Arranc\u00f3 la Bundesliga con el pie derecho, pero no pudo sostener el rendimiento. Ya en&#8230;<\/p>\n","protected":false},"author":3,"featured_media":49913,"comment_status":"closed","ping_status":"closed","sticky":false,"template":"","format":"standard","meta":{"footnotes":""},"categories":[21],"tags":[],"class_list":["post-49912","post","type-post","status-publish","format-standard","has-post-thumbnail","hentry","category-deportes"],"featured_image_urls":{"full":["https:\/\/fmamiga909.com.ar\/wp-content\/uploads\/2026\/09\/wp-header-logo-91.png",720,480,false],"thumbnail":["https:\/\/fmamiga909.com.ar\/wp-content\/uploads\/2026\/09\/wp-header-logo-91-150x150.png",150,150,true],"medium":["https:\/\/fmamiga909.com.ar\/wp-content\/uploads\/2026\/09\/wp-header-logo-91-300x200.png",300,200,true],"medium_large":["https:\/\/fmamiga909.com.ar\/wp-content\/uploads\/2026\/09\/wp-header-logo-91.png",720,480,false],"large":["https:\/\/fmamiga909.com.ar\/wp-content\/uploads\/2026\/09\/wp-header-logo-91.png",640,427,false],"1536x1536":["https:\/\/fmamiga909.com.ar\/wp-content\/uploads\/2026\/09\/wp-header-logo-91.png",720,480,false],"2048x2048":["https:\/\/fmamiga909.com.ar\/wp-content\/uploads\/2026\/09\/wp-header-logo-91.png",720,480,false],"newsium-slider-full":["https:\/\/fmamiga909.com.ar\/wp-content\/uploads\/2026\/09\/wp-header-logo-91.png",720,480,false],"newsium-featured":["https:\/\/fmamiga909.com.ar\/wp-content\/uploads\/2026\/09\/wp-header-logo-91.png",720,480,false],"newsium-medium":["https:\/\/fmamiga909.com.ar\/wp-content\/uploads\/2026\/09\/wp-header-logo-91-720x475.png",720,475,true]},"author_info":{"display_name":"Fredy Giuliano","author_link":"https:\/\/fmamiga909.com.ar\/?author=3"},"category_info":"<a href=\"https:\/\/fmamiga909.com.ar\/?cat=21\" rel=\"category\">Deportes<\/a>","tag_info":"Deportes","comment_count":"0","_links":{"self":[{"href":"https:\/\/fmamiga909.com.ar\/index.php?rest_route=\/wp\/v2\/posts\/49912","targetHints":{"allow":["GET"]}}],"collection":[{"href":"https:\/\/fmamiga909.com.ar\/index.php?rest_route=\/wp\/v2\/posts"}],"about":[{"href":"https:\/\/fmamiga909.com.ar\/index.php?rest_route=\/wp\/v2\/types\/post"}],"author":[{"embeddable":true,"href":"https:\/\/fmamiga909.com.ar\/index.php?rest_route=\/wp\/v2\/users\/3"}],"replies":[{"embeddable":true,"href":"https:\/\/fmamiga909.com.ar\/index.php?rest_route=%2Fwp%2Fv2%2Fcomments&post=49912"}],"version-history":[{"count":0,"href":"https:\/\/fmamiga909.com.ar\/index.php?rest_route=\/wp\/v2\/posts\/49912\/revisions"}],"wp:featuredmedia":[{"embeddable":true,"href":"https:\/\/fmamiga909.com.ar\/index.php?rest_route=\/wp\/v2\/media\/49913"}],"wp:attachment":[{"href":"https:\/\/fmamiga909.com.ar\/index.php?rest_route=%2Fwp%2Fv2%2Fmedia&parent=49912"}],"wp:term":[{"taxonomy":"category","embeddable":true,"href":"https:\/\/fmamiga909.com.ar\/index.php?rest_route=%2Fwp%2Fv2%2Fcategories&post=49912"},{"taxonomy":"post_tag","embeddable":true,"href":"https:\/\/fmamiga909.com.ar\/index.php?rest_route=%2Fwp%2Fv2%2Ftags&post=49912"}],"curies":[{"name":"wp","href":"https:\/\/api.w.org\/{rel}","templated":true}]}}