{"id":49946,"date":"2026-09-05T16:54:53","date_gmt":"2026-09-05T16:54:53","guid":{"rendered":"https:\/\/fmamiga909.com.ar\/?p=49946"},"modified":"2026-09-05T16:54:53","modified_gmt":"2026-09-05T16:54:53","slug":"franco-colapinto-en-monza-tras-la-mejor-qualy-de-alpine-del-contento-y-aprender-de-gasly-al-habia-un-poco-mas","status":"publish","type":"post","link":"https:\/\/fmamiga909.com.ar\/?p=49946","title":{"rendered":"Franco Colapinto en Monza, tras la mejor qualy de Alpine: del contento y aprender de Gasly al \u201chab\u00eda un poco m\u00e1s\u201d"},"content":{"rendered":"<div id=\"storyBody\">\n<div id=\"element-body-0\" class=\"sc-df222161-0 hNvwjb\">\n<p><strong><a href=\"https:\/\/www.ole.com.ar\/tema\/franco-colapinto.html\" title=\"Franco Colapinto\" alt=\"Franco Colapinto\" class=\"slug\">Franco Colapinto<\/a> termin\u00f3 la clasificaci\u00f3n del Gran Premio de Italia<\/strong> con una mezcla de satisfacci\u00f3n y un poco de autocr\u00edtica. Satisfecho porque <strong><a href=\"https:\/\/www.ole.com.ar\/tema\/alpine.html\" title=\"Alpine\" alt=\"Alpine\" class=\"slug\">Alpine<\/a><\/strong> consigui\u00f3 su <strong>mejor resultado de clasificaci\u00f3n del a\u00f1o<\/strong>, con <strong><a href=\"https:\/\/www.ole.com.ar\/tema\/pierre-gasly.html\" title=\"Pierre Gasly\" alt=\"Pierre Gasly\" class=\"slug\">Pierre Gasly<\/a><\/strong> en la pole y \u00e9l octavo, aunque <strong>largar\u00e1 s\u00e9ptimo<\/strong> por la penalizaci\u00f3n de <strong><a href=\"https:\/\/www.ole.com.ar\/tema\/andrea-kimi-antonelli.html\" title=\"Andrea Kimi Antonelli\" alt=\"Andrea Kimi Antonelli\" class=\"slug\">Kimi Antonelli<\/a><\/strong>. Y tambi\u00e9n con la sensaci\u00f3n de que todav\u00eda hab\u00eda algo m\u00e1s para sacarle al auto.<\/p>\n<\/div>\n<div id=\"element-body-1\" class=\"sc-df222161-0 hNvwjb\">\n<p>Para el argentino, que afrontar\u00e1 este domingo su 39\u00aa carrera en la F\u00f3rmula 1, ser\u00e1 adem\u00e1s una <strong>largada hist\u00f3rica<\/strong>: nunca hab\u00eda partido desde una posici\u00f3n tan adelante en la m\u00e1xima categor\u00eda. Y si bien termin\u00f3 octavo en pista, <strong>la sanci\u00f3n a Antonelli le permiti\u00f3 subir al s\u00e9ptimo lugar<\/strong>.<\/p>\n<\/div>\n<div id=\"element-body-2\" class=\"sc-df222161-0 hNvwjb\">\n<p>\u201cS\u00ed, no, es bastante incre\u00edble. Creo que sorpresa del equipo tambi\u00e9n, <strong>no es que esper\u00e1bamos hacer la pole<\/strong>. Pierre hizo un muy buen trabajo, obviamente\u201d, explic\u00f3 Colapinto despu\u00e9s de la clasificaci\u00f3n, todav\u00eda <strong>sorprendido por el rendimiento que mostr\u00f3 Alpine en Monza<\/strong>, sobre todo por el 1 de su compa\u00f1ero.<\/p>\n<\/div>\n<div class=\"sc-c0843421-0 iNysjD image-embed\" id=\"element-body-3\"><img alt=\"El Alpine de Franco (AFP).\" loading=\"lazy\" width=\"720\" height=\"100\" decoding=\"async\" data-nimg=\"1\" style=\"color:transparent\" src=\"https:\/\/fmamiga909.com.ar\/wp-content\/uploads\/2026\/09\/AuSUSm5wf_720x0__1.jpg\"\/><span class=\"epigraphe\">El Alpine de Franco (AFP).<\/span><\/div>\n<div id=\"element-body-4\" class=\"sc-df222161-0 hNvwjb\">\n<p>El argentino cont\u00f3 que durante las distintas sesiones <strong>le cost\u00f3 encontrar las mejoras<\/strong> que s\u00ed consigui\u00f3 su compa\u00f1ero y que justamente all\u00ed estuvo una de las claves de la diferencia entre ambos.<\/p>\n<\/div>\n<div id=\"element-body-5\" class=\"sc-df222161-0 hNvwjb\">\n<p>\u201cPara m\u00ed es entender un poco el porqu\u00e9 y la raz\u00f3n de <strong>no haber mejorado tanto entre sesi\u00f3n y sesi\u00f3n<\/strong>. Pierre le daba saltos m\u00e1s grandes que yo y yo no hac\u00eda las mejoras, no encontraba esas mejoras que \u00e9l ten\u00eda. Uno estaba al mismo tiempo y despu\u00e9s me ca\u00eda un poco, as\u00ed que nada, entender un poco la raz\u00f3n y el porqu\u00e9\u201d, analiz\u00f3.<\/p>\n<\/div>\n<div id=\"element-body-6\" class=\"sc-df222161-0 hNvwjb\">\n<p>De todos modos, <strong>Colapinto no dej\u00f3 de valorar lo que consigui\u00f3 Alpine con el nuevo paquete de mejoras<\/strong> introducido en Monza, especialmente con las modificaciones realizadas en el piso para mejorar la aerodin\u00e1mica del auto.<\/p>\n<\/div>\n<div class=\"sc-c0843421-0 iNysjD image-embed\" id=\"element-body-7\"><img alt=\"Colapinto felicita a Gasly por la pole (AP).\" loading=\"lazy\" width=\"720\" height=\"100\" decoding=\"async\" data-nimg=\"1\" style=\"color:transparent\" src=\"https:\/\/fmamiga909.com.ar\/wp-content\/uploads\/2026\/09\/XVmhqMTut_720x0__1.jpg\"\/><span class=\"epigraphe\">Colapinto felicita a Gasly por la pole (AP).<\/span><\/div>\n<div id=\"element-body-8\" class=\"sc-df222161-0 hNvwjb\">\n<p>\u201cPero igualmente fue un buen d\u00eda para el equipo. Creo que dar octavo es un muy buen resultado para nosotros ayer. Y nada, <strong>hacer la pole es una sorpresa muy grande<\/strong> para todos\u201d, reconoci\u00f3.<\/p>\n<\/div>\n<div id=\"element-body-9\" class=\"sc-df222161-0 hNvwjb\">\n<p>Y enseguida destac\u00f3 especialmente el trabajo de Gasly, que consigui\u00f3 una vuelta espectacular en el \u00faltimo intento de la Q3 para <strong>quedarse con la pole<\/strong>. \u201cPero nada, gran laburo de Pierre y del equipo por hacerlo. Obviamente que ma\u00f1ana hacer una buena carrera y por adelante\u201d, dijo Franco, que tendr\u00e1 este domingo una <strong>oportunidad inmejorable para sumar puntos<\/strong>.<\/p>\n<\/div>\n<p><h2>Para Colapinto \u201chab\u00eda un poco m\u00e1s\u201d<\/h2>\n<\/p>\n<div id=\"element-body-11\" class=\"sc-df222161-0 hNvwjb\">\n<p>Aunque la clasificaci\u00f3n fue hist\u00f3rica para Alpine y muy buena para Colapinto, el argentino reconoci\u00f3 que sent\u00eda que <strong>pod\u00eda haber terminado todav\u00eda m\u00e1s adelante<\/strong>. En la Q3, despu\u00e9s de su primer intento, qued\u00f3 d\u00e9cimo, pero en la \u00faltima vuelta pudo <strong>mejorar hasta el octavo lugar<\/strong>.<\/p>\n<\/div>\n<div id=\"element-body-12\" class=\"sc-df222161-0 hNvwjb\">\n<p>\u201cS\u00ed, hab\u00eda un poco m\u00e1s. Creo que un par de curvas me estuvieron costando toda la sesi\u00f3n. La Q1 me sent\u00ed un poquito mejor, es cuando empez\u00f3 a gustar un poco m\u00e1s\u201d, explic\u00f3.<\/p>\n<\/div>\n<div id=\"element-body-13\" class=\"sc-df222161-0 hNvwjb\">\n<p>La evoluci\u00f3n de la pista tambi\u00e9n jug\u00f3 un papel importante y <strong>Colapinto admiti\u00f3 que no consigui\u00f3 aprovecharla<\/strong> de la misma manera que Gasly. \u201c <strong>No le encontr\u00e9 la vuelta<\/strong> porque la pista iba mejorando y eso fue un poco lo que me falt\u00f3\u201d, se\u00f1al\u00f3.<\/p>\n<\/div>\n<div id=\"element-body-14\" class=\"sc-df222161-0 hNvwjb\">\n<p>En ese sentido, el argentino <strong>puso el foco en uno de los aspectos que todav\u00eda puede seguir incorporando de su compa\u00f1ero<\/strong>, especialmente por la <strong>experiencia que tiene el franc\u00e9s en la F\u00f3rmula 1<\/strong>.<\/p>\n<\/div>\n<div class=\"sc-c0843421-0 iNysjD image-embed\" id=\"element-body-15\"><img alt=\"Gran inicio de Q1 para Alpine.\" loading=\"lazy\" width=\"720\" height=\"100\" decoding=\"async\" data-nimg=\"1\" style=\"color:transparent\" src=\"https:\/\/fmamiga909.com.ar\/wp-content\/uploads\/2026\/09\/SlI18sxoB_720x0__1.jpg\"\/><span class=\"epigraphe\">Gran inicio de Q1 para Alpine.<\/span><\/div>\n<div id=\"element-body-16\" class=\"sc-df222161-0 hNvwjb\">\n<p>\u201cPero bueno, eso es parte de la experiencia y tambi\u00e9n lo que tengo que <strong>aprender de un piloto experimentado como Pierre<\/strong>. Que al final da esos saltos muy grandes en la sesi\u00f3n y es clave tambi\u00e9n para llegar al final de la qualy bien\u201d, sostuvo.<\/p>\n<\/div>\n<div id=\"element-body-17\" class=\"sc-df222161-0 hNvwjb\">\n<p>Colapinto se fue de la clasificaci\u00f3n con una sonrisa, consciente de que Alpine dio un paso adelante muy importante y de que \u00e9l <strong>tendr\u00e1 la mejor posici\u00f3n de largada de su carrera en la F\u00f3rmula 1<\/strong>. \u201cBien, obviamente que contento con la qualy\u201d, cerr\u00f3.<\/p>\n<\/div>\n<div id=\"element-body-18\" class=\"sc-df222161-0 hNvwjb\">\n<p>Ahora llega la parte m\u00e1s importante: convertir ese s\u00e9ptimo puesto en una buena carrera. Con Gasly desde la pole y Colapinto s\u00e9ptimo, <strong>Alpine tiene una oportunidad concreta de ir por los puntos en Monza<\/strong>. Y el podio&#8230;<\/p>\n<\/div>\n<div id=\"element-body-19\" class=\"sc-a7166897-0 eTTZWU\"><a href=\"https:\/\/www.ole.com.ar\/autos\/quedo-parrilla-formula1-gpmonza-italia-2026_0_D29ZmtsAxt.html\" aria-label=\"As\u00ed qued\u00f3 la parrilla del GP de Monza de la F\u00f3rmula 1 2026\" class=\"sc-d4f573e5-0 bUEDsN\"\/><\/p>\n<section><picture><img alt=\"As\u00ed qued\u00f3 la parrilla del GP de Monza de la F\u00f3rmula 1 2026\" loading=\"lazy\" width=\"290\" height=\"290\" decoding=\"async\" data-nimg=\"1\" style=\"color:transparent\" src=\"https:\/\/fmamiga909.com.ar\/wp-content\/uploads\/2026\/09\/1788627293_986_IPWLVjEN5_290x290__1.jpg\"\/><\/picture>\n<p><span>Mir\u00e1 tambi\u00e9n<\/span><\/p>\n<hr\/>\n<h3>As\u00ed qued\u00f3 la parrilla del GP de Monza de la F\u00f3rmula 1 2026<\/h3>\n<\/p>\n<\/section>\n<\/div>\n<div id=\"element-body-20\" class=\"sc-a7166897-0 eTTZWU\"><a href=\"https:\/\/www.ole.com.ar\/autos\/franco-colapinto-monza-gp-italia-hoy-vivo-hora-clasificacion-ver-f1-formula-1_0_SPGKwP2Sjc.html\" aria-label=\"\u00a1Tremendo Alpine! Gasly se qued\u00f3 con la pole en Monza y Colapinto largar\u00e1 7\u00b0\" class=\"sc-d4f573e5-0 bUEDsN\"\/><\/p>\n<section><picture><img alt=\"\u00a1Tremendo Alpine! Gasly se qued\u00f3 con la pole en Monza y Colapinto largar\u00e1 7\u00b0\" loading=\"lazy\" width=\"290\" height=\"290\" decoding=\"async\" data-nimg=\"1\" style=\"color:transparent\" src=\"https:\/\/fmamiga909.com.ar\/wp-content\/uploads\/2026\/09\/1788627293_581_FtItZTZUE_290x290__1.jpg\"\/><\/picture>\n<p><span>Mir\u00e1 tambi\u00e9n<\/span><\/p>\n<hr\/>\n<h3>\u00a1Tremendo Alpine! Gasly se qued\u00f3 con la pole en Monza y Colapinto largar\u00e1 7\u00b0<\/h3>\n<\/p>\n<\/section>\n<\/div>\n<div id=\"element-body-21\" class=\"sc-a7166897-0 eTTZWU\"><a href=\"https:\/\/www.ole.com.ar\/autos\/franco-colapinto-volvio-q3-cuantas-veces-mejores-clasificaciones-f1_0_m1h6bxJsGS.html\" aria-label=\"Colapinto volvi\u00f3 a la Q3: cu\u00e1ntas veces lo logr\u00f3 y cu\u00e1les fueron sus mejores clasificaciones en la F1\" class=\"sc-d4f573e5-0 bUEDsN\"\/><\/p>\n<section><picture><img alt=\"Colapinto volvi\u00f3 a la Q3: cu\u00e1ntas veces lo logr\u00f3 y cu\u00e1les fueron sus mejores clasificaciones en la F1\" loading=\"lazy\" width=\"290\" height=\"290\" decoding=\"async\" data-nimg=\"1\" style=\"color:transparent\" src=\"https:\/\/fmamiga909.com.ar\/wp-content\/uploads\/2026\/09\/1788627293_99_G6tj-kXBb_290x290__1.jpg\"\/><\/picture>\n<p><span>Mir\u00e1 tambi\u00e9n<\/span><\/p>\n<hr\/>\n<h3>Colapinto volvi\u00f3 a la Q3: cu\u00e1ntas veces lo logr\u00f3 y cu\u00e1les fueron sus mejores clasificaciones en la F1<\/h3>\n<\/p>\n<\/section>\n<\/div>\n<\/div>\n<p><a href=\"https:\/\/www.ole.com.ar\/autos\/declaraciones-franco-colapinto-alpine-qualy-monza_0_ENBm1gdZE2.html\">source<\/a><\/p>\n","protected":false},"excerpt":{"rendered":"<p>Franco Colapinto termin\u00f3 la clasificaci\u00f3n del Gran Premio de Italia con una mezcla de satisfacci\u00f3n&#8230;<\/p>\n","protected":false},"author":3,"featured_media":49947,"comment_status":"closed","ping_status":"closed","sticky":false,"template":"","format":"standard","meta":{"footnotes":""},"categories":[21],"tags":[],"class_list":["post-49946","post","type-post","status-publish","format-standard","has-post-thumbnail","hentry","category-deportes"],"featured_image_urls":{"full":["https:\/\/fmamiga909.com.ar\/wp-content\/uploads\/2026\/09\/wp-header-logo-95.png",720,480,false],"thumbnail":["https:\/\/fmamiga909.com.ar\/wp-content\/uploads\/2026\/09\/wp-header-logo-95-150x150.png",150,150,true],"medium":["https:\/\/fmamiga909.com.ar\/wp-content\/uploads\/2026\/09\/wp-header-logo-95-300x200.png",300,200,true],"medium_large":["https:\/\/fmamiga909.com.ar\/wp-content\/uploads\/2026\/09\/wp-header-logo-95.png",720,480,false],"large":["https:\/\/fmamiga909.com.ar\/wp-content\/uploads\/2026\/09\/wp-header-logo-95.png",640,427,false],"1536x1536":["https:\/\/fmamiga909.com.ar\/wp-content\/uploads\/2026\/09\/wp-header-logo-95.png",720,480,false],"2048x2048":["https:\/\/fmamiga909.com.ar\/wp-content\/uploads\/2026\/09\/wp-header-logo-95.png",720,480,false],"newsium-slider-full":["https:\/\/fmamiga909.com.ar\/wp-content\/uploads\/2026\/09\/wp-header-logo-95.png",720,480,false],"newsium-featured":["https:\/\/fmamiga909.com.ar\/wp-content\/uploads\/2026\/09\/wp-header-logo-95.png",720,480,false],"newsium-medium":["https:\/\/fmamiga909.com.ar\/wp-content\/uploads\/2026\/09\/wp-header-logo-95-720x475.png",720,475,true]},"author_info":{"display_name":"Fredy Giuliano","author_link":"https:\/\/fmamiga909.com.ar\/?author=3"},"category_info":"<a href=\"https:\/\/fmamiga909.com.ar\/?cat=21\" rel=\"category\">Deportes<\/a>","tag_info":"Deportes","comment_count":"0","_links":{"self":[{"href":"https:\/\/fmamiga909.com.ar\/index.php?rest_route=\/wp\/v2\/posts\/49946","targetHints":{"allow":["GET"]}}],"collection":[{"href":"https:\/\/fmamiga909.com.ar\/index.php?rest_route=\/wp\/v2\/posts"}],"about":[{"href":"https:\/\/fmamiga909.com.ar\/index.php?rest_route=\/wp\/v2\/types\/post"}],"author":[{"embeddable":true,"href":"https:\/\/fmamiga909.com.ar\/index.php?rest_route=\/wp\/v2\/users\/3"}],"replies":[{"embeddable":true,"href":"https:\/\/fmamiga909.com.ar\/index.php?rest_route=%2Fwp%2Fv2%2Fcomments&post=49946"}],"version-history":[{"count":0,"href":"https:\/\/fmamiga909.com.ar\/index.php?rest_route=\/wp\/v2\/posts\/49946\/revisions"}],"wp:featuredmedia":[{"embeddable":true,"href":"https:\/\/fmamiga909.com.ar\/index.php?rest_route=\/wp\/v2\/media\/49947"}],"wp:attachment":[{"href":"https:\/\/fmamiga909.com.ar\/index.php?rest_route=%2Fwp%2Fv2%2Fmedia&parent=49946"}],"wp:term":[{"taxonomy":"category","embeddable":true,"href":"https:\/\/fmamiga909.com.ar\/index.php?rest_route=%2Fwp%2Fv2%2Fcategories&post=49946"},{"taxonomy":"post_tag","embeddable":true,"href":"https:\/\/fmamiga909.com.ar\/index.php?rest_route=%2Fwp%2Fv2%2Ftags&post=49946"}],"curies":[{"name":"wp","href":"https:\/\/api.w.org\/{rel}","templated":true}]}}