{"id":49971,"date":"2026-09-06T04:29:39","date_gmt":"2026-09-06T04:29:39","guid":{"rendered":"https:\/\/fmamiga909.com.ar\/?p=49971"},"modified":"2026-09-06T04:29:39","modified_gmt":"2026-09-06T04:29:39","slug":"atento-boca-con-calleri-en-cancha-san-pablo-gano-en-el-brasileirao-antes-de-la-ida-por-sudamericana","status":"publish","type":"post","link":"https:\/\/fmamiga909.com.ar\/?p=49971","title":{"rendered":"Atento Boca: con Calleri en cancha, San Pablo gan\u00f3 en el Brasileirao antes de la ida por Sudamericana"},"content":{"rendered":"<div id=\"storyBody\">\n<div id=\"element-body-0\" class=\"sc-df222161-0 hNvwjb\">\n<p>A horas de que Boca <a href=\"https:\/\/www.ole.com.ar\/futbol-primera\/boca-hoy-vs-gimnasia-mendoza-vivo-hora-ver-torneo-clausura-minuto-minuto-mam-formaciones_0_z21xqLwYcK.html\" title=\"saque un empate con sabor a poco\" alt=\"saque un empate con sabor a poco\">saque un empate con sabor a poco<\/a> frente a Gimnasia de Mendoza, su pr\u00f3ximo rival de <strong><a href=\"https:\/\/www.ole.com.ar\/tema\/copa-sudamericana.html\" title=\"Copa Sudamericana\" alt=\"Copa Sudamericana\" class=\"slug\">Copa Sudamericana<\/a><\/strong> consigui\u00f3 un important\u00edsimo triunfo en la liga local. Con la presencia de <strong><a href=\"https:\/\/www.ole.com.ar\/tema\/jonathan-calleri.html\" title=\"Jonathan Calleri\" alt=\"Jonathan Calleri\" class=\"slug\">Jonathan Calleri<\/a><\/strong>, quien vio media hora de acci\u00f3n, <strong><a href=\"https:\/\/www.ole.com.ar\/tema\/san-pabl.html\" target=\"_blank\" title=\"San Pabl\" alt=\"San Pabl\" class=\"slug\">San Pablo<\/a><\/strong> <strong>derrot\u00f3 por 2-0 a Atl\u00e9tico Mineiro y trep\u00f3 varias posiciones en la tabla de un Brasileirao que est\u00e1 cada vez m\u00e1s picante<\/strong>.<\/p>\n<\/div>\n<div id=\"element-body-1\" class=\"sc-df222161-0 hNvwjb\">\n<p>En un Morumb\u00ed que estuvo colmado de hinchas paulistas y termin\u00f3 con algunos disturbios de la parcialidad visitante, el equipo dirigido por Dorival J\u00fanior sac\u00f3 un importante triunfo que lo dej\u00f3 en la d\u00e9cima posici\u00f3n. Con el Mineiro de Eduardo Dom\u00ednguez, que ven\u00eda de sacar a Cruzeiro -su cl\u00e1sico rival- de los cuartos de final de la Copa de Brasil, <strong>el conjunto local se termin\u00f3 quedando con los tres puntos para alejarse de la zona roja de la tabla y quedar dentro de la clasificaci\u00f3n a las copas<\/strong>.<\/p>\n<\/div>\n<div class=\"sc-c0843421-0 iNysjD image-embed\" id=\"element-body-2\"><img alt=\"La gente de San Pablo cop\u00f3 el Morumb\u00ed (Reuters).\" loading=\"lazy\" width=\"720\" height=\"100\" decoding=\"async\" data-nimg=\"1\" style=\"color:transparent\" src=\"https:\/\/fmamiga909.com.ar\/wp-content\/uploads\/2026\/09\/vMC2v0JR9_720x0__1.jpg\"\/><span class=\"epigraphe\">La gente de San Pablo cop\u00f3 el Morumb\u00ed (Reuters).<\/span><\/div>\n<div id=\"element-body-3\" class=\"sc-df222161-0 hNvwjb\">\n<p>La jornada estuvo marcada por el <strong>regreso de Calleri a las canchas, quien volvi\u00f3 a jugar despu\u00e9s dos semanas out por un esguince en el tobillo izquierdo<\/strong> y, si todo marcha sobre ruedas para el delantero argentino, <strong>podr\u00e1 jugar en La Bombonera<\/strong>, estadio que lo vio brillar en su ciclo de un a\u00f1o y medio con la de <strong><a href=\"https:\/\/www.ole.com.ar\/tema\/boca-juniors.html\" title=\"Boca Juniors\" alt=\"Boca Juniors\" class=\"slug\">Boca<\/a><\/strong>.<\/p>\n<\/div>\n<div id=\"element-body-4\" class=\"sc-df222161-0 hNvwjb\">\n<p>El diestro de 32 a\u00f1os sum\u00f3 media hora de juego. Y fue luego de su ingreso -en reemplazo de Gustavo Santana-, que el San Pablo logr\u00f3 poner primera en un partido que estaba trabado. <strong>El 1-0 lleg\u00f3 de la mano de Luciano, el picante delantero que tiene el equipo paulista<\/strong>. En un fuerte buscapi\u00e9 del volante Artur, el 10 del equipo abri\u00f3 su bot\u00edn diestro en el \u00e1rea chica para despertar el primer grito del Morumb\u00ed.<\/p>\n<\/div>\n<div class=\"sc-c0843421-0 iNysjD image-embed\" id=\"element-body-5\"><img alt=\"San Pablo y un triunfazo frente a Mineiro (Reuters).\" loading=\"lazy\" width=\"720\" height=\"100\" decoding=\"async\" data-nimg=\"1\" style=\"color:transparent\" src=\"https:\/\/fmamiga909.com.ar\/wp-content\/uploads\/2026\/09\/x-_OClonn_720x0__1.jpg\"\/><span class=\"epigraphe\">San Pablo y un triunfazo frente a Mineiro (Reuters).<\/span><\/div>\n<div id=\"element-body-6\" class=\"sc-df222161-0 hNvwjb\">\n<p>A los dos minutos, el lateral derecho Lucas Ram\u00f3n se proyect\u00f3 por su costado y sac\u00f3 un tremendo centro que fue conectado por Iago Borduchi en el coraz\u00f3n del \u00e1rea. As\u00ed, <strong>San Pablo sac\u00f3 adelante un complejo partido antes del primer chico por los cuartos de la Sudamericana frente a Boca<\/strong>, que tendr\u00e1 lugar este martes en La Bombonera.<\/p>\n<\/div>\n<p><h2><strong>Las dos fechas clave de la serie de cuartos de Sudamericana entre Boca y San Pablo<\/strong><\/h2>\n<\/p>\n<div id=\"element-body-8\" class=\"sc-df222161-0 hNvwjb\">\n<ul>\n<li>Ida: Martes 8 de septiembre a las 21:30 (en La Bombonera)<\/li>\n<li>Vuelta: Martes 15 de septiembre a las 21:30 (en el Morumb\u00ed)<\/li>\n<\/ul>\n<\/div>\n<p><h2><strong>As\u00ed qued\u00f3 la tabla del Brasileirao luego del triunfo de San Pablo<\/strong><\/h2>\n<\/p>\n<div id=\"element-body-11\" class=\"sc-a7166897-0 eTTZWU\"><a href=\"https:\/\/www.ole.com.ar\/futbol-internacional\/america\/travesano-arquero-atletico-leones-futbol-colombia-insolito-arco-rompio-pego-cabeza_0_r3h9Q40ua4.html\" aria-label=\"Ins\u00f3lito momento en el f\u00fatbol colombiano: iban a patear un penal y se cay\u00f3 el travesa\u00f1o en la cabeza del arquero\" class=\"sc-d4f573e5-0 bUEDsN\"\/><\/p>\n<section><picture><img alt=\"Ins\u00f3lito momento en el f\u00fatbol colombiano: iban a patear un penal y se cay\u00f3 el travesa\u00f1o en la cabeza del arquero\" loading=\"lazy\" width=\"290\" height=\"290\" decoding=\"async\" data-nimg=\"1\" style=\"color:transparent\" src=\"https:\/\/fmamiga909.com.ar\/wp-content\/uploads\/2026\/09\/3P5e9mYtS_290x290__1.jpg\"\/><\/picture>\n<p><span>Mir\u00e1 tambi\u00e9n<\/span><\/p>\n<hr\/>\n<h3>Ins\u00f3lito momento en el f\u00fatbol colombiano: iban a patear un penal y se cay\u00f3 el travesa\u00f1o en la cabeza del arquero<\/h3>\n<\/p>\n<\/section>\n<\/div>\n<div id=\"element-body-12\" class=\"sc-a7166897-0 eTTZWU\"><a href=\"https:\/\/www.ole.com.ar\/futbol-internacional\/olympicos-lesion-kaabi-volos_0_arME2RMdw2.html\" aria-label=\"Video: impresionante lesi\u00f3n de un delantero marroqu\u00ed en el f\u00fatbol griego\" class=\"sc-d4f573e5-0 bUEDsN\"\/><\/p>\n<section><picture><img alt=\"Video: impresionante lesi\u00f3n de un delantero marroqu\u00ed en el f\u00fatbol griego\" loading=\"lazy\" width=\"290\" height=\"290\" decoding=\"async\" data-nimg=\"1\" style=\"color:transparent\" src=\"https:\/\/fmamiga909.com.ar\/wp-content\/uploads\/2026\/09\/spmwOKiFN_290x290__1.jpg\"\/><\/picture>\n<p><span>Mir\u00e1 tambi\u00e9n<\/span><\/p>\n<hr\/>\n<h3>Video: impresionante lesi\u00f3n de un delantero marroqu\u00ed en el f\u00fatbol griego<\/h3>\n<\/p>\n<\/section>\n<\/div>\n<div id=\"element-body-13\" class=\"sc-a7166897-0 eTTZWU\"><a href=\"https:\/\/www.ole.com.ar\/futbol-internacional\/italia\/serie-calcio-italia-inter-vs-napoli-lautaro-martinez-temporada-2026-27_0_VvGD8fcslq.html\" aria-label=\"Lautaro figura: clav\u00f3 un doblete y el Inter se llev\u00f3 un triunfazo ante el Napoli\" class=\"sc-d4f573e5-0 bUEDsN\"\/><\/p>\n<section><picture><img alt=\"Lautaro figura: clav\u00f3 un doblete y el Inter se llev\u00f3 un triunfazo ante el Napoli\" loading=\"lazy\" width=\"290\" height=\"290\" decoding=\"async\" data-nimg=\"1\" style=\"color:transparent\" src=\"https:\/\/fmamiga909.com.ar\/wp-content\/uploads\/2026\/09\/nujXMYJR-_290x290__1.jpg\"\/><\/picture>\n<p><span>Mir\u00e1 tambi\u00e9n<\/span><\/p>\n<hr\/>\n<h3>Lautaro figura: clav\u00f3 un doblete y el Inter se llev\u00f3 un triunfazo ante el Napoli<\/h3>\n<\/p>\n<\/section>\n<\/div>\n<\/div>\n<p><a href=\"https:\/\/www.ole.com.ar\/futbol-internacional\/america\/san-pablo-boca-copa-sudamericana-salio-brasileirao-juega-calleri-mineiro_0_e6l6D1BUYD.html\">source<\/a><\/p>\n","protected":false},"excerpt":{"rendered":"<p>A horas de que Boca saque un empate con sabor a poco frente a Gimnasia&#8230;<\/p>\n","protected":false},"author":3,"featured_media":49972,"comment_status":"closed","ping_status":"closed","sticky":false,"template":"","format":"standard","meta":{"footnotes":""},"categories":[21],"tags":[],"class_list":["post-49971","post","type-post","status-publish","format-standard","has-post-thumbnail","hentry","category-deportes"],"featured_image_urls":{"full":["https:\/\/fmamiga909.com.ar\/wp-content\/uploads\/2026\/09\/wp-header-logo-100.png",720,480,false],"thumbnail":["https:\/\/fmamiga909.com.ar\/wp-content\/uploads\/2026\/09\/wp-header-logo-100-150x150.png",150,150,true],"medium":["https:\/\/fmamiga909.com.ar\/wp-content\/uploads\/2026\/09\/wp-header-logo-100-300x200.png",300,200,true],"medium_large":["https:\/\/fmamiga909.com.ar\/wp-content\/uploads\/2026\/09\/wp-header-logo-100.png",720,480,false],"large":["https:\/\/fmamiga909.com.ar\/wp-content\/uploads\/2026\/09\/wp-header-logo-100.png",640,427,false],"1536x1536":["https:\/\/fmamiga909.com.ar\/wp-content\/uploads\/2026\/09\/wp-header-logo-100.png",720,480,false],"2048x2048":["https:\/\/fmamiga909.com.ar\/wp-content\/uploads\/2026\/09\/wp-header-logo-100.png",720,480,false],"newsium-slider-full":["https:\/\/fmamiga909.com.ar\/wp-content\/uploads\/2026\/09\/wp-header-logo-100.png",720,480,false],"newsium-featured":["https:\/\/fmamiga909.com.ar\/wp-content\/uploads\/2026\/09\/wp-header-logo-100.png",720,480,false],"newsium-medium":["https:\/\/fmamiga909.com.ar\/wp-content\/uploads\/2026\/09\/wp-header-logo-100-720x475.png",720,475,true]},"author_info":{"display_name":"Fredy Giuliano","author_link":"https:\/\/fmamiga909.com.ar\/?author=3"},"category_info":"<a href=\"https:\/\/fmamiga909.com.ar\/?cat=21\" rel=\"category\">Deportes<\/a>","tag_info":"Deportes","comment_count":"0","_links":{"self":[{"href":"https:\/\/fmamiga909.com.ar\/index.php?rest_route=\/wp\/v2\/posts\/49971","targetHints":{"allow":["GET"]}}],"collection":[{"href":"https:\/\/fmamiga909.com.ar\/index.php?rest_route=\/wp\/v2\/posts"}],"about":[{"href":"https:\/\/fmamiga909.com.ar\/index.php?rest_route=\/wp\/v2\/types\/post"}],"author":[{"embeddable":true,"href":"https:\/\/fmamiga909.com.ar\/index.php?rest_route=\/wp\/v2\/users\/3"}],"replies":[{"embeddable":true,"href":"https:\/\/fmamiga909.com.ar\/index.php?rest_route=%2Fwp%2Fv2%2Fcomments&post=49971"}],"version-history":[{"count":0,"href":"https:\/\/fmamiga909.com.ar\/index.php?rest_route=\/wp\/v2\/posts\/49971\/revisions"}],"wp:featuredmedia":[{"embeddable":true,"href":"https:\/\/fmamiga909.com.ar\/index.php?rest_route=\/wp\/v2\/media\/49972"}],"wp:attachment":[{"href":"https:\/\/fmamiga909.com.ar\/index.php?rest_route=%2Fwp%2Fv2%2Fmedia&parent=49971"}],"wp:term":[{"taxonomy":"category","embeddable":true,"href":"https:\/\/fmamiga909.com.ar\/index.php?rest_route=%2Fwp%2Fv2%2Fcategories&post=49971"},{"taxonomy":"post_tag","embeddable":true,"href":"https:\/\/fmamiga909.com.ar\/index.php?rest_route=%2Fwp%2Fv2%2Ftags&post=49971"}],"curies":[{"name":"wp","href":"https:\/\/api.w.org\/{rel}","templated":true}]}}