{"id":49980,"date":"2026-09-06T04:32:23","date_gmt":"2026-09-06T04:32:23","guid":{"rendered":"https:\/\/fmamiga909.com.ar\/?p=49980"},"modified":"2026-09-06T04:32:23","modified_gmt":"2026-09-06T04:32:23","slug":"los-pibes-de-racing-pasaron-a-semifinales-del-mundial-de-clubes-sub-18","status":"publish","type":"post","link":"https:\/\/fmamiga909.com.ar\/?p=49980","title":{"rendered":"Los pibes de Racing pasaron a semifinales del Mundial de Clubes Sub 18"},"content":{"rendered":"<div id=\"storyBody\">\n<div id=\"element-body-0\" class=\"sc-df222161-0 hNvwjb\">\n<p>Los juveniles de <a href=\"https:\/\/www.ole.com.ar\/tema\/racing.html\" title=\"Racing\" alt=\"Racing\" class=\"slug\">Racing<\/a> siguen avanzando con solvencia en el Mundial de Clubes Sub 18. Luego del triunfo por 1-0 ante la <a href=\"https:\/\/www.ole.com.ar\/tema\/real-sociedad.html\" title=\"Real Sociedad\" alt=\"Real Sociedad\" class=\"slug\"> Real Sociedad<\/a> en cuartos de final, los pibes este s\u00e1bado <strong>vencieron al C\u00f3rdoba FC por 3-1 y se metieron en las semifinales<\/strong> de la competencia que se desarrolla en Espa\u00f1a. Ahora volver\u00e1 a actuar este lunes, contra un rival que saldr\u00e1 por sorteo entre Atl\u00e9tico Paranaense, San Pablo (ambos de Brasil) y <a href=\"https:\/\/www.ole.com.ar\/tema\/real-madrid.html\" title=\"Real Madrid\" alt=\"Real Madrid\" class=\"slug\"> Real Madrid<\/a>.<\/p>\n<\/div>\n<div id=\"element-body-1\" class=\"sc-df222161-0 hNvwjb\">\n<p>La Academia nutri\u00f3 a\u00fan m\u00e1s su ilusi\u00f3n de llegar a la final como lo hizo en la edici\u00f3n de 2025 (perdi\u00f3 con el <a href=\"https:\/\/www.ole.com.ar\/tema\/barcelona.html\" title=\"Barcelona\" alt=\"Barcelona\" class=\"slug\"> Barcelona<\/a>) despu\u00e9s de <strong>superar en semifinales al Real Madrid<\/strong>. Por lo pronto, hoy <strong>re\u00fane puntaje ideal<\/strong> porque se impuso en los cinco juegos afrontados.<\/p>\n<\/div>\n<p><h2>Empez\u00f3 abajo, pero lo revirti\u00f3 <\/h2>\n<\/p>\n<div id=\"element-body-3\" class=\"sc-df222161-0 hNvwjb\">\n<p><strong>Por primera vez en el Torneo<\/strong>, el conjunto de Sebasti\u00e1n Belisonzi, integrado por futbolistas de Sexta y S\u00e9ptima Divisi\u00f3n, <strong>arranc\u00f3 abajo en el marcador<\/strong>. A los 7&#8242; ya perd\u00eda 1-0.<\/p>\n<\/div>\n<div>\n<blockquote class=\"twitter-tweet\">\n<p lang=\"es\" dir=\"ltr\">Con dos goles de Benjam\u00edn Borowik (el segundo, de tiro penal) y uno de Rom\u00e1n Gonz\u00e1lez, Racing le gan\u00f3 a C\u00f3rdoba CF y se clasific\u00f3 a las semifinales del Mundial Juvenil de Clubes, en Espa\u00f1a. Espera rival para el cruce del lunes. <a href=\"https:\/\/t.co\/cJvyHW0qti\">pic.twitter.com\/cJvyHW0qti<\/a><\/p>\n<p>\u2014 Racing Club (@RacingClub) <a href=\"https:\/\/x.com\/RacingClub\/status\/2096326187136016412?ref_src=twsrc%5Etfw\">September 5, 2026<\/a><\/p><\/blockquote>\n<\/div>\n<div id=\"element-body-5\" class=\"sc-df222161-0 hNvwjb\">\n<p>Sin embargo, con gran reacci\u00f3n, en apenas tres minutos (a los 14&#8242; y a los 17&#8242;) <strong>lo dio vuelta con el doblete de Benjam\u00edn Borowik<\/strong>, mientras que Rom\u00e1n Gonz\u00e1lez (una de las figuras de la Academia y del Mundialito) <strong>se encarg\u00f3 de rematarlo en la segunda parte<\/strong>. Y as\u00ed, alcanz\u00f3 su tercera conquista en su cuenta personal en el certamen.<\/p>\n<\/div>\n<div class=\"sc-c0843421-0 iNysjD image-embed\" id=\"element-body-6\"><img alt=\"Los pibes ganaron todos los partidos que jugaron hasta ac\u00e1. Foto: Prensa Racing.\" loading=\"lazy\" width=\"720\" height=\"100\" decoding=\"async\" data-nimg=\"1\" style=\"color:transparent\" src=\"https:\/\/fmamiga909.com.ar\/wp-content\/uploads\/2026\/09\/-Cad1owvs_720x0__1.jpg\"\/><span class=\"epigraphe\">Los pibes ganaron todos los partidos que jugaron hasta ac\u00e1. Foto: Prensa Racing.<\/span><\/div>\n<div id=\"element-body-7\" class=\"sc-df222161-0 hNvwjb\">\n<p>El t\u00e9cnico <strong>volvi\u00f3 a poner de entrada a los titulares<\/strong> despu\u00e9s de darles descanso ante la Real Sociedad. Como el equipo ya se hab\u00eda clasificado a cuartos, el entrenador hab\u00eda aprovechado para brindarles minutos a los suplentes.<\/p>\n<\/div>\n<div>\n<blockquote class=\"twitter-tweet\">\n<p lang=\"es\" dir=\"ltr\">Resumen de la 24\u00aa del torneo de Juveniles AFA, ante Ferro:<\/p>\n<p>\u27a1\ufe0f \ud835\ude40\ud835\ude49 \ud835\ude40\ud835\ude47 \ud835\ude4b\ud835\ude4d\ud835\ude40\ud835\ude3f\ud835\ude44\ud835\ude4a \ud835\ude4f\ud835\ude44\ud835\ude4f\ud835\ude3c <br \/>Cuarta: 1-0 (Luis Alvez, de tiro penal).<br \/>Quinta: 0-1.<br \/>Sexta: 0-1.<\/p>\n<p>\u27a1\ufe0f \ud835\ude40\ud835\ude49 \ud835\ude47\ud835\ude3c \ud835\ude3e\ud835\ude3c\ud835\ude49\ud835\ude3e\ud835\ude43\ud835\ude3c \ud835\ude3c\ud835\ude50\ud835\ude53\ud835\ude44\ud835\ude47\ud835\ude44\ud835\ude3c\ud835\ude4d \ud835\ude3f\ud835\ude40\ud835\ude47 \ud835\ude40\ud835\ude4e\ud835\ude4f\ud835\ude3c\ud835\ude3f\ud835\ude44\ud835\ude4a \ud835\ude4d\ud835\ude44\ud835\ude3e\ud835\ude3c\ud835\ude4d\ud835\ude3f\ud835\ude4a \ud835\ude40\ud835\ude4f\ud835\ude3e\ud835\ude43\ud835\ude40\ud835\ude51\ud835\ude40\ud835\ude4d\ud835\ude4d\ud835\ude54<br \/>S\u00e9ptima: 0-1\u2026 <a href=\"https:\/\/t.co\/3FB3pv620x\">pic.twitter.com\/3FB3pv620x<\/a><\/p>\n<p>\u2014 Racing Club (@RacingClub) <a href=\"https:\/\/x.com\/RacingClub\/status\/2096304484800491816?ref_src=twsrc%5Etfw\">September 5, 2026<\/a><\/p><\/blockquote>\n<\/div>\n<p><h2>La formaci\u00f3n de Racing en la victoria sobre el C\u00f3rdoba FC <\/h2>\n<\/p>\n<div id=\"element-body-10\" class=\"sc-df222161-0 hNvwjb\">\n<p>En dos tiempos de 40 minutos cada uno, en el Campo Villanueva, as\u00ed form\u00f3 Racing:<a href=\"https:\/\/www.ole.com.ar\/racing\/racing-arquero-juvenil-mundial-clubes_0_E9qR4ax5qz.html\" target=\"_self\" title=\" Juli\u00e1n Bado\" alt=\" Juli\u00e1n Bado\"> Juli\u00e1n Bado<\/a>; <strong>Alex Balbuena, Juan Alfonso, Ramiro Zotelo,Valentino Ahumada; Lucas \u00c1lvarez, Luca Rodr\u00edguez Dotzel, Dante Carrasco, Erik Florent\u00edn; Benjam\u00edn Borowik y Rom\u00e1n Gonz\u00e1lez.<\/strong><\/p>\n<\/div>\n<div class=\"sc-c0843421-0 iNysjD image-embed\" id=\"element-body-11\"><img alt=\"La Acad\u00e9 volver\u00e1 a jugar este lunes. Foto: Prensa Racing.\" loading=\"lazy\" width=\"720\" height=\"100\" decoding=\"async\" data-nimg=\"1\" style=\"color:transparent\" src=\"https:\/\/fmamiga909.com.ar\/wp-content\/uploads\/2026\/09\/tIF37MYCk_720x0__1.jpg\"\/><span class=\"epigraphe\">La Acad\u00e9 volver\u00e1 a jugar este lunes. Foto: Prensa Racing.<\/span><\/div>\n<div id=\"element-body-12\" class=\"sc-df222161-0 hNvwjb\">\n<p>Al banco fueron Owen Fern\u00e1ndez, Sebasti\u00e1n Elos\u00fa, Santiago B\u00e1rcena, Thiago G\u00f3mez, Eliseo Segovia, Enzo Ibarras, Valentino Lima, Nazareno Olivera y Jer\u00f3nimo Ortiz.<\/p>\n<\/div>\n<div id=\"element-body-13\" class=\"sc-a7166897-0 eTTZWU\"><a href=\"https:\/\/www.ole.com.ar\/banfield\/pedrotroglio-banfield-aldosivi-autocritico-resultados-futuro_0_hf4YjRbYCW.html\" aria-label=\"Troglio, tras la ca\u00edda con Aldosivi: del &quot;no demostramos nada&quot; a ponerse plazos como DT de Banfield\" class=\"sc-d4f573e5-0 bUEDsN\"\/><\/p>\n<section><picture><img alt=\"Troglio, tras la ca\u00edda con Aldosivi: del &quot;no demostramos nada&quot; a ponerse plazos como DT de Banfield\" loading=\"lazy\" width=\"290\" height=\"290\" decoding=\"async\" data-nimg=\"1\" style=\"color:transparent\" src=\"https:\/\/fmamiga909.com.ar\/wp-content\/uploads\/2026\/09\/qLAI0ULq1_290x290__1.jpg\"\/><\/picture>\n<p><span>Mir\u00e1 tambi\u00e9n<\/span><\/p>\n<hr\/>\n<h3>Troglio, tras la ca\u00edda con Aldosivi: del \u00abno demostramos nada\u00bb a ponerse plazos como DT de Banfield<\/h3>\n<\/p>\n<\/section>\n<\/div>\n<div id=\"element-body-14\" class=\"sc-a7166897-0 eTTZWU\"><a href=\"https:\/\/www.ole.com.ar\/river-plate\/river-9-driussi-beltrpan-borre-ponzio_0_80gwWwcxbd.html\" aria-label=\"Los n\u00fameros que ponen a Driussi por encima de Beltr\u00e1n y Borr\u00e9\" class=\"sc-d4f573e5-0 bUEDsN\"\/><\/p>\n<section><picture><img alt=\"Los n\u00fameros que ponen a Driussi por encima de Beltr\u00e1n y Borr\u00e9\" loading=\"lazy\" width=\"290\" height=\"290\" decoding=\"async\" data-nimg=\"1\" style=\"color:transparent\" src=\"https:\/\/fmamiga909.com.ar\/wp-content\/uploads\/2026\/09\/kXnuGqB26_290x290__1.jpg\"\/><\/picture>\n<p><span>Mir\u00e1 tambi\u00e9n<\/span><\/p>\n<hr\/>\n<h3>Los n\u00fameros que ponen a Driussi por encima de Beltr\u00e1n y Borr\u00e9<\/h3>\n<\/p>\n<\/section>\n<\/div>\n<div id=\"element-body-15\" class=\"sc-a7166897-0 eTTZWU\"><a href=\"https:\/\/www.ole.com.ar\/futbol-primera\/tablas-descenso-anual-promedios-fecha-8_0_soBKuYSCNo.html\" aria-label=\"As\u00ed est\u00e1 la lucha por no descender en la Liga Profesional\" class=\"sc-d4f573e5-0 bUEDsN\"\/><\/p>\n<section><picture><img alt=\"As\u00ed est\u00e1 la lucha por no descender en la Liga Profesional\" loading=\"lazy\" width=\"290\" height=\"290\" decoding=\"async\" data-nimg=\"1\" style=\"color:transparent\" src=\"https:\/\/fmamiga909.com.ar\/wp-content\/uploads\/2026\/09\/p8NAlB8CC_290x290__1.jpg\"\/><\/picture>\n<p><span>Mir\u00e1 tambi\u00e9n<\/span><\/p>\n<hr\/>\n<h3>As\u00ed est\u00e1 la lucha por no descender en la Liga Profesional<\/h3>\n<\/p>\n<\/section>\n<\/div>\n<div id=\"element-body-16\" class=\"sc-a7166897-0 eTTZWU\"><a href=\"https:\/\/www.ole.com.ar\/boca-juniors\/satas-50-pibes-debutaron-boca-gestion-riquelme_0_iCk4bxm8kq.html\" aria-label=\"Con Mat\u00edas Satas, el uno por uno de los 50 pibes que debutaron en Boca en la era Riquelme\" class=\"sc-d4f573e5-0 bUEDsN\"\/><\/p>\n<section><picture><img alt=\"Con Mat\u00edas Satas, el uno por uno de los 50 pibes que debutaron en Boca en la era Riquelme\" loading=\"lazy\" width=\"290\" height=\"290\" decoding=\"async\" data-nimg=\"1\" style=\"color:transparent\" src=\"https:\/\/fmamiga909.com.ar\/wp-content\/uploads\/2026\/09\/LkBNmVOua_290x290__1.jpg\"\/><\/picture>\n<p><span>Mir\u00e1 tambi\u00e9n<\/span><\/p>\n<hr\/>\n<h3>Con Mat\u00edas Satas, el uno por uno de los 50 pibes que debutaron en Boca en la era Riquelme<\/h3>\n<\/p>\n<\/section>\n<\/div>\n<div id=\"element-body-17\" class=\"sc-a7166897-0 eTTZWU\"><a href=\"https:\/\/www.ole.com.ar\/futbol-primera\/fecha-8-resultados-posiciones-clausura-liga-profesional-tabla_0_DQRrKIaXpJ.html\" aria-label=\"La fecha 8 del Clausura: los resultados y posiciones\" class=\"sc-d4f573e5-0 bUEDsN\"\/><\/p>\n<section><picture><img alt=\"La fecha 8 del Clausura: los resultados y posiciones\" loading=\"lazy\" width=\"290\" height=\"290\" decoding=\"async\" data-nimg=\"1\" style=\"color:transparent\" src=\"https:\/\/fmamiga909.com.ar\/wp-content\/uploads\/2026\/09\/1788669143_621_HpgmKv43A_290x290__1.jpg\"\/><\/picture>\n<p><span>Mir\u00e1 tambi\u00e9n<\/span><\/p>\n<hr\/>\n<h3>La fecha 8 del Clausura: los resultados y posiciones<\/h3>\n<\/p>\n<\/section>\n<\/div>\n<\/div>\n<p><script async src=\"\/\/platform.twitter.com\/widgets.js\" charset=\"utf-8\"><\/script><br \/><a href=\"https:\/\/www.ole.com.ar\/racing\/racing-juveniles-mundial-clubes_0_2nzat0hNFz.html\">source<\/a><\/p>\n","protected":false},"excerpt":{"rendered":"<p>Los juveniles de Racing siguen avanzando con solvencia en el Mundial de Clubes Sub 18&#8230;.<\/p>\n","protected":false},"author":3,"featured_media":49981,"comment_status":"closed","ping_status":"closed","sticky":false,"template":"","format":"standard","meta":{"footnotes":""},"categories":[21],"tags":[],"class_list":["post-49980","post","type-post","status-publish","format-standard","has-post-thumbnail","hentry","category-deportes"],"featured_image_urls":{"full":["https:\/\/fmamiga909.com.ar\/wp-content\/uploads\/2026\/09\/wp-header-logo-101.png",720,405,false],"thumbnail":["https:\/\/fmamiga909.com.ar\/wp-content\/uploads\/2026\/09\/wp-header-logo-101-150x150.png",150,150,true],"medium":["https:\/\/fmamiga909.com.ar\/wp-content\/uploads\/2026\/09\/wp-header-logo-101-300x169.png",300,169,true],"medium_large":["https:\/\/fmamiga909.com.ar\/wp-content\/uploads\/2026\/09\/wp-header-logo-101.png",720,405,false],"large":["https:\/\/fmamiga909.com.ar\/wp-content\/uploads\/2026\/09\/wp-header-logo-101.png",640,360,false],"1536x1536":["https:\/\/fmamiga909.com.ar\/wp-content\/uploads\/2026\/09\/wp-header-logo-101.png",720,405,false],"2048x2048":["https:\/\/fmamiga909.com.ar\/wp-content\/uploads\/2026\/09\/wp-header-logo-101.png",720,405,false],"newsium-slider-full":["https:\/\/fmamiga909.com.ar\/wp-content\/uploads\/2026\/09\/wp-header-logo-101.png",720,405,false],"newsium-featured":["https:\/\/fmamiga909.com.ar\/wp-content\/uploads\/2026\/09\/wp-header-logo-101.png",720,405,false],"newsium-medium":["https:\/\/fmamiga909.com.ar\/wp-content\/uploads\/2026\/09\/wp-header-logo-101.png",720,405,false]},"author_info":{"display_name":"Fredy Giuliano","author_link":"https:\/\/fmamiga909.com.ar\/?author=3"},"category_info":"<a href=\"https:\/\/fmamiga909.com.ar\/?cat=21\" rel=\"category\">Deportes<\/a>","tag_info":"Deportes","comment_count":"0","_links":{"self":[{"href":"https:\/\/fmamiga909.com.ar\/index.php?rest_route=\/wp\/v2\/posts\/49980","targetHints":{"allow":["GET"]}}],"collection":[{"href":"https:\/\/fmamiga909.com.ar\/index.php?rest_route=\/wp\/v2\/posts"}],"about":[{"href":"https:\/\/fmamiga909.com.ar\/index.php?rest_route=\/wp\/v2\/types\/post"}],"author":[{"embeddable":true,"href":"https:\/\/fmamiga909.com.ar\/index.php?rest_route=\/wp\/v2\/users\/3"}],"replies":[{"embeddable":true,"href":"https:\/\/fmamiga909.com.ar\/index.php?rest_route=%2Fwp%2Fv2%2Fcomments&post=49980"}],"version-history":[{"count":0,"href":"https:\/\/fmamiga909.com.ar\/index.php?rest_route=\/wp\/v2\/posts\/49980\/revisions"}],"wp:featuredmedia":[{"embeddable":true,"href":"https:\/\/fmamiga909.com.ar\/index.php?rest_route=\/wp\/v2\/media\/49981"}],"wp:attachment":[{"href":"https:\/\/fmamiga909.com.ar\/index.php?rest_route=%2Fwp%2Fv2%2Fmedia&parent=49980"}],"wp:term":[{"taxonomy":"category","embeddable":true,"href":"https:\/\/fmamiga909.com.ar\/index.php?rest_route=%2Fwp%2Fv2%2Fcategories&post=49980"},{"taxonomy":"post_tag","embeddable":true,"href":"https:\/\/fmamiga909.com.ar\/index.php?rest_route=%2Fwp%2Fv2%2Ftags&post=49980"}],"curies":[{"name":"wp","href":"https:\/\/api.w.org\/{rel}","templated":true}]}}