{"id":50031,"date":"2026-09-06T05:23:43","date_gmt":"2026-09-06T05:23:43","guid":{"rendered":"https:\/\/fmamiga909.com.ar\/?p=50031"},"modified":"2026-09-06T05:23:43","modified_gmt":"2026-09-06T05:23:43","slug":"culotta-a-ole-sobre-el-regreso-de-insua-faltan-detalles-pero-se-va-a-confirmar","status":"publish","type":"post","link":"https:\/\/fmamiga909.com.ar\/?p=50031","title":{"rendered":"Culotta a Ol\u00e9 sobre el regreso de Insua: &quot;Faltan detalles, pero se va a confirmar&quot;"},"content":{"rendered":"<div id=\"storyBody\">\n<div id=\"element-body-0\" class=\"sc-df222161-0 hNvwjb\">\n<p>San Lorenzo tom\u00f3 un poco de aire, algo, peque\u00f1o, pero aire al fin este s\u00e1bado. De local en el Nuevo Gas\u00f3metro, tras d\u00edas dif\u00edciles por la salida de N\u00e9stor Gorosito como DT, <a href=\"https:\/\/www.ole.com.ar\/futbol-primera\/sanlorenzo-talleres-torneoclausura-zonaa-fecha8envivo-formaciones-ver_0_HH0izgZOAj.html\" target=\"_self\" title=\"le gan\u00f3 por 1-0 a Talleres con Walter Perazzo, DT interino\" alt=\"le gan\u00f3 por 1-0 a Talleres con Walter Perazzo, DT interino\">le gan\u00f3 por 1-0 a Talleres con Walter Perazzo como interino<\/a>. Y ya espera por la vuelta de Ruben Insua, el elegido para hacerse cargo del equipo por parte de la dirigencia que comanda Marcelo Culotta. \u00bfQu\u00e9 resta para la confirmaci\u00f3n. <strong> \u00abFaltan peque\u00f1os detalles, pero entendemos que en las pr\u00f3ximas horas se va a confirmar\u00bb, le dijo a Ol\u00e9 <\/strong> el m\u00e1ximo directivo azulgrana. <\/p>\n<\/div>\n<div id=\"element-body-1\" class=\"sc-df222161-0 hNvwjb\">\n<p><strong>\u00bfPor qu\u00e9 se eligi\u00f3 a Insua, que iniciar\u00e1 as\u00ed su tercer ciclo en el Cicl\u00f3n despu\u00e9s de su salida en 2024? \u00ab<\/strong> Fue el primer t\u00e9cnico en el pens\u00f3 esta CD y el consejo de f\u00fatbol, fuimos a las primeras conversaciones. No era sencillo porque hab\u00eda detalles que solucionar. Estamos esperando que en estas horas podamos redondear las charlas que tuvimos a la distancia. El est\u00e1 llegando en estas horas\u00bb, respondi\u00f3 Culotta. <\/p>\n<\/div>\n<div id=\"element-body-2\" class=\"sc-df222161-0 hNvwjb\">\n<p>La gente de San Lorenzo se pregunta, si todo est\u00e1 bien o avanzado, <strong>cu\u00e1ndo podr\u00eda asumir el Gallego.<\/strong> A\u00fan con cierta mesura, pero confiado, Culotta manifest\u00f3: <strong> \u00abDeber\u00eda ser el lunes que quede todo confirmado. Esperamos las pr\u00f3ximas horas para tener una charla y redondear\u00bb. <\/strong><\/p>\n<\/div>\n<div id=\"element-body-3\" class=\"sc-8712cf2e-1 brsVwg\"><figcaption class=\"JWvideoNota_title\">\n<p>El presidente de San Lorenzo, Marcelo Culotta le confirm\u00f3 a Ol\u00e9 la llegada de Rub\u00e9n Dar\u00edo Insua como director t\u00e9cnico de San Lorenzo<\/p>\n<\/figcaption><\/div>\n<p><h2><strong>El triunfo de San Lorenzo ante Talleres<\/strong><\/h2>\n<\/p>\n<p><h2><strong>Cu\u00e1ndo vuelve a jugar San Lorenzo<\/strong><\/h2>\n<\/p>\n<div id=\"element-body-7\" class=\"sc-df222161-0 hNvwjb\">\n<p>Ser\u00e1 el pr\u00f3ximo domingo 13 en Avellaneda a las 19.15 por la fecha 9 del Clausura. Se espera entonces que sea el debut de Insua. <\/p>\n<\/div>\n<div id=\"element-body-8\" class=\"sc-a7166897-0 eTTZWU\"><a href=\"https:\/\/www.ole.com.ar\/san-lorenzo\/san-lorenzo-talleres_0_YT7qkdyW8z.html\" aria-label=\"El uno por uno de San Lorenzo en la victoria ante Talleres\" class=\"sc-d4f573e5-0 bUEDsN\"\/><\/p>\n<section><picture><img alt=\"El uno por uno de San Lorenzo en la victoria ante Talleres\" loading=\"lazy\" width=\"290\" height=\"290\" decoding=\"async\" data-nimg=\"1\" style=\"color:transparent\" src=\"https:\/\/fmamiga909.com.ar\/wp-content\/uploads\/2026\/09\/Xk3jYbLjO_290x290__1.jpg\"\/><\/picture>\n<p><span>Mir\u00e1 tambi\u00e9n<\/span><\/p>\n<hr\/>\n<h3>El uno por uno de San Lorenzo en la victoria ante Talleres<\/h3>\n<\/p>\n<\/section>\n<\/div>\n<div id=\"element-body-9\" class=\"sc-a7166897-0 eTTZWU\"><a href=\"https:\/\/www.ole.com.ar\/futbol-primera\/sanlorenzo-talleres-torneoclausura-zonaa-fecha8envivo-formaciones-ver_0_HH0izgZOAj.html\" aria-label=\"Con un Far\u00edas intratable, San Lorenzo aprovech\u00f3 la ventaja num\u00e9rica y le gan\u00f3 bien a Talleres\" class=\"sc-d4f573e5-0 bUEDsN\"\/><\/p>\n<section><picture><img alt=\"Con un Far\u00edas intratable, San Lorenzo aprovech\u00f3 la ventaja num\u00e9rica y le gan\u00f3 bien a Talleres\" loading=\"lazy\" width=\"290\" height=\"290\" decoding=\"async\" data-nimg=\"1\" style=\"color:transparent\" src=\"https:\/\/fmamiga909.com.ar\/wp-content\/uploads\/2026\/09\/aMpflnK_5_290x290__1.jpg\"\/><\/picture>\n<p><span>Mir\u00e1 tambi\u00e9n<\/span><\/p>\n<hr\/>\n<h3>Con un Far\u00edas intratable, San Lorenzo aprovech\u00f3 la ventaja num\u00e9rica y le gan\u00f3 bien a Talleres<\/h3>\n<\/p>\n<\/section>\n<\/div>\n<\/div>\n<p><a href=\"https:\/\/www.ole.com.ar\/san-lorenzo\/insua-san-lorenzo-culotta-confirmacion-llega-tecnico_0_pLfQQZlnr6.html\">source<\/a><\/p>\n","protected":false},"excerpt":{"rendered":"<p>San Lorenzo tom\u00f3 un poco de aire, algo, peque\u00f1o, pero aire al fin este s\u00e1bado&#8230;.<\/p>\n","protected":false},"author":3,"featured_media":50032,"comment_status":"closed","ping_status":"closed","sticky":false,"template":"","format":"standard","meta":{"footnotes":""},"categories":[21],"tags":[],"class_list":["post-50031","post","type-post","status-publish","format-standard","has-post-thumbnail","hentry","category-deportes"],"featured_image_urls":{"full":["https:\/\/fmamiga909.com.ar\/wp-content\/uploads\/2026\/09\/wp-header-logo-109.png",290,290,false],"thumbnail":["https:\/\/fmamiga909.com.ar\/wp-content\/uploads\/2026\/09\/wp-header-logo-109-150x150.png",150,150,true],"medium":["https:\/\/fmamiga909.com.ar\/wp-content\/uploads\/2026\/09\/wp-header-logo-109.png",290,290,false],"medium_large":["https:\/\/fmamiga909.com.ar\/wp-content\/uploads\/2026\/09\/wp-header-logo-109.png",290,290,false],"large":["https:\/\/fmamiga909.com.ar\/wp-content\/uploads\/2026\/09\/wp-header-logo-109.png",290,290,false],"1536x1536":["https:\/\/fmamiga909.com.ar\/wp-content\/uploads\/2026\/09\/wp-header-logo-109.png",290,290,false],"2048x2048":["https:\/\/fmamiga909.com.ar\/wp-content\/uploads\/2026\/09\/wp-header-logo-109.png",290,290,false],"newsium-slider-full":["https:\/\/fmamiga909.com.ar\/wp-content\/uploads\/2026\/09\/wp-header-logo-109.png",290,290,false],"newsium-featured":["https:\/\/fmamiga909.com.ar\/wp-content\/uploads\/2026\/09\/wp-header-logo-109.png",290,290,false],"newsium-medium":["https:\/\/fmamiga909.com.ar\/wp-content\/uploads\/2026\/09\/wp-header-logo-109.png",290,290,false]},"author_info":{"display_name":"Fredy Giuliano","author_link":"https:\/\/fmamiga909.com.ar\/?author=3"},"category_info":"<a href=\"https:\/\/fmamiga909.com.ar\/?cat=21\" rel=\"category\">Deportes<\/a>","tag_info":"Deportes","comment_count":"0","_links":{"self":[{"href":"https:\/\/fmamiga909.com.ar\/index.php?rest_route=\/wp\/v2\/posts\/50031","targetHints":{"allow":["GET"]}}],"collection":[{"href":"https:\/\/fmamiga909.com.ar\/index.php?rest_route=\/wp\/v2\/posts"}],"about":[{"href":"https:\/\/fmamiga909.com.ar\/index.php?rest_route=\/wp\/v2\/types\/post"}],"author":[{"embeddable":true,"href":"https:\/\/fmamiga909.com.ar\/index.php?rest_route=\/wp\/v2\/users\/3"}],"replies":[{"embeddable":true,"href":"https:\/\/fmamiga909.com.ar\/index.php?rest_route=%2Fwp%2Fv2%2Fcomments&post=50031"}],"version-history":[{"count":0,"href":"https:\/\/fmamiga909.com.ar\/index.php?rest_route=\/wp\/v2\/posts\/50031\/revisions"}],"wp:featuredmedia":[{"embeddable":true,"href":"https:\/\/fmamiga909.com.ar\/index.php?rest_route=\/wp\/v2\/media\/50032"}],"wp:attachment":[{"href":"https:\/\/fmamiga909.com.ar\/index.php?rest_route=%2Fwp%2Fv2%2Fmedia&parent=50031"}],"wp:term":[{"taxonomy":"category","embeddable":true,"href":"https:\/\/fmamiga909.com.ar\/index.php?rest_route=%2Fwp%2Fv2%2Fcategories&post=50031"},{"taxonomy":"post_tag","embeddable":true,"href":"https:\/\/fmamiga909.com.ar\/index.php?rest_route=%2Fwp%2Fv2%2Ftags&post=50031"}],"curies":[{"name":"wp","href":"https:\/\/api.w.org\/{rel}","templated":true}]}}