{"id":50052,"date":"2026-09-06T16:34:32","date_gmt":"2026-09-06T16:34:32","guid":{"rendered":"https:\/\/fmamiga909.com.ar\/?p=50052"},"modified":"2026-09-06T16:34:32","modified_gmt":"2026-09-06T16:34:32","slug":"racing-volvera-a-jugar-contra-el-real-madrid","status":"publish","type":"post","link":"https:\/\/fmamiga909.com.ar\/?p=50052","title":{"rendered":"Racing volver\u00e1 a jugar contra el Real Madrid"},"content":{"rendered":"<div id=\"storyBody\">\n<div id=\"element-body-0\" class=\"sc-df222161-0 hNvwjb\">\n<p>La historia se repite. Los buenos recuerdos se mezclan con una actualidad que tambi\u00e9n alienta sue\u00f1os. Como aquel 8 de septiembre de 2025, el <a href=\"https:\/\/www.ole.com.ar\/tema\/racing.html\" title=\"Racing\" alt=\"Racing\" class=\"slug\">Racing<\/a> <strong>Sub 18 se enfrentar\u00e1 otra vez en semifinales<\/strong> contra el poderoso <a href=\"https:\/\/www.ole.com.ar\/tema\/real-madrid.html\" title=\"Real Madrid\" alt=\"Real Madrid\" class=\"slug\">Real Madrid<\/a> por el Mundial de Clubes que se desarrolla en C\u00f3rdoba, Espa\u00f1a. Este lunes se confirmar\u00e1 si ser\u00e1 televisado.<\/p>\n<\/div>\n<div id=\"element-body-1\" class=\"sc-df222161-0 hNvwjb\">\n<p>Despu\u00e9s de que la Academia <strong>venciera <a href=\"https:\/\/www.ole.com.ar\/racing\/racing-juveniles-mundial-clubes_0_2nzat0hNFz.html\" target=\"_self\" title=\" 3-1 este s\u00e1bado al C\u00f3rdoba FC \" alt=\" 3-1 este s\u00e1bado al C\u00f3rdoba FC \"> 3-1 este s\u00e1bado al C\u00f3rdoba FC<\/a><\/strong><a href=\"https:\/\/www.ole.com.ar\/racing\/racing-juveniles-mundial-clubes_0_2nzat0hNFz.html\" target=\"_self\" title=\" 3-1 este s\u00e1bado al C\u00f3rdoba FC \" alt=\" 3-1 este s\u00e1bado al C\u00f3rdoba FC \"\/> por los cuartos de final, el sorteo <strong>le puso en el camino nuevamente al Merengue<\/strong>, en una cita que tendr\u00e1 lugar este lunes, a partir de las 15 (hora de Argentina). Mientras que por el otro lado buscar\u00e1n la final <a href=\"https:\/\/www.ole.com.ar\/tema\/athletico-paranaense.html\" title=\"Athletico Paranaense\" alt=\"Athletico Paranaense\" class=\"slug\">Athl\u00e9tico Paranaense<\/a> y San Pablo, ambos de Brasil.<\/p>\n<\/div>\n<div id=\"element-body-2\" class=\"sc-df222161-0 hNvwjb\">\n<p><strong>\u00abUn verdadero orgullo verlos representar de esta forma a nuestra camiseta. Vayan por m\u00e1s. Ac\u00e1 los vamos a estar alentando\u00bb, <\/strong> fue el mensaje de Diego Milito, presidente de la instituci\u00f3n, para los juveniles a trav\u00e9s de una historia de Instagram. <\/p>\n<\/div>\n<div id=\"element-body-3\" class=\"sc-df222161-0 hNvwjb\">\n<p>En su \u00faltima presentaci\u00f3n el conjunto de Sebasti\u00e1n Belisonzi, integrado por futbolistas de Sexta y S\u00e9ptima Divisi\u00f3n, arranc\u00f3 abajo en el resultado. A los 7&#8242; ya perd\u00eda 1-0. Pero con una gran reacci\u00f3n, en s\u00f3lo tres minutos (a los 14&#8242; y a los 17&#8242;) <strong>lo dio vuelta con el doblete de Benjam\u00edn Borowik<\/strong>, mientras que Rom\u00e1n Gonz\u00e1lez (una de las figuras de la Academia y del Mundialito) <strong>se encarg\u00f3 de rematarlo en el ST<\/strong>. Y de esa manera, alcanz\u00f3 su tercera conquista en su cuenta personal en el certamen.<\/p>\n<\/div>\n<div class=\"sc-c0843421-0 iNysjD image-embed\" id=\"element-body-4\"><img alt=\"Benjam\u00edn Borowik y Rom\u00e1n Gonz\u00e1lez, goleador de Racing con tres anotaciones.\" loading=\"lazy\" width=\"720\" height=\"100\" decoding=\"async\" data-nimg=\"1\" style=\"color:transparent\" src=\"https:\/\/fmamiga909.com.ar\/wp-content\/uploads\/2026\/09\/4KHztQFjM_720x0__1.jpg\"\/><span class=\"epigraphe\">Benjam\u00edn Borowik y Rom\u00e1n Gonz\u00e1lez, goleador de Racing con tres anotaciones.<\/span><\/div>\n<div id=\"element-body-5\" class=\"sc-df222161-0 hNvwjb\">\n<p>En ese partido <strong>volvi\u00f3 a poner de entrada a los titulares<\/strong> luego de darles descanso ante la Real Sociedad. Como el equipo ya se hab\u00eda clasificado a cuartos, el DT hab\u00eda aprovechado para brindarles minutos a los suplentes.<\/p>\n<\/div>\n<p><h2>Los 11 que triunfaron en cuartos<\/h2>\n<\/p>\n<div id=\"element-body-7\" class=\"sc-df222161-0 hNvwjb\">\n<p>En dos tiempos de 40 minutos cada uno, en el Campo Villanueva, Racing tuvo a <strong>Juli\u00e1n Bado; Alex Balbuena, Juan Alfonso, Ramiro Zotelo,Valentino Ahumada; Lucas \u00c1lvarez, Luca Rodr\u00edguez Dotzel, Dante Carrasco, Erik Florent\u00edn; Benjam\u00edn Borowik y Rom\u00e1n Gonz\u00e1lez. <\/strong> Al banco fueron Owen Fern\u00e1ndez, Sebasti\u00e1n Elos\u00fa, Santiago B\u00e1rcena, Thiago G\u00f3mez, Eliseo Segovia, Enzo Ibarras, Valentino Lima, Nazareno Olivera y Jer\u00f3nimo Ortiz.<\/p>\n<\/div>\n<div class=\"sc-c0843421-0 iNysjD image-embed\" id=\"element-body-8\"><img alt=\"El mensaje de Diego Milito, presidente de Racing.\" loading=\"lazy\" width=\"720\" height=\"100\" decoding=\"async\" data-nimg=\"1\" style=\"color:transparent\" src=\"https:\/\/fmamiga909.com.ar\/wp-content\/uploads\/2026\/09\/p7OuZY-0g_720x0__1.jpg\"\/><span class=\"epigraphe\">El mensaje de Diego Milito, presidente de Racing.<\/span><\/div>\n<div id=\"element-body-9\" class=\"sc-df222161-0 hNvwjb\">\n<p>Con una campa\u00f1a convincente, <strong>la Acad\u00e9 re\u00fane puntaje ideal al haber ganado los cinco juegos<\/strong> que afront\u00f3 hasta ac\u00e1: 3-1 al <a href=\"https:\/\/www.ole.com.ar\/tema\/bayer-leverkusen.html\" title=\"Bayer Leverkusen\" alt=\"Bayer Leverkusen\" class=\"slug\">Bayer Leverkusen<\/a> de Alemania, 1-0 al Betis, 1-0 a la <a href=\"https:\/\/www.ole.com.ar\/tema\/real-sociedad.html\" title=\"Real Sociedad\" alt=\"Real Sociedad\" class=\"slug\">Real Sociedad<\/a> y el reciente 3-1 al C\u00f3rdoba.<\/p>\n<\/div>\n<div class=\"sc-c0843421-0 iNysjD image-embed\" id=\"element-body-10\"><img alt=\"Los pibes que viajaron a Espa\u00f1a.\" loading=\"lazy\" width=\"720\" height=\"100\" decoding=\"async\" data-nimg=\"1\" style=\"color:transparent\" src=\"https:\/\/fmamiga909.com.ar\/wp-content\/uploads\/2026\/09\/9NFDsscc2_720x0__1.jpg\"\/><span class=\"epigraphe\">Los pibes que viajaron a Espa\u00f1a.<\/span><\/div>\n<p><h2>Los sobrevivientes del plantel de 2025 <\/h2>\n<\/p>\n<div id=\"element-body-12\" class=\"sc-df222161-0 hNvwjb\">\n<p>En la edici\u00f3n del a\u00f1o pasado los aquellos juveniles de Racing (los dirig\u00eda el Chaco Mat\u00edas Mart\u00ednez) <strong>superaron al Madrid en semi por 2-1<\/strong>, con goles de Bautista P\u00e9rez (hoy en la Reserva) y Aquiles Mansilla (se fue del club), quien hab\u00eda terminado como m\u00e1ximo artillero del torneo con cuatro anotaciones. Posteriormente, los pibes <strong>cayeron 1-0 ante el Barcelona en la m\u00e1xima instancia<\/strong>.<\/p>\n<\/div>\n<div id=\"element-body-13\" class=\"sc-df222161-0 hNvwjb\">\n<p>De aquella delegaci\u00f3n del a\u00f1o pasado, <strong>hoy vuelven a disputar la competencia nueve de ellos<\/strong>: <strong>Alex Balbuena, Lucas \u00c1lvarez, Thiago G\u00f3mez, Ramiro Zotelo, Valentino Ahumada, Erik Florent\u00edn, Benjam\u00edn Borowic, Thiago G\u00f3mez, Santiago B\u00e1rcena y Enzo Ibarras.<\/strong><\/p>\n<\/div>\n<div id=\"element-body-14\" class=\"sc-df222161-0 hNvwjb\">\n<p>Estos hab\u00edan sido los 11 que representaron a la Academia ante el Real: <strong>Nicol\u00e1s Monges; Juan Quiroz, Thiago G\u00f3mez, Joaqu\u00edn Dobal, Jerem\u00edas Arias; Mateo Melluso, Bautista P\u00e9rez; Ezequiel P\u00e9rez, Erik Florent\u00edn, Benjam\u00edn Fischer; Aquiles Mansilla.<\/strong><\/p>\n<\/div>\n<div id=\"element-body-15\" class=\"sc-df222161-0 hNvwjb\">\n<p>Los pibes quieren volver a estar en la final y tomarse revancha. <\/p>\n<\/div>\n<div id=\"element-body-16\" class=\"sc-a7166897-0 eTTZWU\"><a href=\"https:\/\/www.ole.com.ar\/futbol-internacional\/america\/gustavo-costas-primer-triunfo-cerro-porteno-termina-caliente_0_DOgbgELtMO.html\" aria-label=\"Gustavo Costas consigui\u00f3 su primer triunfo en Cerro Porte\u00f1o pero igual se fue caliente\" class=\"sc-d4f573e5-0 bUEDsN\"\/><\/p>\n<section><picture><img alt=\"Gustavo Costas consigui\u00f3 su primer triunfo en Cerro Porte\u00f1o pero igual se fue caliente\" loading=\"lazy\" width=\"290\" height=\"290\" decoding=\"async\" data-nimg=\"1\" style=\"color:transparent\" src=\"https:\/\/fmamiga909.com.ar\/wp-content\/uploads\/2026\/09\/1788712471_997_kkqvZRbwN_290x290__1.jpg\"\/><\/picture>\n<p><span>Mir\u00e1 tambi\u00e9n<\/span><\/p>\n<hr\/>\n<h3>Gustavo Costas consigui\u00f3 su primer triunfo en Cerro Porte\u00f1o pero igual se fue caliente<\/h3>\n<\/p>\n<\/section>\n<\/div>\n<div id=\"element-body-17\" class=\"sc-a7166897-0 eTTZWU\"><a href=\"https:\/\/www.ole.com.ar\/independiente-rivadavia\/independiente-rivadavia-river-monumental_0_HQAcYHRiW2.html\" aria-label=\"Sin Salas, el equipo anti River de Independiente Rivadavia\" class=\"sc-d4f573e5-0 bUEDsN\"\/><\/p>\n<section><picture><img alt=\"Sin Salas, el equipo anti River de Independiente Rivadavia\" loading=\"lazy\" width=\"290\" height=\"290\" decoding=\"async\" data-nimg=\"1\" style=\"color:transparent\" src=\"https:\/\/fmamiga909.com.ar\/wp-content\/uploads\/2026\/09\/gl2OmrjLk_290x290__1.jpg\"\/><\/picture>\n<p><span>Mir\u00e1 tambi\u00e9n<\/span><\/p>\n<hr\/>\n<h3>Sin Salas, el equipo anti River de Independiente Rivadavia<\/h3>\n<\/p>\n<\/section>\n<\/div>\n<div id=\"element-body-18\" class=\"sc-a7166897-0 eTTZWU\"><a href=\"https:\/\/www.ole.com.ar\/boca-juniors\/satas-50-pibes-debutaron-boca-gestion-riquelme_0_iCk4bxm8kq.html\" aria-label=\"Con Mat\u00edas Satas, el uno por uno de los 50 pibes que debutaron en Boca en la era Riquelme\" class=\"sc-d4f573e5-0 bUEDsN\"\/><\/p>\n<section><picture><img alt=\"Con Mat\u00edas Satas, el uno por uno de los 50 pibes que debutaron en Boca en la era Riquelme\" loading=\"lazy\" width=\"290\" height=\"290\" decoding=\"async\" data-nimg=\"1\" style=\"color:transparent\" src=\"https:\/\/fmamiga909.com.ar\/wp-content\/uploads\/2026\/09\/1788712472_222_LkBNmVOua_290x290__1.jpg\"\/><\/picture>\n<p><span>Mir\u00e1 tambi\u00e9n<\/span><\/p>\n<hr\/>\n<h3>Con Mat\u00edas Satas, el uno por uno de los 50 pibes que debutaron en Boca en la era Riquelme<\/h3>\n<\/p>\n<\/section>\n<\/div>\n<div id=\"element-body-19\" class=\"sc-a7166897-0 eTTZWU\"><a href=\"https:\/\/www.ole.com.ar\/futbol-ascenso\/b-nacional\/lucha-primera-nacional-zonas-posiciones-descenso-reducido_0_CI9nlgYA6K.html\" aria-label=\"As\u00ed est\u00e1 la lucha en la Primera Nacional: los dos posibles finalistas, la picante lucha por el Reducido y los grandes que tienen riesgo de descender\" class=\"sc-d4f573e5-0 bUEDsN\"\/><\/p>\n<section><picture><img alt=\"As\u00ed est\u00e1 la lucha en la Primera Nacional: los dos posibles finalistas, la picante lucha por el Reducido y los grandes que tienen riesgo de descender\" loading=\"lazy\" width=\"290\" height=\"290\" decoding=\"async\" data-nimg=\"1\" style=\"color:transparent\" src=\"https:\/\/fmamiga909.com.ar\/wp-content\/uploads\/2026\/09\/1788712472_849__DHsEhF-z_290x290__1.jpg\"\/><\/picture>\n<p><span>Mir\u00e1 tambi\u00e9n<\/span><\/p>\n<hr\/>\n<h3>As\u00ed est\u00e1 la lucha en la Primera Nacional: los dos posibles finalistas, la picante lucha por el Reducido y los grandes que tienen riesgo de descender<\/h3>\n<\/p>\n<\/section>\n<\/div>\n<div id=\"element-body-20\" class=\"sc-a7166897-0 eTTZWU\"><a href=\"https:\/\/www.ole.com.ar\/agenda-deportiva\/partidos-hoy-domingo-6-septiembre-horario-ver-futbol-vivo-tv-online-formaciones_0_J7vPs2Uv2m.html\" aria-label=\"Partidos de HOY, domingo 6 de septiembre: agenda, horario y por d\u00f3nde ver f\u00fatbol EN VIVO&#10;\" class=\"sc-d4f573e5-0 bUEDsN\"\/><\/p>\n<section><picture><img alt=\"Partidos de HOY, domingo 6 de septiembre: agenda, horario y por d\u00f3nde ver f\u00fatbol EN VIVO&#10;\" loading=\"lazy\" width=\"290\" height=\"290\" decoding=\"async\" data-nimg=\"1\" style=\"color:transparent\" src=\"https:\/\/fmamiga909.com.ar\/wp-content\/uploads\/2026\/09\/BNJq3YwMd_290x290__1.jpg\"\/><\/picture>\n<p><span>Mir\u00e1 tambi\u00e9n<\/span><\/p>\n<hr\/>\n<h3>Partidos de HOY, domingo 6 de septiembre: agenda, horario y por d\u00f3nde ver f\u00fatbol EN VIVO<br \/>\n<\/h3>\n<\/p>\n<\/section>\n<\/div>\n<div id=\"element-body-21\" class=\"sc-a7166897-0 eTTZWU\"><a href=\"https:\/\/www.ole.com.ar\/autos\/quedaron-posiciones-formula1-gpmonza-italia_0_0jPd7TCPSu.html\" aria-label=\"As\u00ed quedaron las posiciones de la F\u00f3rmula 1 tras el GP de Monza\" class=\"sc-d4f573e5-0 bUEDsN\"\/><\/p>\n<section><picture><img alt=\"As\u00ed quedaron las posiciones de la F\u00f3rmula 1 tras el GP de Monza\" loading=\"lazy\" width=\"290\" height=\"290\" decoding=\"async\" data-nimg=\"1\" style=\"color:transparent\" src=\"https:\/\/fmamiga909.com.ar\/wp-content\/uploads\/2026\/09\/BfjVoLjH0_290x290__1.jpg\"\/><\/picture>\n<p><span>Mir\u00e1 tambi\u00e9n<\/span><\/p>\n<hr\/>\n<h3>As\u00ed quedaron las posiciones de la F\u00f3rmula 1 tras el GP de Monza<\/h3>\n<\/p>\n<\/section>\n<\/div>\n<\/div>\n<p><a href=\"https:\/\/www.ole.com.ar\/racing\/racing-real-madrid-semifinales_0_uvIFlFetJK.html\">source<\/a><\/p>\n","protected":false},"excerpt":{"rendered":"<p>La historia se repite. Los buenos recuerdos se mezclan con una actualidad que tambi\u00e9n alienta&#8230;<\/p>\n","protected":false},"author":3,"featured_media":50053,"comment_status":"closed","ping_status":"closed","sticky":false,"template":"","format":"standard","meta":{"footnotes":""},"categories":[21],"tags":[],"class_list":["post-50052","post","type-post","status-publish","format-standard","has-post-thumbnail","hentry","category-deportes"],"featured_image_urls":{"full":["https:\/\/fmamiga909.com.ar\/wp-content\/uploads\/2026\/09\/wp-header-logo-112.png",720,523,false],"thumbnail":["https:\/\/fmamiga909.com.ar\/wp-content\/uploads\/2026\/09\/wp-header-logo-112-150x150.png",150,150,true],"medium":["https:\/\/fmamiga909.com.ar\/wp-content\/uploads\/2026\/09\/wp-header-logo-112-300x218.png",300,218,true],"medium_large":["https:\/\/fmamiga909.com.ar\/wp-content\/uploads\/2026\/09\/wp-header-logo-112.png",720,523,false],"large":["https:\/\/fmamiga909.com.ar\/wp-content\/uploads\/2026\/09\/wp-header-logo-112.png",640,465,false],"1536x1536":["https:\/\/fmamiga909.com.ar\/wp-content\/uploads\/2026\/09\/wp-header-logo-112.png",720,523,false],"2048x2048":["https:\/\/fmamiga909.com.ar\/wp-content\/uploads\/2026\/09\/wp-header-logo-112.png",720,523,false],"newsium-slider-full":["https:\/\/fmamiga909.com.ar\/wp-content\/uploads\/2026\/09\/wp-header-logo-112.png",720,523,false],"newsium-featured":["https:\/\/fmamiga909.com.ar\/wp-content\/uploads\/2026\/09\/wp-header-logo-112.png",720,523,false],"newsium-medium":["https:\/\/fmamiga909.com.ar\/wp-content\/uploads\/2026\/09\/wp-header-logo-112-720x475.png",720,475,true]},"author_info":{"display_name":"Fredy Giuliano","author_link":"https:\/\/fmamiga909.com.ar\/?author=3"},"category_info":"<a href=\"https:\/\/fmamiga909.com.ar\/?cat=21\" rel=\"category\">Deportes<\/a>","tag_info":"Deportes","comment_count":"0","_links":{"self":[{"href":"https:\/\/fmamiga909.com.ar\/index.php?rest_route=\/wp\/v2\/posts\/50052","targetHints":{"allow":["GET"]}}],"collection":[{"href":"https:\/\/fmamiga909.com.ar\/index.php?rest_route=\/wp\/v2\/posts"}],"about":[{"href":"https:\/\/fmamiga909.com.ar\/index.php?rest_route=\/wp\/v2\/types\/post"}],"author":[{"embeddable":true,"href":"https:\/\/fmamiga909.com.ar\/index.php?rest_route=\/wp\/v2\/users\/3"}],"replies":[{"embeddable":true,"href":"https:\/\/fmamiga909.com.ar\/index.php?rest_route=%2Fwp%2Fv2%2Fcomments&post=50052"}],"version-history":[{"count":0,"href":"https:\/\/fmamiga909.com.ar\/index.php?rest_route=\/wp\/v2\/posts\/50052\/revisions"}],"wp:featuredmedia":[{"embeddable":true,"href":"https:\/\/fmamiga909.com.ar\/index.php?rest_route=\/wp\/v2\/media\/50053"}],"wp:attachment":[{"href":"https:\/\/fmamiga909.com.ar\/index.php?rest_route=%2Fwp%2Fv2%2Fmedia&parent=50052"}],"wp:term":[{"taxonomy":"category","embeddable":true,"href":"https:\/\/fmamiga909.com.ar\/index.php?rest_route=%2Fwp%2Fv2%2Fcategories&post=50052"},{"taxonomy":"post_tag","embeddable":true,"href":"https:\/\/fmamiga909.com.ar\/index.php?rest_route=%2Fwp%2Fv2%2Ftags&post=50052"}],"curies":[{"name":"wp","href":"https:\/\/api.w.org\/{rel}","templated":true}]}}