{"id":50066,"date":"2026-09-06T16:40:14","date_gmt":"2026-09-06T16:40:14","guid":{"rendered":"https:\/\/fmamiga909.com.ar\/?p=50066"},"modified":"2026-09-06T16:40:14","modified_gmt":"2026-09-06T16:40:14","slug":"las-lagrimas-y-frustracion-de-colapinto-desaproveche-una-oportunidad-muy-importante","status":"publish","type":"post","link":"https:\/\/fmamiga909.com.ar\/?p=50066","title":{"rendered":"Las l\u00e1grimas y frustraci\u00f3n de Colapinto: \u201cDesaprovech\u00e9 una oportunidad muy importante\u201d"},"content":{"rendered":"<div id=\"storyBody\">\n<div id=\"element-body-0\" class=\"sc-df222161-0 hNvwjb\">\n<p><strong><a href=\"https:\/\/www.ole.com.ar\/tema\/franco-colapinto.html\" title=\"Franco Colapinto\" alt=\"Franco Colapinto\" class=\"slug\">Franco Colapinto<\/a> termin\u00f3 el Gran Premio de Italia<\/strong> con una mezcla dif\u00edcil de explicar. Porque si bien se hab\u00eda mandado un carrer\u00f3n tras superar a nueve autos, el error que lo dej\u00f3 lejos de los puestos de adelante tap\u00f3 lo anterior por el <strong>dolor de saber que hab\u00eda tenido entre manos una oportunidad enorme<\/strong> y que \u00e9l mismo sinti\u00f3 que la hab\u00eda dejado escapar.<\/p>\n<\/div>\n<div id=\"element-body-1\" class=\"sc-df222161-0 hNvwjb\">\n<p>El argentino hab\u00eda largado en una posici\u00f3n importante para Alpine, 7\u00b0, y durante los primeros compases de la carrera se ilusion\u00f3 con algo grande. En el relanzamiento ya picaba 4\u00b0 y hasta estuvo 3\u00b0 tras superar a Max Verstappen. Sin embargo, <strong>un despiste cambi\u00f3 por completo el panorama<\/strong> y lo oblig\u00f3 a remontar desde atr\u00e1s. Y lo hizo. Con ritmo, sobrepasos y una enorme reacci\u00f3n, Colapinto <strong>recuper\u00f3 siete posiciones para terminar noveno y sumar dos puntos<\/strong>.<\/p>\n<\/div>\n<div id=\"element-body-2\" class=\"sc-df222161-0 hNvwjb\">\n<p>Pero cuando lleg\u00f3 el momento de hablar frente a las c\u00e1maras, la frsutraci\u00f3n pudo m\u00e1s. Colapinto intent\u00f3 explicar sus sensaciones, pero <strong>la emoci\u00f3n le gan\u00f3 y termin\u00f3 quebr\u00e1ndose<\/strong> mientras hablaba de <strong>la oportunidad que hab\u00eda perdido<\/strong>.<\/p>\n<\/div>\n<div class=\"sc-c0843421-0 iNysjD image-embed\" id=\"element-body-3\"><img alt=\"Colapinto se fue de pista y perdi\u00f3 muchas posiciones.\" loading=\"lazy\" width=\"720\" height=\"100\" decoding=\"async\" data-nimg=\"1\" style=\"color:transparent\" src=\"https:\/\/fmamiga909.com.ar\/wp-content\/uploads\/2026\/09\/vi192_Sg3_720x0__1.jpg\"\/><span class=\"epigraphe\">Colapinto se fue de pista y perdi\u00f3 muchas posiciones.<\/span><\/div>\n<div id=\"element-body-4\" class=\"sc-df222161-0 hNvwjb\">\n<p><strong>\u201cPor un lado estoy un poco triste, pero por el otro lado fue una buena recuperaci\u00f3n\u201d<\/strong>, alcanz\u00f3 a decir inicialmente, antes de resumir lo que hab\u00eda sido una carrera muy dura para \u00e9l.<\/p>\n<\/div>\n<div id=\"element-body-5\" class=\"sc-df222161-0 hNvwjb\">\n<p>\u201cS\u00ed, una carrera dura. Nada, muy frustrante, creo que <strong>ten\u00eda una gran oportunidad y&#8230; yo no la aprovech\u00e9<\/strong>\u201d, expres\u00f3 el argentino, con la voz cada vez m\u00e1s afectada y las l\u00e1grimas ya cayendo sobre su rostro.<\/p>\n<\/div>\n<div id=\"element-body-6\" class=\"sc-df222161-0 hNvwjb\">\n<p>Y ah\u00ed apareci\u00f3 la frase que mejor reflej\u00f3 su estado de \u00e1nimo: <strong>\u201cTriste, triste por eso\u201d<\/strong>.<\/p>\n<\/div>\n<div class=\"sc-c0843421-0 iNysjD image-embed\" id=\"element-body-7\"><img alt=\"Colapinto tuvo un espectacular comienzo en Monza y lleg\u00f3 a estar 3\u00b0.\" loading=\"lazy\" width=\"720\" height=\"100\" decoding=\"async\" data-nimg=\"1\" style=\"color:transparent\" src=\"https:\/\/fmamiga909.com.ar\/wp-content\/uploads\/2026\/09\/VAIsEBZ9o_720x0__1.jpg\"\/><span class=\"epigraphe\">Colapinto tuvo un espectacular comienzo en Monza y lleg\u00f3 a estar 3\u00b0.<\/span><\/div>\n<div id=\"element-body-8\" class=\"sc-df222161-0 hNvwjb\">\n<p>Colapinto sab\u00eda que <strong>el resultado final pod\u00eda haber sido mucho mejor<\/strong>. No se qued\u00f3 solamente con los dos puntos conseguidos, sino que volvi\u00f3 una y otra vez sobre aquello que hab\u00eda quedado pendiente: la posibilidad de haber peleado por algo mucho m\u00e1s importante.<\/p>\n<\/div>\n<div id=\"element-body-9\" class=\"sc-df222161-0 hNvwjb\">\n<p>\u201cCreo que podr\u00eda haber sido una gran carrera y un gran error as\u00ed\u201d, reconoci\u00f3 el joven de 23 a\u00f1os.<\/p>\n<\/div>\n<div id=\"element-body-10\" class=\"sc-df222161-0 hNvwjb\">\n<p>El piloto de Alpine <strong>tampoco busc\u00f3 excusas<\/strong>. <strong>Se hizo cargo de lo ocurrido<\/strong> y remarc\u00f3 cu\u00e1nto significaba esa oportunidad para \u00e9l y para el equipo.<\/p>\n<\/div>\n<div id=\"element-body-11\" class=\"sc-df222161-0 hNvwjb\">\n<p>\u201cNada, <strong>desaprovech\u00e9 una oportunidad muy importante<\/strong> para el equipo y para m\u00ed\u201d, dijo, antes de volver a emocionarse.<\/p>\n<\/div>\n<div id=\"element-body-12\" class=\"sc-df222161-0 hNvwjb\">\n<p><strong>La entrevista qued\u00f3 entonces inconclusa<\/strong>. Colapinto intent\u00f3 seguir hablando, pero <strong>las l\u00e1grimas y la frustraci\u00f3n pudieron m\u00e1s<\/strong>. Apenas logr\u00f3 cerrar con una mirada hacia adelante: <strong>\u201cUn poco triste, pero aprender de esto\u201d<\/strong>.<\/p>\n<\/div>\n<div id=\"element-body-13\" class=\"sc-df222161-0 hNvwjb\">\n<p>Ese fue, justamente, el contraste de una jornada que tuvo dos caras para el argentino. El error le impidi\u00f3 aprovechar una oportunidad que pod\u00eda haber cambiado su domingo, pero su reacci\u00f3n posterior tambi\u00e9n mostr\u00f3 su capacidad para reponerse. Desde el fondo, <strong>recuper\u00f3 siete lugares y termin\u00f3 en los puntos<\/strong>.<\/p>\n<\/div>\n<div id=\"element-body-14\" class=\"sc-df222161-0 hNvwjb\">\n<p><strong>El noveno puesto le permiti\u00f3 sumar<\/strong>, pero para Colapinto el resultado qued\u00f3 inevitablemente atravesado por el \u201cqu\u00e9 hubiera pasado si&#8230;\u201d. Monza le dej\u00f3 puntos, <strong>una gran remontada y, sobre todo, una lecci\u00f3n<\/strong> que el propio argentino se llev\u00f3 entre l\u00e1grimas y tristeza.<\/p>\n<\/div>\n<p><h2>Video: el llanto de Colapinto tras la carrera de Monza<\/h2>\n<\/p>\n<div id=\"element-body-17\" class=\"sc-a7166897-0 eTTZWU\"><a href=\"https:\/\/www.ole.com.ar\/autos\/historia-kimi-antonelli-gano-gp-italia-60-anos_0_eVaaateovn.html\" aria-label=\"Historia pura: Kimi Antonelli larg\u00f3 19\u00b0, gan\u00f3 y le devolvi\u00f3 la gloria a Italia tras 60 a\u00f1os\" class=\"sc-d4f573e5-0 bUEDsN\"\/><\/p>\n<section><picture><img alt=\"Historia pura: Kimi Antonelli larg\u00f3 19\u00b0, gan\u00f3 y le devolvi\u00f3 la gloria a Italia tras 60 a\u00f1os\" loading=\"lazy\" width=\"290\" height=\"290\" decoding=\"async\" data-nimg=\"1\" style=\"color:transparent\" src=\"https:\/\/fmamiga909.com.ar\/wp-content\/uploads\/2026\/09\/71yP1UWUi_290x290__1.jpg\"\/><\/picture>\n<p><span>Mir\u00e1 tambi\u00e9n<\/span><\/p>\n<hr\/>\n<h3>Historia pura: Kimi Antonelli larg\u00f3 19\u00b0, gan\u00f3 y le devolvi\u00f3 la gloria a Italia tras 60 a\u00f1os<\/h3>\n<\/p>\n<\/section>\n<\/div>\n<div id=\"element-body-18\" class=\"sc-a7166897-0 eTTZWU\"><a href=\"https:\/\/www.ole.com.ar\/autos\/quedaron-posiciones-formula1-gpmonza-italia_0_0jPd7TCPSu.html\" aria-label=\"As\u00ed quedaron las posiciones de la F\u00f3rmula 1 tras el GP de Monza\" class=\"sc-d4f573e5-0 bUEDsN\"\/><\/p>\n<section><picture><img alt=\"As\u00ed quedaron las posiciones de la F\u00f3rmula 1 tras el GP de Monza\" loading=\"lazy\" width=\"290\" height=\"290\" decoding=\"async\" data-nimg=\"1\" style=\"color:transparent\" src=\"https:\/\/fmamiga909.com.ar\/wp-content\/uploads\/2026\/09\/1788712814_40_BfjVoLjH0_290x290__1.jpg\"\/><\/picture>\n<p><span>Mir\u00e1 tambi\u00e9n<\/span><\/p>\n<hr\/>\n<h3>As\u00ed quedaron las posiciones de la F\u00f3rmula 1 tras el GP de Monza<\/h3>\n<\/p>\n<\/section>\n<\/div>\n<div id=\"element-body-19\" class=\"sc-a7166897-0 eTTZWU\"><a href=\"https:\/\/www.ole.com.ar\/autos\/franco-colapinto-formula1-gpdeitalia2026-monza-alpine-f1-envivo-aquehoracorre-grilla-partida_0_KpUYPkqgyE.html\" aria-label=\"De pelear por la punta a despistarse y un carrer\u00f3n: Colapinto remont\u00f3 7 puestos y termin\u00f3 9\u00b0 en Monza\" class=\"sc-d4f573e5-0 bUEDsN\"\/><\/p>\n<section><picture><img alt=\"De pelear por la punta a despistarse y un carrer\u00f3n: Colapinto remont\u00f3 7 puestos y termin\u00f3 9\u00b0 en Monza\" loading=\"lazy\" width=\"290\" height=\"290\" decoding=\"async\" data-nimg=\"1\" style=\"color:transparent\" src=\"https:\/\/fmamiga909.com.ar\/wp-content\/uploads\/2026\/09\/1788712814_895_AuSUSm5wf_290x290__1.jpg\"\/><\/picture>\n<p><span>Mir\u00e1 tambi\u00e9n<\/span><\/p>\n<hr\/>\n<h3>De pelear por la punta a despistarse y un carrer\u00f3n: Colapinto remont\u00f3 7 puestos y termin\u00f3 9\u00b0 en Monza<\/h3>\n<\/p>\n<\/section>\n<\/div>\n<\/div>\n<p><a href=\"https:\/\/www.ole.com.ar\/autos\/colapinto-lagrimas-monza-frsutracion-formula1_0_49179JAhXV.html\">source<\/a><\/p>\n","protected":false},"excerpt":{"rendered":"<p>Franco Colapinto termin\u00f3 el Gran Premio de Italia con una mezcla dif\u00edcil de explicar. Porque&#8230;<\/p>\n","protected":false},"author":3,"featured_media":50067,"comment_status":"closed","ping_status":"closed","sticky":false,"template":"","format":"standard","meta":{"footnotes":""},"categories":[21],"tags":[],"class_list":["post-50066","post","type-post","status-publish","format-standard","has-post-thumbnail","hentry","category-deportes"],"featured_image_urls":{"full":["https:\/\/fmamiga909.com.ar\/wp-content\/uploads\/2026\/09\/wp-header-logo-114.png",720,405,false],"thumbnail":["https:\/\/fmamiga909.com.ar\/wp-content\/uploads\/2026\/09\/wp-header-logo-114-150x150.png",150,150,true],"medium":["https:\/\/fmamiga909.com.ar\/wp-content\/uploads\/2026\/09\/wp-header-logo-114-300x169.png",300,169,true],"medium_large":["https:\/\/fmamiga909.com.ar\/wp-content\/uploads\/2026\/09\/wp-header-logo-114.png",720,405,false],"large":["https:\/\/fmamiga909.com.ar\/wp-content\/uploads\/2026\/09\/wp-header-logo-114.png",640,360,false],"1536x1536":["https:\/\/fmamiga909.com.ar\/wp-content\/uploads\/2026\/09\/wp-header-logo-114.png",720,405,false],"2048x2048":["https:\/\/fmamiga909.com.ar\/wp-content\/uploads\/2026\/09\/wp-header-logo-114.png",720,405,false],"newsium-slider-full":["https:\/\/fmamiga909.com.ar\/wp-content\/uploads\/2026\/09\/wp-header-logo-114.png",720,405,false],"newsium-featured":["https:\/\/fmamiga909.com.ar\/wp-content\/uploads\/2026\/09\/wp-header-logo-114.png",720,405,false],"newsium-medium":["https:\/\/fmamiga909.com.ar\/wp-content\/uploads\/2026\/09\/wp-header-logo-114.png",720,405,false]},"author_info":{"display_name":"Fredy Giuliano","author_link":"https:\/\/fmamiga909.com.ar\/?author=3"},"category_info":"<a href=\"https:\/\/fmamiga909.com.ar\/?cat=21\" rel=\"category\">Deportes<\/a>","tag_info":"Deportes","comment_count":"0","_links":{"self":[{"href":"https:\/\/fmamiga909.com.ar\/index.php?rest_route=\/wp\/v2\/posts\/50066","targetHints":{"allow":["GET"]}}],"collection":[{"href":"https:\/\/fmamiga909.com.ar\/index.php?rest_route=\/wp\/v2\/posts"}],"about":[{"href":"https:\/\/fmamiga909.com.ar\/index.php?rest_route=\/wp\/v2\/types\/post"}],"author":[{"embeddable":true,"href":"https:\/\/fmamiga909.com.ar\/index.php?rest_route=\/wp\/v2\/users\/3"}],"replies":[{"embeddable":true,"href":"https:\/\/fmamiga909.com.ar\/index.php?rest_route=%2Fwp%2Fv2%2Fcomments&post=50066"}],"version-history":[{"count":0,"href":"https:\/\/fmamiga909.com.ar\/index.php?rest_route=\/wp\/v2\/posts\/50066\/revisions"}],"wp:featuredmedia":[{"embeddable":true,"href":"https:\/\/fmamiga909.com.ar\/index.php?rest_route=\/wp\/v2\/media\/50067"}],"wp:attachment":[{"href":"https:\/\/fmamiga909.com.ar\/index.php?rest_route=%2Fwp%2Fv2%2Fmedia&parent=50066"}],"wp:term":[{"taxonomy":"category","embeddable":true,"href":"https:\/\/fmamiga909.com.ar\/index.php?rest_route=%2Fwp%2Fv2%2Fcategories&post=50066"},{"taxonomy":"post_tag","embeddable":true,"href":"https:\/\/fmamiga909.com.ar\/index.php?rest_route=%2Fwp%2Fv2%2Ftags&post=50066"}],"curies":[{"name":"wp","href":"https:\/\/api.w.org\/{rel}","templated":true}]}}