{"id":50074,"date":"2026-09-06T16:42:15","date_gmt":"2026-09-06T16:42:15","guid":{"rendered":"https:\/\/fmamiga909.com.ar\/?p=50074"},"modified":"2026-09-06T16:42:15","modified_gmt":"2026-09-06T16:42:15","slug":"la-fuerte-banca-de-alpine-a-colapinto-y-gasly-despues-de-un-gp-de-monza-con-sabor-a-poco","status":"publish","type":"post","link":"https:\/\/fmamiga909.com.ar\/?p=50074","title":{"rendered":"La fuerte banca de Alpine a Colapinto y Gasly despu\u00e9s de un GP de Monza con sabor a poco"},"content":{"rendered":"<div id=\"storyBody\">\n<div id=\"element-body-0\" class=\"sc-df222161-0 hNvwjb\">\n<p><strong><a href=\"https:\/\/www.ole.com.ar\/tema\/alpine.html\" title=\"Alpine\" alt=\"Alpine\" class=\"slug\">Alpine<\/a><\/strong> eligi\u00f3 ver el vaso medio lleno. O, al menos, eso fue lo que decidi\u00f3 mostrar p\u00fablicamente despu\u00e9s de un Gran Premio de Italia que termin\u00f3 dejando sensaciones bastante m\u00e1s amargas de las que pod\u00edan imaginarse antes de que comenzara la carrera. Apenas termin\u00f3 la competencia en Monza, y luego de las l\u00e1grimas de <strong><a href=\"https:\/\/www.ole.com.ar\/tema\/franco-colapinto.html\" title=\"Franco Colapinto\" alt=\"Franco Colapinto\" class=\"slug\">Franco Colapinto<\/a><\/strong> frente a las c\u00e1maras, <strong>la escuder\u00eda francesa sali\u00f3 a bancar con fuerza a sus dos pilotos<\/strong> a trav\u00e9s de sus redes sociales.<\/p>\n<\/div>\n<div id=\"element-body-1\" class=\"sc-df222161-0 hNvwjb\">\n<p>\u201cOrgullosos de nuestros muchachos\u201d, public\u00f3 Alpine junto a una foto de <strong><a href=\"https:\/\/www.ole.com.ar\/tema\/pierre-gasly.html\" title=\"Pierre Gasly\" alt=\"Pierre Gasly\" class=\"slug\">Pierre Gasly<\/a><\/strong> y <strong>Colapinto<\/strong>, destacando la <strong>jornada de doble puntaje<\/strong>, con el <strong>franc\u00e9s en el s\u00e9ptimo lugar y el argentino en el noveno<\/strong>. Poco despu\u00e9s lleg\u00f3 otro mensaje para remarcar el resultado colectivo: \u201cSumando 8 puntos a nuestra cuenta\u201d.<\/p>\n<\/div>\n<div id=\"element-body-3\" class=\"sc-df222161-0 hNvwjb\">\n<p>Y hubo tambi\u00e9n mensajes individuales. Para el argentino, <strong>Alpine escribi\u00f3: \u201c\u00a1Qu\u00e9 conducci\u00f3n, Franco!\u201d<\/strong>. Para <strong>Gasly, que hab\u00eda partido desde la pole position y termin\u00f3 s\u00e9ptimo<\/strong>, el reconocimiento fue: \u201cBien hecho Pierre, estamos orgullosos de vos. M\u00e1s puntos en el banco\u201d.<\/p>\n<\/div>\n<div class=\"sc-c0843421-0 iNysjD image-embed\" id=\"element-body-4\"><img alt=\"El llanto de Franco Colapinto tras la carrera de la F\u00f3rmula 1 en Monza.\" loading=\"lazy\" width=\"720\" height=\"100\" decoding=\"async\" data-nimg=\"1\" style=\"color:transparent\" src=\"https:\/\/fmamiga909.com.ar\/wp-content\/uploads\/2026\/09\/Fw2cXgALa_720x0__1.jpg\"\/><span class=\"epigraphe\">El llanto de Franco Colapinto tras la carrera de la F\u00f3rmula 1 en Monza.<\/span><\/div>\n<div id=\"element-body-5\" class=\"sc-df222161-0 hNvwjb\">\n<p>El tono elegido por el equipo fue claro. <strong>Alpine decidi\u00f3 poner el acento en los ocho puntos conseguidos, en el doble ingreso al top 10<\/strong> y en el crecimiento que signific\u00f3 para el campeonato. Y es una lectura v\u00e1lida, aunque seguramente no sea la que dominaba dentro del box una vez que cay\u00f3 la bandera de cuadros.<\/p>\n<\/div>\n<div id=\"element-body-6\" class=\"sc-df222161-0 hNvwjb\">\n<p>Porque Monza pod\u00eda haber sido mucho m\u00e1s para Alpine.<\/p>\n<\/div>\n<div id=\"element-body-7\" class=\"sc-df222161-0 hNvwjb\">\n<p><strong>Gasly hab\u00eda largado primero<\/strong>, desde una posici\u00f3n privilegiada para pelear por el podio y, por qu\u00e9 no, por una victoria que habr\u00eda sido hist\u00f3rica para la escuder\u00eda. Sin embargo, el franc\u00e9s fue perdiendo posiciones durante la carrera y <strong>termin\u00f3 s\u00e9ptimo<\/strong>, un resultado que le permiti\u00f3 sumar seis puntos pero que seguramente qued\u00f3 lejos de sus expectativas iniciales.<\/p>\n<\/div>\n<div id=\"element-body-8\" class=\"sc-df222161-0 hNvwjb\">\n<p>El caso de Colapinto fue todav\u00eda m\u00e1s particular. El argentino hab\u00eda largado s\u00e9ptimo y, despu\u00e9s, cuarto en el relanzamiento; incluso lleg\u00f3 a estar tercero. Pero <strong>un error lo hizo despistarse y caer hasta el 16\u00b0 lugar<\/strong>, tirando por la borda una oportunidad enorme. Despu\u00e9s lleg\u00f3 la reacci\u00f3n: Colapinto <strong>protagoniz\u00f3 una gran remontada<\/strong>, recuper\u00f3 siete posiciones y <strong>cruz\u00f3 la meta noveno<\/strong>.<\/p>\n<\/div>\n<div class=\"sc-c0843421-0 iNysjD image-embed\" id=\"element-body-9\"><img alt=\"Gasly, con Briatore antes del relanzamiento (EFE).\" loading=\"lazy\" width=\"720\" height=\"100\" decoding=\"async\" data-nimg=\"1\" style=\"color:transparent\" src=\"https:\/\/fmamiga909.com.ar\/wp-content\/uploads\/2026\/09\/5eXaNDjJh_720x0__1.jpg\"\/><span class=\"epigraphe\">Gasly, con Briatore antes del relanzamiento (EFE).<\/span><\/div>\n<div id=\"element-body-10\" class=\"sc-df222161-0 hNvwjb\">\n<p>El resultado final tuvo, as\u00ed, una <strong>curiosa contradicci\u00f3n<\/strong>. Alpine consigui\u00f3 exactamente el tipo de resultado que probablemente habr\u00eda firmado antes de comenzar el fin de semana: <strong>sus dos autos en los puntos<\/strong>. Pero dif\u00edcilmente hubiera firmado ese mismo resultado antes de la carrera, y menos antes del relanzamiento.<\/p>\n<\/div>\n<div id=\"element-body-11\" class=\"sc-df222161-0 hNvwjb\">\n<p>Y Colapinto lo dej\u00f3 claro. Apenas termin\u00f3, <strong>no pudo contener las l\u00e1grimas<\/strong> mientras reconoc\u00eda que <strong>hab\u00eda desaprovechado una oportunidad muy importante<\/strong> tanto para \u00e9l como para el equipo. Su reacci\u00f3n mostr\u00f3 cu\u00e1nto le dol\u00eda saber que hab\u00eda tenido la posibilidad de conseguir algo mucho m\u00e1s grande.<\/p>\n<\/div>\n<div id=\"element-body-13\" class=\"sc-df222161-0 hNvwjb\">\n<p>Alpine, en cambio, <strong>eligi\u00f3 acompa\u00f1arlo<\/strong>. No hubo reproches p\u00fablicos ni referencias al error. Todo lo contrario: hubo <strong>mensajes de respaldo<\/strong>, elogios a su conducci\u00f3n y una celebraci\u00f3n del doble puntaje.<\/p>\n<\/div>\n<div id=\"element-body-14\" class=\"sc-df222161-0 hNvwjb\">\n<p>El balance deportivo tambi\u00e9n entreg\u00f3 motivos para sonre\u00edr. <strong>Gasly pas\u00f3 a Liam Lawson en el campeonato de pilotos<\/strong> y ahora ocupa el noveno puesto, con 50 puntos contra los 49 del piloto de Red Bull. Adem\u00e1s, Alpine lleg\u00f3 a los 71 puntos en el Mundial de Constructores e <strong>igual\u00f3 a Racing Bulls en el quinto lugar<\/strong>.<\/p>\n<\/div>\n<div id=\"element-body-16\" class=\"sc-df222161-0 hNvwjb\">\n<p>Por eso el <strong>mensaje de Alpine tuvo algo de reivindicaci\u00f3n<\/strong>. La escuder\u00eda decidi\u00f3 quedarse con lo conseguido y no con lo que se escap\u00f3. <strong>Ocho puntos, dos autos dentro del top 10<\/strong>, un quinto puesto compartido en Constructores y un fuerte respaldo p\u00fablico para sus dos pilotos. En Monza, el equipo pudo haber ganado mucho m\u00e1s. Pero tambi\u00e9n pudo haberse ido con las manos vac\u00edas. Y eligi\u00f3 contar la primera parte de la historia.<\/p>\n<\/div>\n<div id=\"element-body-18\" class=\"sc-a7166897-0 eTTZWU\"><a href=\"https:\/\/www.ole.com.ar\/autos\/colapinto-lagrimas-monza-frsutracion-formula1_0_49179JAhXV.html\" aria-label=\"Las l\u00e1grimas y frustraci\u00f3n de Colapinto: \u201cDesaprovech\u00e9 una oportunidad muy importante\u201d\" class=\"sc-d4f573e5-0 bUEDsN\"\/><\/p>\n<section><picture><img alt=\"Las l\u00e1grimas y frustraci\u00f3n de Colapinto: \u201cDesaprovech\u00e9 una oportunidad muy importante\u201d\" loading=\"lazy\" width=\"290\" height=\"290\" decoding=\"async\" data-nimg=\"1\" style=\"color:transparent\" src=\"https:\/\/fmamiga909.com.ar\/wp-content\/uploads\/2026\/09\/Fw2cXgALa_290x290__1.jpg\"\/><\/picture>\n<p><span>Mir\u00e1 tambi\u00e9n<\/span><\/p>\n<hr\/>\n<h3>Las l\u00e1grimas y frustraci\u00f3n de Colapinto: \u201cDesaprovech\u00e9 una oportunidad muy importante\u201d<\/h3>\n<\/p>\n<\/section>\n<\/div>\n<div id=\"element-body-19\" class=\"sc-a7166897-0 eTTZWU\"><a href=\"https:\/\/www.ole.com.ar\/autos\/franco-colapinto-formula1-gpdeitalia2026-monza-alpine-f1-envivo-aquehoracorre-grilla-partida_0_KpUYPkqgyE.html\" aria-label=\"De pelear por la punta a despistarse y un carrer\u00f3n: Colapinto remont\u00f3 7 puestos y termin\u00f3 9\u00b0 en Monza\" class=\"sc-d4f573e5-0 bUEDsN\"\/><\/p>\n<section><picture><img alt=\"De pelear por la punta a despistarse y un carrer\u00f3n: Colapinto remont\u00f3 7 puestos y termin\u00f3 9\u00b0 en Monza\" loading=\"lazy\" width=\"290\" height=\"290\" decoding=\"async\" data-nimg=\"1\" style=\"color:transparent\" src=\"https:\/\/fmamiga909.com.ar\/wp-content\/uploads\/2026\/09\/1788712935_197_AuSUSm5wf_290x290__1.jpg\"\/><\/picture>\n<p><span>Mir\u00e1 tambi\u00e9n<\/span><\/p>\n<hr\/>\n<h3>De pelear por la punta a despistarse y un carrer\u00f3n: Colapinto remont\u00f3 7 puestos y termin\u00f3 9\u00b0 en Monza<\/h3>\n<\/p>\n<\/section>\n<\/div>\n<div id=\"element-body-20\" class=\"sc-a7166897-0 eTTZWU\"><a href=\"https:\/\/www.ole.com.ar\/autos\/quedaron-posiciones-formula1-gpmonza-italia_0_0jPd7TCPSu.html\" aria-label=\"As\u00ed quedaron las posiciones de la F\u00f3rmula 1 tras el GP de Monza\" class=\"sc-d4f573e5-0 bUEDsN\"\/><\/p>\n<section><picture><img alt=\"As\u00ed quedaron las posiciones de la F\u00f3rmula 1 tras el GP de Monza\" loading=\"lazy\" width=\"290\" height=\"290\" decoding=\"async\" data-nimg=\"1\" style=\"color:transparent\" src=\"https:\/\/fmamiga909.com.ar\/wp-content\/uploads\/2026\/09\/1788712935_948_BfjVoLjH0_290x290__1.jpg\"\/><\/picture>\n<p><span>Mir\u00e1 tambi\u00e9n<\/span><\/p>\n<hr\/>\n<h3>As\u00ed quedaron las posiciones de la F\u00f3rmula 1 tras el GP de Monza<\/h3>\n<\/p>\n<\/section>\n<\/div>\n<div id=\"element-body-21\" class=\"sc-a7166897-0 eTTZWU\"><a href=\"https:\/\/www.ole.com.ar\/autos\/historia-kimi-antonelli-gano-gp-italia-60-anos_0_eVaaateovn.html\" aria-label=\"Historia pura: Kimi Antonelli larg\u00f3 19\u00b0, gan\u00f3 y le devolvi\u00f3 la gloria a Italia tras 60 a\u00f1os\" class=\"sc-d4f573e5-0 bUEDsN\"\/><\/p>\n<section><picture><img alt=\"Historia pura: Kimi Antonelli larg\u00f3 19\u00b0, gan\u00f3 y le devolvi\u00f3 la gloria a Italia tras 60 a\u00f1os\" loading=\"lazy\" width=\"290\" height=\"290\" decoding=\"async\" data-nimg=\"1\" style=\"color:transparent\" src=\"https:\/\/fmamiga909.com.ar\/wp-content\/uploads\/2026\/09\/1788712935_841_71yP1UWUi_290x290__1.jpg\"\/><\/picture>\n<p><span>Mir\u00e1 tambi\u00e9n<\/span><\/p>\n<hr\/>\n<h3>Historia pura: Kimi Antonelli larg\u00f3 19\u00b0, gan\u00f3 y le devolvi\u00f3 la gloria a Italia tras 60 a\u00f1os<\/h3>\n<\/p>\n<\/section>\n<\/div>\n<\/div>\n<p><a href=\"https:\/\/www.ole.com.ar\/autos\/fuerte-banca-alpine-formula1-monza_0_zfkoCyPoag.html\">source<\/a><\/p>\n","protected":false},"excerpt":{"rendered":"<p>Alpine eligi\u00f3 ver el vaso medio lleno. O, al menos, eso fue lo que decidi\u00f3&#8230;<\/p>\n","protected":false},"author":3,"featured_media":50075,"comment_status":"closed","ping_status":"closed","sticky":false,"template":"","format":"standard","meta":{"footnotes":""},"categories":[21],"tags":[],"class_list":["post-50074","post","type-post","status-publish","format-standard","has-post-thumbnail","hentry","category-deportes"],"featured_image_urls":{"full":["https:\/\/fmamiga909.com.ar\/wp-content\/uploads\/2026\/09\/wp-header-logo-115.png",720,465,false],"thumbnail":["https:\/\/fmamiga909.com.ar\/wp-content\/uploads\/2026\/09\/wp-header-logo-115-150x150.png",150,150,true],"medium":["https:\/\/fmamiga909.com.ar\/wp-content\/uploads\/2026\/09\/wp-header-logo-115-300x194.png",300,194,true],"medium_large":["https:\/\/fmamiga909.com.ar\/wp-content\/uploads\/2026\/09\/wp-header-logo-115.png",720,465,false],"large":["https:\/\/fmamiga909.com.ar\/wp-content\/uploads\/2026\/09\/wp-header-logo-115.png",640,413,false],"1536x1536":["https:\/\/fmamiga909.com.ar\/wp-content\/uploads\/2026\/09\/wp-header-logo-115.png",720,465,false],"2048x2048":["https:\/\/fmamiga909.com.ar\/wp-content\/uploads\/2026\/09\/wp-header-logo-115.png",720,465,false],"newsium-slider-full":["https:\/\/fmamiga909.com.ar\/wp-content\/uploads\/2026\/09\/wp-header-logo-115.png",720,465,false],"newsium-featured":["https:\/\/fmamiga909.com.ar\/wp-content\/uploads\/2026\/09\/wp-header-logo-115.png",720,465,false],"newsium-medium":["https:\/\/fmamiga909.com.ar\/wp-content\/uploads\/2026\/09\/wp-header-logo-115.png",720,465,false]},"author_info":{"display_name":"Fredy Giuliano","author_link":"https:\/\/fmamiga909.com.ar\/?author=3"},"category_info":"<a href=\"https:\/\/fmamiga909.com.ar\/?cat=21\" rel=\"category\">Deportes<\/a>","tag_info":"Deportes","comment_count":"0","_links":{"self":[{"href":"https:\/\/fmamiga909.com.ar\/index.php?rest_route=\/wp\/v2\/posts\/50074","targetHints":{"allow":["GET"]}}],"collection":[{"href":"https:\/\/fmamiga909.com.ar\/index.php?rest_route=\/wp\/v2\/posts"}],"about":[{"href":"https:\/\/fmamiga909.com.ar\/index.php?rest_route=\/wp\/v2\/types\/post"}],"author":[{"embeddable":true,"href":"https:\/\/fmamiga909.com.ar\/index.php?rest_route=\/wp\/v2\/users\/3"}],"replies":[{"embeddable":true,"href":"https:\/\/fmamiga909.com.ar\/index.php?rest_route=%2Fwp%2Fv2%2Fcomments&post=50074"}],"version-history":[{"count":0,"href":"https:\/\/fmamiga909.com.ar\/index.php?rest_route=\/wp\/v2\/posts\/50074\/revisions"}],"wp:featuredmedia":[{"embeddable":true,"href":"https:\/\/fmamiga909.com.ar\/index.php?rest_route=\/wp\/v2\/media\/50075"}],"wp:attachment":[{"href":"https:\/\/fmamiga909.com.ar\/index.php?rest_route=%2Fwp%2Fv2%2Fmedia&parent=50074"}],"wp:term":[{"taxonomy":"category","embeddable":true,"href":"https:\/\/fmamiga909.com.ar\/index.php?rest_route=%2Fwp%2Fv2%2Fcategories&post=50074"},{"taxonomy":"post_tag","embeddable":true,"href":"https:\/\/fmamiga909.com.ar\/index.php?rest_route=%2Fwp%2Fv2%2Ftags&post=50074"}],"curies":[{"name":"wp","href":"https:\/\/api.w.org\/{rel}","templated":true}]}}