{"id":50090,"date":"2026-09-06T17:34:28","date_gmt":"2026-09-06T17:34:28","guid":{"rendered":"https:\/\/fmamiga909.com.ar\/?p=50090"},"modified":"2026-09-06T17:34:28","modified_gmt":"2026-09-06T17:34:28","slug":"infantino-confirma-que-va-por-la-reeleccion-en-la-fifa","status":"publish","type":"post","link":"https:\/\/fmamiga909.com.ar\/?p=50090","title":{"rendered":"Infantino confirma que va por la reelecci\u00f3n en la FIFA"},"content":{"rendered":"<div id=\"storyBody\">\n<div id=\"element-body-0\" class=\"sc-df222161-0 hNvwjb\">\n<p>El actual presidente de la <a href=\"https:\/\/www.ole.com.ar\/tema\/fifa.html\" title=\"FIFA\" alt=\"FIFA\" class=\"slug\">FIFA<\/a>, <strong><a href=\"https:\/\/www.ole.com.ar\/tema\/gianni-infantino.html\" title=\"Gianni Infantino\" alt=\"Gianni Infantino\" class=\"slug\"> Gianni Infantino<\/a>, ser\u00e1 candidato a la reelecci\u00f3n el pr\u00f3ximo a\u00f1o<\/strong>, seg\u00fan indic\u00f3 un portavoz a la agencia de noticias AFP. La confirmaci\u00f3n llega algunas semanas despu\u00e9s de estar en el foco de las cr\u00edticas por su enfrentamiento con la <a href=\"https:\/\/www.ole.com.ar\/tema\/uefa.html\" title=\"UEFA\" alt=\"UEFA\" class=\"slug\">UEFA<\/a> y otras confederaciones.<\/p>\n<\/div>\n<div id=\"element-body-1\" class=\"sc-df222161-0 hNvwjb\">\n<p>\u00abEl presidente de la FIFA anunci\u00f3 en abril que se presentar\u00eda a la reelecci\u00f3n en 2027. <strong>Por supuesto, nada ha cambiado y el se\u00f1or Infantino se presentar\u00e1 a la reelecci\u00f3n\u00bb<\/strong>, asegur\u00f3 el portavoz de Infantino, confirmando una informaci\u00f3n de la prensa inglesa.<\/p>\n<\/div>\n<p><h2><strong>C\u00f3mo es la votaci\u00f3n de FIFA<\/strong><\/h2>\n<\/p>\n<div id=\"element-body-3\" class=\"sc-df222161-0 hNvwjb\">\n<p>Hasta el momento, <strong>Infantino es el \u00fanico candidato declarado para la votaci\u00f3n que tendr\u00e1 lugar el 18 de marzo de 2027 <\/strong> en Rabat, Marruecos. Para renovar su presidencia necesitar\u00e1 una mayor\u00eda simple de los votos entre las 211 federaciones afiliadas a la FIFA.<\/p>\n<\/div>\n<div class=\"sc-c0843421-0 iNysjD image-embed\" id=\"element-body-4\"><img alt=\"Por ahora, Infantino es el \u00fanico candidato (AP Photo\/Beata Zawrzel).\" loading=\"lazy\" width=\"720\" height=\"100\" decoding=\"async\" data-nimg=\"1\" style=\"color:transparent\" src=\"https:\/\/fmamiga909.com.ar\/wp-content\/uploads\/2026\/09\/ASvVU68cY_720x0__1.jpg\"\/><span class=\"epigraphe\">Por ahora, Infantino es el \u00fanico candidato (AP Photo\/Beata Zawrzel).<\/span><\/div>\n<div id=\"element-body-5\" class=\"sc-df222161-0 hNvwjb\">\n<p>El Congreso Extraordinario de la FIFA podr\u00eda votar por primera vez desde 2016. En febrero de aquel a\u00f1o, el actual mandam\u00e1s se impuso en segunda vuelta a Salman bin Ibrahim Al Khalifa, presidente de la Confederaci\u00f3n Asi\u00e1tica (AFC).<\/p>\n<\/div>\n<div id=\"element-body-6\" class=\"sc-df222161-0 hNvwjb\">\n<p>Ahora bien, \u00bfpor qu\u00e9 no se vot\u00f3 ni en 2019 ni en 2023? En ambas ocasiones, Infantino -que fue amasando cada vez m\u00e1s poder &#8211; <strong>fue el \u00fanico candidato que se present\u00f3 y por eso no hubo necesidad de ir a las urnas<\/strong>. El plazo para que se presenten otros candidatos vence el 18 de noviembre.<\/p>\n<\/div>\n<p><h2><strong>El mundo del f\u00fatbol, dividido<\/strong><\/h2>\n<\/p>\n<div id=\"element-body-8\" class=\"sc-df222161-0 hNvwjb\">\n<p>Los cuestionamientos a Infantino tomaron fuerza despu\u00e9s del Mundial, cuando el dirigente present\u00f3 su plan para gestionar los ingresos de la Copa del Mundo a trav\u00e9s de una compa\u00f1\u00eda privada. Si bien dio marcha atr\u00e1s con el proyecto, varias federaciones le retiraron su apoyo para las elecciones de marzo de 2027.<\/p>\n<\/div>\n<div class=\"sc-c0843421-0 iNysjD image-embed\" id=\"element-body-9\"><img alt=\"La Conmebol de Dom\u00ednguez se mantiene cercana a Infantino (AP).\" loading=\"lazy\" width=\"720\" height=\"100\" decoding=\"async\" data-nimg=\"1\" style=\"color:transparent\" src=\"https:\/\/fmamiga909.com.ar\/wp-content\/uploads\/2026\/09\/s1-84Yp5V_720x0__1.jpg\"\/><span class=\"epigraphe\">La Conmebol de Dom\u00ednguez se mantiene cercana a Infantino (AP).<\/span><\/div>\n<div id=\"element-body-10\" class=\"sc-df222161-0 hNvwjb\">\n<p>Entre las principales opositoras de Infantino se encuentran la UEFA, la Concacaf y la AFC. A su vez, exjugadores y varias federaciones se pronunciaron en su contra: entre ellas Italia, Suecia, Escocia y Nueva Zelanda. Del otro lado, <strong> la CAF y la <a href=\"https:\/\/www.ole.com.ar\/tema\/conmebol.html\" title=\"Conmebol\" alt=\"Conmebol\" class=\"slug\">Conmebol<\/a> mantuvieron su apoyo.<\/strong><\/p>\n<\/div>\n<\/div>\n<p><a href=\"https:\/\/www.ole.com.ar\/futbol-internacional\/infantino-confirma-reeleccion-fifa-presidente-votacion_0_EJb7HA98tD.html\">source<\/a><\/p>\n","protected":false},"excerpt":{"rendered":"<p>El actual presidente de la FIFA, Gianni Infantino, ser\u00e1 candidato a la reelecci\u00f3n el pr\u00f3ximo&#8230;<\/p>\n","protected":false},"author":3,"featured_media":50091,"comment_status":"closed","ping_status":"closed","sticky":false,"template":"","format":"standard","meta":{"footnotes":""},"categories":[21],"tags":[],"class_list":["post-50090","post","type-post","status-publish","format-standard","has-post-thumbnail","hentry","category-deportes"],"featured_image_urls":{"full":["https:\/\/fmamiga909.com.ar\/wp-content\/uploads\/2026\/09\/wp-header-logo-118.png",720,480,false],"thumbnail":["https:\/\/fmamiga909.com.ar\/wp-content\/uploads\/2026\/09\/wp-header-logo-118-150x150.png",150,150,true],"medium":["https:\/\/fmamiga909.com.ar\/wp-content\/uploads\/2026\/09\/wp-header-logo-118-300x200.png",300,200,true],"medium_large":["https:\/\/fmamiga909.com.ar\/wp-content\/uploads\/2026\/09\/wp-header-logo-118.png",720,480,false],"large":["https:\/\/fmamiga909.com.ar\/wp-content\/uploads\/2026\/09\/wp-header-logo-118.png",640,427,false],"1536x1536":["https:\/\/fmamiga909.com.ar\/wp-content\/uploads\/2026\/09\/wp-header-logo-118.png",720,480,false],"2048x2048":["https:\/\/fmamiga909.com.ar\/wp-content\/uploads\/2026\/09\/wp-header-logo-118.png",720,480,false],"newsium-slider-full":["https:\/\/fmamiga909.com.ar\/wp-content\/uploads\/2026\/09\/wp-header-logo-118.png",720,480,false],"newsium-featured":["https:\/\/fmamiga909.com.ar\/wp-content\/uploads\/2026\/09\/wp-header-logo-118.png",720,480,false],"newsium-medium":["https:\/\/fmamiga909.com.ar\/wp-content\/uploads\/2026\/09\/wp-header-logo-118-720x475.png",720,475,true]},"author_info":{"display_name":"Fredy Giuliano","author_link":"https:\/\/fmamiga909.com.ar\/?author=3"},"category_info":"<a href=\"https:\/\/fmamiga909.com.ar\/?cat=21\" rel=\"category\">Deportes<\/a>","tag_info":"Deportes","comment_count":"0","_links":{"self":[{"href":"https:\/\/fmamiga909.com.ar\/index.php?rest_route=\/wp\/v2\/posts\/50090","targetHints":{"allow":["GET"]}}],"collection":[{"href":"https:\/\/fmamiga909.com.ar\/index.php?rest_route=\/wp\/v2\/posts"}],"about":[{"href":"https:\/\/fmamiga909.com.ar\/index.php?rest_route=\/wp\/v2\/types\/post"}],"author":[{"embeddable":true,"href":"https:\/\/fmamiga909.com.ar\/index.php?rest_route=\/wp\/v2\/users\/3"}],"replies":[{"embeddable":true,"href":"https:\/\/fmamiga909.com.ar\/index.php?rest_route=%2Fwp%2Fv2%2Fcomments&post=50090"}],"version-history":[{"count":0,"href":"https:\/\/fmamiga909.com.ar\/index.php?rest_route=\/wp\/v2\/posts\/50090\/revisions"}],"wp:featuredmedia":[{"embeddable":true,"href":"https:\/\/fmamiga909.com.ar\/index.php?rest_route=\/wp\/v2\/media\/50091"}],"wp:attachment":[{"href":"https:\/\/fmamiga909.com.ar\/index.php?rest_route=%2Fwp%2Fv2%2Fmedia&parent=50090"}],"wp:term":[{"taxonomy":"category","embeddable":true,"href":"https:\/\/fmamiga909.com.ar\/index.php?rest_route=%2Fwp%2Fv2%2Fcategories&post=50090"},{"taxonomy":"post_tag","embeddable":true,"href":"https:\/\/fmamiga909.com.ar\/index.php?rest_route=%2Fwp%2Fv2%2Ftags&post=50090"}],"curies":[{"name":"wp","href":"https:\/\/api.w.org\/{rel}","templated":true}]}}