{"id":5085,"date":"2017-04-04T14:14:52","date_gmt":"2017-04-04T14:14:52","guid":{"rendered":"http:\/\/fmamiga909.com.ar\/?p=5085"},"modified":"2017-04-04T14:14:52","modified_gmt":"2017-04-04T14:14:52","slug":"nuevas-viviendas","status":"publish","type":"post","link":"https:\/\/fmamiga909.com.ar\/?p=5085","title":{"rendered":"NUEVAS VIVIENDAS"},"content":{"rendered":"<p>El presidente comunal de Hersilia Celestino Nicolau, se reuni\u00f3 con los beneficiarios del tercer \u00abPlan de viviendas sociales\u00bb que lleva adelante este gobierno. Dicho plan es financiado con recursos propios y en esta oportunidad la convocatoria fue para interiorizarlos sobre el mismo, los costos que se manejan,la entrega inicial,etc., en la foto mostramos el modelo de viviendas a construir. Los beneficiarios analizar\u00e1n la propuesta y decidir\u00e1n si aceptan la misma. Dicho plan, que tiene como los anteriores 10 casas, comenzar\u00e1 con su ejecuci\u00f3n una vez firmado el convenio con los interesados y lo dirigir\u00e1 el Ingeniero civil Alejandro Bregy<\/p>\n<p><img loading=\"lazy\" decoding=\"async\" class=\"alignnone size-medium wp-image-5087\" src=\"https:\/\/fmamiga909.com.ar\/wp-content\/uploads\/2017\/04\/vivienda-1-300x225.jpg\" alt=\"\" width=\"300\" height=\"225\" srcset=\"https:\/\/fmamiga909.com.ar\/wp-content\/uploads\/2017\/04\/vivienda-1-300x225.jpg 300w, https:\/\/fmamiga909.com.ar\/wp-content\/uploads\/2017\/04\/vivienda-1-1024x768.jpg 1024w, https:\/\/fmamiga909.com.ar\/wp-content\/uploads\/2017\/04\/vivienda-1-259x194.jpg 259w, https:\/\/fmamiga909.com.ar\/wp-content\/uploads\/2017\/04\/vivienda-1-950x713.jpg 950w, https:\/\/fmamiga909.com.ar\/wp-content\/uploads\/2017\/04\/vivienda-1.jpg 2048w\" sizes=\"auto, (max-width: 300px) 100vw, 300px\" \/> <img loading=\"lazy\" decoding=\"async\" class=\"alignnone size-medium wp-image-5088\" src=\"https:\/\/fmamiga909.com.ar\/wp-content\/uploads\/2017\/04\/vivienda1-300x225.jpg\" alt=\"\" width=\"300\" height=\"225\" srcset=\"https:\/\/fmamiga909.com.ar\/wp-content\/uploads\/2017\/04\/vivienda1-300x225.jpg 300w, https:\/\/fmamiga909.com.ar\/wp-content\/uploads\/2017\/04\/vivienda1-259x194.jpg 259w, https:\/\/fmamiga909.com.ar\/wp-content\/uploads\/2017\/04\/vivienda1-950x713.jpg 950w, https:\/\/fmamiga909.com.ar\/wp-content\/uploads\/2017\/04\/vivienda1.jpg 960w\" sizes=\"auto, (max-width: 300px) 100vw, 300px\" \/> <img loading=\"lazy\" decoding=\"async\" class=\"alignnone size-medium wp-image-5089\" src=\"https:\/\/fmamiga909.com.ar\/wp-content\/uploads\/2017\/04\/vivienda2-300x225.jpg\" alt=\"\" width=\"300\" height=\"225\" srcset=\"https:\/\/fmamiga909.com.ar\/wp-content\/uploads\/2017\/04\/vivienda2-300x225.jpg 300w, https:\/\/fmamiga909.com.ar\/wp-content\/uploads\/2017\/04\/vivienda2-259x194.jpg 259w, https:\/\/fmamiga909.com.ar\/wp-content\/uploads\/2017\/04\/vivienda2-950x713.jpg 950w, https:\/\/fmamiga909.com.ar\/wp-content\/uploads\/2017\/04\/vivienda2.jpg 960w\" sizes=\"auto, (max-width: 300px) 100vw, 300px\" \/><\/p>\n","protected":false},"excerpt":{"rendered":"<p>El presidente comunal de Hersilia Celestino Nicolau, se reuni\u00f3 con los beneficiarios del tercer \u00abPlan&#8230;<\/p>\n","protected":false},"author":3,"featured_media":5086,"comment_status":"closed","ping_status":"closed","sticky":false,"template":"","format":"standard","meta":{"footnotes":""},"categories":[1,3],"tags":[],"class_list":["post-5085","post","type-post","status-publish","format-standard","has-post-thumbnail","hentry","category-uncategorized","category-noticias"],"featured_image_urls":{"full":["https:\/\/fmamiga909.com.ar\/wp-content\/uploads\/2017\/04\/vivienda.jpg",2048,1536,false],"thumbnail":["https:\/\/fmamiga909.com.ar\/wp-content\/uploads\/2017\/04\/vivienda-150x150.jpg",150,150,true],"medium":["https:\/\/fmamiga909.com.ar\/wp-content\/uploads\/2017\/04\/vivienda-300x225.jpg",300,225,true],"medium_large":["https:\/\/fmamiga909.com.ar\/wp-content\/uploads\/2017\/04\/vivienda.jpg",2048,1536,false],"large":["https:\/\/fmamiga909.com.ar\/wp-content\/uploads\/2017\/04\/vivienda-1024x768.jpg",640,480,true],"1536x1536":["https:\/\/fmamiga909.com.ar\/wp-content\/uploads\/2017\/04\/vivienda.jpg",1536,1152,false],"2048x2048":["https:\/\/fmamiga909.com.ar\/wp-content\/uploads\/2017\/04\/vivienda.jpg",2048,1536,false],"newsium-slider-full":["https:\/\/fmamiga909.com.ar\/wp-content\/uploads\/2017\/04\/vivienda.jpg",1127,845,false],"newsium-featured":["https:\/\/fmamiga909.com.ar\/wp-content\/uploads\/2017\/04\/vivienda.jpg",1024,768,false],"newsium-medium":["https:\/\/fmamiga909.com.ar\/wp-content\/uploads\/2017\/04\/vivienda.jpg",633,475,false]},"author_info":{"display_name":"Fredy Giuliano","author_link":"https:\/\/fmamiga909.com.ar\/?author=3"},"category_info":"<a href=\"https:\/\/fmamiga909.com.ar\/?cat=1\" rel=\"category\">La radio<\/a> <a href=\"https:\/\/fmamiga909.com.ar\/?cat=3\" rel=\"category\">Noticias<\/a>","tag_info":"Noticias","comment_count":"0","_links":{"self":[{"href":"https:\/\/fmamiga909.com.ar\/index.php?rest_route=\/wp\/v2\/posts\/5085","targetHints":{"allow":["GET"]}}],"collection":[{"href":"https:\/\/fmamiga909.com.ar\/index.php?rest_route=\/wp\/v2\/posts"}],"about":[{"href":"https:\/\/fmamiga909.com.ar\/index.php?rest_route=\/wp\/v2\/types\/post"}],"author":[{"embeddable":true,"href":"https:\/\/fmamiga909.com.ar\/index.php?rest_route=\/wp\/v2\/users\/3"}],"replies":[{"embeddable":true,"href":"https:\/\/fmamiga909.com.ar\/index.php?rest_route=%2Fwp%2Fv2%2Fcomments&post=5085"}],"version-history":[{"count":1,"href":"https:\/\/fmamiga909.com.ar\/index.php?rest_route=\/wp\/v2\/posts\/5085\/revisions"}],"predecessor-version":[{"id":5090,"href":"https:\/\/fmamiga909.com.ar\/index.php?rest_route=\/wp\/v2\/posts\/5085\/revisions\/5090"}],"wp:featuredmedia":[{"embeddable":true,"href":"https:\/\/fmamiga909.com.ar\/index.php?rest_route=\/wp\/v2\/media\/5086"}],"wp:attachment":[{"href":"https:\/\/fmamiga909.com.ar\/index.php?rest_route=%2Fwp%2Fv2%2Fmedia&parent=5085"}],"wp:term":[{"taxonomy":"category","embeddable":true,"href":"https:\/\/fmamiga909.com.ar\/index.php?rest_route=%2Fwp%2Fv2%2Fcategories&post=5085"},{"taxonomy":"post_tag","embeddable":true,"href":"https:\/\/fmamiga909.com.ar\/index.php?rest_route=%2Fwp%2Fv2%2Ftags&post=5085"}],"curies":[{"name":"wp","href":"https:\/\/api.w.org\/{rel}","templated":true}]}}