{"id":5183,"date":"2017-05-04T21:44:37","date_gmt":"2017-05-04T21:44:37","guid":{"rendered":"http:\/\/fmamiga909.com.ar\/?p=5183"},"modified":"2017-05-04T21:44:37","modified_gmt":"2017-05-04T21:44:37","slug":"la-obras-del-2-tramo-del-acceso-a-ambrosetti-ya-esta-en-marcha","status":"publish","type":"post","link":"https:\/\/fmamiga909.com.ar\/?p=5183","title":{"rendered":"La Obras del 2\u00b0 tramo del acceso a Ambrosetti ya est\u00e1 en marcha"},"content":{"rendered":"<p class=\"x_MsoNormal\"><span style=\"font-size: small;\"><span class=\"x_gmail-m-2955008587874180370gmail-textexposedshow\">El Senador Michlig comunic\u00f3 que \u201cya comenzaron los trabajos de la obra de pavimentaci\u00f3n de la RP 77-s, <b>2\u00b0 tramo La Campesina-Ambrosetti<\/b>, <b>que tiene un presupuesto oficial de $211.251.114, 07 y el plazo de ejecuci\u00f3n ser\u00e1 de 12 meses<\/b>. Luego de finalizado los tr\u00e1mite administrativo y la firma del correspondiente contrato de obra, <b>la empresa adjudicataria ya se instalo en el corredor para avanza con las distintas etapas de la ejecuci\u00f3n.<\/b><\/span><\/span><\/p>\n<p><span style=\"font-size: small;\"><span class=\"x_gmail-m-2955008587874180370gmail-textexposedshow\">Cabe recordar que luego del proceso licitatorio resulto adjudicataria la UTE conformada por Eleprint SA \u2013 Construmez SA \u2013 Constructora Dos Arroyos SA, que\u00a0 tendr\u00e1 la responsabilidad de \u201cterminar de materializar este gran sue\u00f1o de todos los vecinos de la regi\u00f3n\u201d como es la <b>pavimentaci\u00f3n del 2\u00b0 tramo de 13 kil\u00f3metros de la ruta Provincial (RP) N\u00b0 77s,<\/b> entre la RP N\u00b0 74s \u2013 Paraje \u201cLa Campesina\u201d y la RP N\u00b0 38, a la altura de la localidad de Ambrosetti.<\/span><\/span><\/p>\n<p><span style=\"font-size: small;\"><span class=\"x_gmail-m-2955008587874180370gmail-textexposedshow\">El senador por el departamento San Crist\u00f3bal, Felipe Michlig, indic\u00f3 que \u201chace muchos a\u00f1os que venimos gestionando por este gran objetivo y <b>apenas de pasar poco tiempo desde que el gobernador Miguel Lifschitz nos prometi\u00f3 realizarla, hoy ya se est\u00e1 haciendo realidad\u201d.<\/b><\/span><\/span><\/p>\n<p><span style=\"font-size: small;\"><span class=\"x_gmail-m-2955008587874180370gmail-textexposedshow\"><b><u>\u201cHace 50 a\u00f1os que Ambrosetti viene luchando por esta obra\u201d<\/u><\/b><\/span><b><u><\/u><\/b><\/span><\/p>\n<p class=\"x_MsoNormal\"><span style=\"font-size: small;\"><span class=\"x_gmail-m-2955008587874180370gmail-textexposedshow\">\u201cDebo destacar -continu\u00f3- el cumplimiento de la Palabra y Compromiso no solo del <b>Gobernador Lifschitz, sino tambi\u00e9n del Ministro Garibay y todos los funcionarios de la DPV<\/b>, al igual que el <b>ex gobernador Antonio Bonfatti<\/b> que se encargo de realizar la primera etapa y por estar siempre conteste con nuestros requerimientos\u201d.<\/span><\/span><\/p>\n<p class=\"x_MsoNormal\"><span style=\"font-size: small;\"><span class=\"x_gmail-m-2955008587874180370gmail-textexposedshow\">\u201cAs\u00ed que esta es una muy buena noticia <b>que coincide con este a\u00f1o en donde \u00a0celebraremos los 125 a\u00f1os de la fundaci\u00f3n de Ambrosetti<\/b>. Adem\u00e1s decimos que es un acontecimiento hist\u00f3rico porque <b>hace 50 a\u00f1os que venimos luchando por esta obra, para Ambrosetti y la regi\u00f3n<\/b>, por la necesidad de la conectividad,\u00a0 para la salida de la producci\u00f3n, ingres\u00f3 de mercader\u00edas, por los profesores y docentes que puedan llegar para dar las clases a los alumnos, derivar un paciente por tema salud, como tantos ejemplos de la vida cotidiana\u201d, enumer\u00f3 Michlig.<\/span><\/span><\/p>\n<p><span style=\"font-size: small;\"><span class=\"x_gmail-m-2955008587874180370gmail-textexposedshow\"><b><u>Detalles de la Obra<\/u><\/b><\/span><b><u><\/u><\/b><\/span><\/p>\n<p><span style=\"font-size: small;\"><span class=\"x_gmail-m-2955008587874180370gmail-textexposedshow\">Se trata de una obra vial cuyas caracter\u00edsticas principales apuntan a mejorar la transitabilidad. <b>El camino terminado tendr\u00e1 un ancho de 7,30 metros de pavimento de concreto asf\u00e1ltico compuesto de dos trochas de 3,65 metros cada una, con un 2% de pendiente hacia cada lado<\/b>: banquinas de suelo vegetal de 3,00 metros de ancho a cada lado y con 4% de pendiente para permitir el libre escurrimiento de las aguas de lluvia.<\/span><\/span><\/p>\n<p><span style=\"font-size: small;\"><span class=\"x_gmail-m-2955008587874180370gmail-textexposedshow\">Tambi\u00e9n <b>se proyectan alcantarillas- puentes de H\u00b0 A\u00b0 y alcantarillas trasversales<\/b> de H\u00b0 A\u00b0 tipo A-2 Y A-1 y obras especiales como: alcantarillas laterales de H\u00b0, demolici\u00f3n y\/o retiro de alcantarillas existentes, construcci\u00f3n barandas de met\u00e1licas de defensa, retiro, construcci\u00f3n y\/o traslados de alambrados y tranqueras, traslados de postes y l\u00edneas de servicios de electrificaci\u00f3n urbana y rural, se\u00f1alizaci\u00f3n vertical, horizontal y especial, limpieza del terreno, desbosques y destronques, iluminaci\u00f3n de la traves\u00eda urbana de la localidad de Ambrosetti y de la intersecci\u00f3n con la RPN\u00b0 38, reubicaci\u00f3n de la garita para pasajeros, entre otros.<\/span><\/span><\/p>\n<p><span style=\"font-size: small;\"><span class=\"x_gmail-m-2955008587874180370gmail-textexposedshow\"><b><u>Ya se invirtieron 150 millones en el Primer Tramo<\/u><\/b><\/span><b><u><\/u><\/b><\/span><\/p>\n<p><span style=\"font-size: small;\"><span class=\"x_gmail-m-2955008587874180370gmail-textexposedshow\">En diciembre del 2015, por entonces gobernador Antonio Bonfatti inaugur\u00f3 las obras de repavimentaci\u00f3n de la primera etapa de este acceso en la ruta provincial N\u00b0 74-s, desde la RP N\u00b0 39 hasta el Paraje \u00abLa Campesina\u00bb. Los trabajos realizados se extendieron en una longitud de 13,5 km y demandaron una inversi\u00f3n de 150 millones de pesos.<\/span><\/span><\/p>\n<p><span style=\"font-size: small;\"><span class=\"x_gmail-m-2955008587874180370gmail-textexposedshow\">La obra incluy\u00f3 tambi\u00e9n la construcci\u00f3n de dos puentes de 10 metros, y un puente de 20 metros, alcantarillas laterales y transversales, y la correspondiente se\u00f1alizaci\u00f3n horizontal y vertical, y retiro de especies arb\u00f3reas, como as\u00ed tambi\u00e9n los trabajos necesarios en el enlace con la RPN\u00b0 39 y su respectiva iluminaci\u00f3n.<\/span><\/span><\/p>\n<p><b>Santa Fe, 04 de mayo de 2017<\/b><\/p>\n<p class=\"x_MsoNormal\"><span class=\"x_gmail-m-2955008587874180370gmail-textexposedshow\"><a href=\"http:\/\/www.felipemichlig.com.ar\/\" target=\"_blank\" rel=\"noopener noreferrer\">www.felipemichlig.com.ar<\/a> <\/span><\/p>\n","protected":false},"excerpt":{"rendered":"<p>El Senador Michlig comunic\u00f3 que \u201cya comenzaron los trabajos de la obra de pavimentaci\u00f3n de&#8230;<\/p>\n","protected":false},"author":3,"featured_media":5184,"comment_status":"closed","ping_status":"closed","sticky":false,"template":"","format":"standard","meta":{"footnotes":""},"categories":[1,3],"tags":[],"class_list":["post-5183","post","type-post","status-publish","format-standard","has-post-thumbnail","hentry","category-uncategorized","category-noticias"],"featured_image_urls":{"full":["https:\/\/fmamiga909.com.ar\/wp-content\/uploads\/2017\/05\/Obra-2\u00b0-tramo-acceso-Ambrosetti.jpg",1024,768,false],"thumbnail":["https:\/\/fmamiga909.com.ar\/wp-content\/uploads\/2017\/05\/Obra-2\u00b0-tramo-acceso-Ambrosetti-150x150.jpg",150,150,true],"medium":["https:\/\/fmamiga909.com.ar\/wp-content\/uploads\/2017\/05\/Obra-2\u00b0-tramo-acceso-Ambrosetti-300x225.jpg",300,225,true],"medium_large":["https:\/\/fmamiga909.com.ar\/wp-content\/uploads\/2017\/05\/Obra-2\u00b0-tramo-acceso-Ambrosetti.jpg",1024,768,false],"large":["https:\/\/fmamiga909.com.ar\/wp-content\/uploads\/2017\/05\/Obra-2\u00b0-tramo-acceso-Ambrosetti-1024x768.jpg",640,480,true],"1536x1536":["https:\/\/fmamiga909.com.ar\/wp-content\/uploads\/2017\/05\/Obra-2\u00b0-tramo-acceso-Ambrosetti.jpg",1024,768,false],"2048x2048":["https:\/\/fmamiga909.com.ar\/wp-content\/uploads\/2017\/05\/Obra-2\u00b0-tramo-acceso-Ambrosetti.jpg",1024,768,false],"newsium-slider-full":["https:\/\/fmamiga909.com.ar\/wp-content\/uploads\/2017\/05\/Obra-2\u00b0-tramo-acceso-Ambrosetti.jpg",1024,768,false],"newsium-featured":["https:\/\/fmamiga909.com.ar\/wp-content\/uploads\/2017\/05\/Obra-2\u00b0-tramo-acceso-Ambrosetti.jpg",1024,768,false],"newsium-medium":["https:\/\/fmamiga909.com.ar\/wp-content\/uploads\/2017\/05\/Obra-2\u00b0-tramo-acceso-Ambrosetti.jpg",633,475,false]},"author_info":{"display_name":"Fredy Giuliano","author_link":"https:\/\/fmamiga909.com.ar\/?author=3"},"category_info":"<a href=\"https:\/\/fmamiga909.com.ar\/?cat=1\" rel=\"category\">La radio<\/a> <a href=\"https:\/\/fmamiga909.com.ar\/?cat=3\" rel=\"category\">Noticias<\/a>","tag_info":"Noticias","comment_count":"0","_links":{"self":[{"href":"https:\/\/fmamiga909.com.ar\/index.php?rest_route=\/wp\/v2\/posts\/5183","targetHints":{"allow":["GET"]}}],"collection":[{"href":"https:\/\/fmamiga909.com.ar\/index.php?rest_route=\/wp\/v2\/posts"}],"about":[{"href":"https:\/\/fmamiga909.com.ar\/index.php?rest_route=\/wp\/v2\/types\/post"}],"author":[{"embeddable":true,"href":"https:\/\/fmamiga909.com.ar\/index.php?rest_route=\/wp\/v2\/users\/3"}],"replies":[{"embeddable":true,"href":"https:\/\/fmamiga909.com.ar\/index.php?rest_route=%2Fwp%2Fv2%2Fcomments&post=5183"}],"version-history":[{"count":1,"href":"https:\/\/fmamiga909.com.ar\/index.php?rest_route=\/wp\/v2\/posts\/5183\/revisions"}],"predecessor-version":[{"id":5185,"href":"https:\/\/fmamiga909.com.ar\/index.php?rest_route=\/wp\/v2\/posts\/5183\/revisions\/5185"}],"wp:featuredmedia":[{"embeddable":true,"href":"https:\/\/fmamiga909.com.ar\/index.php?rest_route=\/wp\/v2\/media\/5184"}],"wp:attachment":[{"href":"https:\/\/fmamiga909.com.ar\/index.php?rest_route=%2Fwp%2Fv2%2Fmedia&parent=5183"}],"wp:term":[{"taxonomy":"category","embeddable":true,"href":"https:\/\/fmamiga909.com.ar\/index.php?rest_route=%2Fwp%2Fv2%2Fcategories&post=5183"},{"taxonomy":"post_tag","embeddable":true,"href":"https:\/\/fmamiga909.com.ar\/index.php?rest_route=%2Fwp%2Fv2%2Ftags&post=5183"}],"curies":[{"name":"wp","href":"https:\/\/api.w.org\/{rel}","templated":true}]}}