{"id":5254,"date":"2017-06-02T00:27:27","date_gmt":"2017-06-02T00:27:27","guid":{"rendered":"http:\/\/fmamiga909.com.ar\/?p=5254"},"modified":"2017-06-02T02:32:41","modified_gmt":"2017-06-02T02:32:41","slug":"nueva-comision-de-cultura","status":"publish","type":"post","link":"https:\/\/fmamiga909.com.ar\/?p=5254","title":{"rendered":"Nueva Comisi\u00f3n de Cultura"},"content":{"rendered":"<p>Visitaron el estudio de la Radio los nuevos integrantes de la Comisi\u00f3n de Cultura. Esta vez fue reformada mediante una ordenanza Comunal donde la nueva Comisi\u00f3n debe estar integrada por dos miembros de la Comisi\u00f3n Comunal y tres ciudadanos de nuestra localidad.<\/p>\n<p>Los integrantes son: Por la Comisi\u00f3n Comunal Sergio Martines y Ram\u00f3n Gimenez y en representaci\u00f3n de la poblaci\u00f3n Adriana Perez, Maria Bollati y Hugo Bollati.<\/p>\n<p>La nueva comisi\u00f3n tiene proyectado varias actividades culturales para este a\u00f1o, la primera ya s realizo y fue el fin de semana cuando se llev\u00f3 a cabo el 1\u00ba Encuentro del Torneo Provincial de Bolitas, Desfile de tejidos entre otros y tambi\u00e9n est\u00e1n organizando los festejos de los 125 a\u00f1os de nuestro pueblo el pr\u00f3ximo 1 de julio.<\/p>\n<p>Prometieron volver mas adelante para dar mas detalles de este evento.<\/p>\n<p><img loading=\"lazy\" decoding=\"async\" class=\"alignnone size-medium wp-image-5255\" src=\"https:\/\/fmamiga909.com.ar\/wp-content\/uploads\/2017\/06\/Comision-de-cultura-300x102.jpg\" alt=\"\" width=\"300\" height=\"102\" srcset=\"https:\/\/fmamiga909.com.ar\/wp-content\/uploads\/2017\/06\/Comision-de-cultura-300x102.jpg 300w, https:\/\/fmamiga909.com.ar\/wp-content\/uploads\/2017\/06\/Comision-de-cultura-1024x347.jpg 1024w, https:\/\/fmamiga909.com.ar\/wp-content\/uploads\/2017\/06\/Comision-de-cultura-950x322.jpg 950w\" sizes=\"auto, (max-width: 300px) 100vw, 300px\" \/>\u00a0\u00a0<img loading=\"lazy\" decoding=\"async\" class=\"alignnone size-medium wp-image-5257\" src=\"https:\/\/fmamiga909.com.ar\/wp-content\/uploads\/2017\/06\/IMG-20170529-WA0019-300x169.jpg\" alt=\"\" width=\"300\" height=\"169\" srcset=\"https:\/\/fmamiga909.com.ar\/wp-content\/uploads\/2017\/06\/IMG-20170529-WA0019-300x169.jpg 300w, https:\/\/fmamiga909.com.ar\/wp-content\/uploads\/2017\/06\/IMG-20170529-WA0019-1024x576.jpg 1024w, https:\/\/fmamiga909.com.ar\/wp-content\/uploads\/2017\/06\/IMG-20170529-WA0019-950x534.jpg 950w, https:\/\/fmamiga909.com.ar\/wp-content\/uploads\/2017\/06\/IMG-20170529-WA0019.jpg 1280w\" sizes=\"auto, (max-width: 300px) 100vw, 300px\" \/><\/p>\n<p><img loading=\"lazy\" decoding=\"async\" class=\"alignnone size-medium wp-image-5258\" src=\"https:\/\/fmamiga909.com.ar\/wp-content\/uploads\/2017\/06\/IMG-20170529-WA0020-300x169.jpg\" alt=\"\" width=\"300\" height=\"169\" srcset=\"https:\/\/fmamiga909.com.ar\/wp-content\/uploads\/2017\/06\/IMG-20170529-WA0020-300x169.jpg 300w, https:\/\/fmamiga909.com.ar\/wp-content\/uploads\/2017\/06\/IMG-20170529-WA0020-1024x576.jpg 1024w, https:\/\/fmamiga909.com.ar\/wp-content\/uploads\/2017\/06\/IMG-20170529-WA0020-950x534.jpg 950w, https:\/\/fmamiga909.com.ar\/wp-content\/uploads\/2017\/06\/IMG-20170529-WA0020.jpg 1280w\" sizes=\"auto, (max-width: 300px) 100vw, 300px\" \/>\u00a0 <img loading=\"lazy\" decoding=\"async\" class=\"alignnone size-medium wp-image-5259\" src=\"https:\/\/fmamiga909.com.ar\/wp-content\/uploads\/2017\/06\/IMG-20170529-WA0021-300x169.jpg\" alt=\"\" width=\"300\" height=\"169\" srcset=\"https:\/\/fmamiga909.com.ar\/wp-content\/uploads\/2017\/06\/IMG-20170529-WA0021-300x169.jpg 300w, https:\/\/fmamiga909.com.ar\/wp-content\/uploads\/2017\/06\/IMG-20170529-WA0021-1024x576.jpg 1024w, https:\/\/fmamiga909.com.ar\/wp-content\/uploads\/2017\/06\/IMG-20170529-WA0021-950x534.jpg 950w, https:\/\/fmamiga909.com.ar\/wp-content\/uploads\/2017\/06\/IMG-20170529-WA0021.jpg 1280w\" sizes=\"auto, (max-width: 300px) 100vw, 300px\" \/> <img loading=\"lazy\" decoding=\"async\" class=\"alignnone size-medium wp-image-5260\" src=\"https:\/\/fmamiga909.com.ar\/wp-content\/uploads\/2017\/06\/IMG-20170529-WA0022-300x169.jpg\" alt=\"\" width=\"300\" height=\"169\" srcset=\"https:\/\/fmamiga909.com.ar\/wp-content\/uploads\/2017\/06\/IMG-20170529-WA0022-300x169.jpg 300w, https:\/\/fmamiga909.com.ar\/wp-content\/uploads\/2017\/06\/IMG-20170529-WA0022-1024x576.jpg 1024w, https:\/\/fmamiga909.com.ar\/wp-content\/uploads\/2017\/06\/IMG-20170529-WA0022-950x534.jpg 950w, https:\/\/fmamiga909.com.ar\/wp-content\/uploads\/2017\/06\/IMG-20170529-WA0022.jpg 1280w\" sizes=\"auto, (max-width: 300px) 100vw, 300px\" \/>\u00a0\u00a0<img loading=\"lazy\" decoding=\"async\" class=\"alignnone size-medium wp-image-5261\" src=\"https:\/\/fmamiga909.com.ar\/wp-content\/uploads\/2017\/06\/IMG-20170529-WA0023-300x169.jpg\" alt=\"\" width=\"300\" height=\"169\" srcset=\"https:\/\/fmamiga909.com.ar\/wp-content\/uploads\/2017\/06\/IMG-20170529-WA0023-300x169.jpg 300w, https:\/\/fmamiga909.com.ar\/wp-content\/uploads\/2017\/06\/IMG-20170529-WA0023-1024x576.jpg 1024w, https:\/\/fmamiga909.com.ar\/wp-content\/uploads\/2017\/06\/IMG-20170529-WA0023-950x534.jpg 950w, https:\/\/fmamiga909.com.ar\/wp-content\/uploads\/2017\/06\/IMG-20170529-WA0023.jpg 1280w\" sizes=\"auto, (max-width: 300px) 100vw, 300px\" \/> <img loading=\"lazy\" decoding=\"async\" class=\"alignnone size-medium wp-image-5262\" src=\"https:\/\/fmamiga909.com.ar\/wp-content\/uploads\/2017\/06\/IMG-20170529-WA0024-300x169.jpg\" alt=\"\" width=\"300\" height=\"169\" srcset=\"https:\/\/fmamiga909.com.ar\/wp-content\/uploads\/2017\/06\/IMG-20170529-WA0024-300x169.jpg 300w, https:\/\/fmamiga909.com.ar\/wp-content\/uploads\/2017\/06\/IMG-20170529-WA0024-1024x576.jpg 1024w, https:\/\/fmamiga909.com.ar\/wp-content\/uploads\/2017\/06\/IMG-20170529-WA0024-950x534.jpg 950w, https:\/\/fmamiga909.com.ar\/wp-content\/uploads\/2017\/06\/IMG-20170529-WA0024.jpg 1280w\" sizes=\"auto, (max-width: 300px) 100vw, 300px\" \/><\/p>\n<p>&nbsp;<\/p>\n","protected":false},"excerpt":{"rendered":"<p>Visitaron el estudio de la Radio los nuevos integrantes de la Comisi\u00f3n de Cultura. Esta&#8230;<\/p>\n","protected":false},"author":3,"featured_media":5255,"comment_status":"closed","ping_status":"closed","sticky":false,"template":"","format":"standard","meta":{"footnotes":""},"categories":[1,3],"tags":[],"class_list":["post-5254","post","type-post","status-publish","format-standard","has-post-thumbnail","hentry","category-uncategorized","category-noticias"],"featured_image_urls":{"full":["https:\/\/fmamiga909.com.ar\/wp-content\/uploads\/2017\/06\/Comision-de-cultura.jpg",3993,1353,false],"thumbnail":["https:\/\/fmamiga909.com.ar\/wp-content\/uploads\/2017\/06\/Comision-de-cultura-150x150.jpg",150,150,true],"medium":["https:\/\/fmamiga909.com.ar\/wp-content\/uploads\/2017\/06\/Comision-de-cultura-300x102.jpg",300,102,true],"medium_large":["https:\/\/fmamiga909.com.ar\/wp-content\/uploads\/2017\/06\/Comision-de-cultura.jpg",3993,1353,false],"large":["https:\/\/fmamiga909.com.ar\/wp-content\/uploads\/2017\/06\/Comision-de-cultura-1024x347.jpg",640,217,true],"1536x1536":["https:\/\/fmamiga909.com.ar\/wp-content\/uploads\/2017\/06\/Comision-de-cultura.jpg",1536,520,false],"2048x2048":["https:\/\/fmamiga909.com.ar\/wp-content\/uploads\/2017\/06\/Comision-de-cultura.jpg",2048,694,false],"newsium-slider-full":["https:\/\/fmamiga909.com.ar\/wp-content\/uploads\/2017\/06\/Comision-de-cultura.jpg",1280,434,false],"newsium-featured":["https:\/\/fmamiga909.com.ar\/wp-content\/uploads\/2017\/06\/Comision-de-cultura.jpg",1024,347,false],"newsium-medium":["https:\/\/fmamiga909.com.ar\/wp-content\/uploads\/2017\/06\/Comision-de-cultura.jpg",720,244,false]},"author_info":{"display_name":"Fredy Giuliano","author_link":"https:\/\/fmamiga909.com.ar\/?author=3"},"category_info":"<a href=\"https:\/\/fmamiga909.com.ar\/?cat=1\" rel=\"category\">La radio<\/a> <a href=\"https:\/\/fmamiga909.com.ar\/?cat=3\" rel=\"category\">Noticias<\/a>","tag_info":"Noticias","comment_count":"0","_links":{"self":[{"href":"https:\/\/fmamiga909.com.ar\/index.php?rest_route=\/wp\/v2\/posts\/5254","targetHints":{"allow":["GET"]}}],"collection":[{"href":"https:\/\/fmamiga909.com.ar\/index.php?rest_route=\/wp\/v2\/posts"}],"about":[{"href":"https:\/\/fmamiga909.com.ar\/index.php?rest_route=\/wp\/v2\/types\/post"}],"author":[{"embeddable":true,"href":"https:\/\/fmamiga909.com.ar\/index.php?rest_route=\/wp\/v2\/users\/3"}],"replies":[{"embeddable":true,"href":"https:\/\/fmamiga909.com.ar\/index.php?rest_route=%2Fwp%2Fv2%2Fcomments&post=5254"}],"version-history":[{"count":3,"href":"https:\/\/fmamiga909.com.ar\/index.php?rest_route=\/wp\/v2\/posts\/5254\/revisions"}],"predecessor-version":[{"id":5264,"href":"https:\/\/fmamiga909.com.ar\/index.php?rest_route=\/wp\/v2\/posts\/5254\/revisions\/5264"}],"wp:featuredmedia":[{"embeddable":true,"href":"https:\/\/fmamiga909.com.ar\/index.php?rest_route=\/wp\/v2\/media\/5255"}],"wp:attachment":[{"href":"https:\/\/fmamiga909.com.ar\/index.php?rest_route=%2Fwp%2Fv2%2Fmedia&parent=5254"}],"wp:term":[{"taxonomy":"category","embeddable":true,"href":"https:\/\/fmamiga909.com.ar\/index.php?rest_route=%2Fwp%2Fv2%2Fcategories&post=5254"},{"taxonomy":"post_tag","embeddable":true,"href":"https:\/\/fmamiga909.com.ar\/index.php?rest_route=%2Fwp%2Fv2%2Ftags&post=5254"}],"curies":[{"name":"wp","href":"https:\/\/api.w.org\/{rel}","templated":true}]}}