{"id":5289,"date":"2017-06-22T16:01:26","date_gmt":"2017-06-22T16:01:26","guid":{"rendered":"http:\/\/fmamiga909.com.ar\/?p=5289"},"modified":"2017-06-22T16:02:44","modified_gmt":"2017-06-22T16:02:44","slug":"ordenanza-donde-se-prohibe-la-venta-ambulante","status":"publish","type":"post","link":"https:\/\/fmamiga909.com.ar\/?p=5289","title":{"rendered":"ORDENANZA DONDE SE PROH\u00cdBE LA VENTA AMBULANTE"},"content":{"rendered":"<p>El Presidente Comunal, Celestino Nicolau, firm\u00f3 la ordenanza donde se PROH\u00cdBE la venta ambulante en nuestra localidad.<\/p>\n<p>El centro comercial, a trav\u00e9s de sus asociados, hab\u00eda presentado un petitorio a la Comisi\u00f3n Comunal solicitando la prohibici\u00f3n de la venta ambulante ya que se esta perjudicando al comercio local.<\/p>\n<p>La ordenanza N\u00ba 2084\/17 entra en vigencia el primero de julio pr\u00f3ximo.<\/p>\n<p><img loading=\"lazy\" decoding=\"async\" class=\"alignnone size-medium wp-image-5290\" src=\"https:\/\/fmamiga909.com.ar\/wp-content\/uploads\/2017\/06\/2084-1-184x300.jpg\" alt=\"\" width=\"184\" height=\"300\" srcset=\"https:\/\/fmamiga909.com.ar\/wp-content\/uploads\/2017\/06\/2084-1-184x300.jpg 184w, https:\/\/fmamiga909.com.ar\/wp-content\/uploads\/2017\/06\/2084-1-628x1024.jpg 628w, https:\/\/fmamiga909.com.ar\/wp-content\/uploads\/2017\/06\/2084-1-950x1548.jpg 950w\" sizes=\"auto, (max-width: 184px) 100vw, 184px\" \/> <img loading=\"lazy\" decoding=\"async\" class=\"alignnone size-medium wp-image-5291\" src=\"https:\/\/fmamiga909.com.ar\/wp-content\/uploads\/2017\/06\/2084-2-202x300.jpg\" alt=\"\" width=\"202\" height=\"300\" srcset=\"https:\/\/fmamiga909.com.ar\/wp-content\/uploads\/2017\/06\/2084-2-202x300.jpg 202w, https:\/\/fmamiga909.com.ar\/wp-content\/uploads\/2017\/06\/2084-2-689x1024.jpg 689w, https:\/\/fmamiga909.com.ar\/wp-content\/uploads\/2017\/06\/2084-2-950x1412.jpg 950w\" sizes=\"auto, (max-width: 202px) 100vw, 202px\" \/><\/p>\n<p>&nbsp;<\/p>\n","protected":false},"excerpt":{"rendered":"<p>El Presidente Comunal, Celestino Nicolau, firm\u00f3 la ordenanza donde se PROH\u00cdBE la venta ambulante en&#8230;<\/p>\n","protected":false},"author":3,"featured_media":5292,"comment_status":"closed","ping_status":"closed","sticky":false,"template":"","format":"standard","meta":{"footnotes":""},"categories":[1,3],"tags":[],"class_list":["post-5289","post","type-post","status-publish","format-standard","has-post-thumbnail","hentry","category-uncategorized","category-noticias"],"featured_image_urls":{"full":["https:\/\/fmamiga909.com.ar\/wp-content\/uploads\/2017\/06\/ambulanteeee.jpg",591,365,false],"thumbnail":["https:\/\/fmamiga909.com.ar\/wp-content\/uploads\/2017\/06\/ambulanteeee-150x150.jpg",150,150,true],"medium":["https:\/\/fmamiga909.com.ar\/wp-content\/uploads\/2017\/06\/ambulanteeee-300x185.jpg",300,185,true],"medium_large":["https:\/\/fmamiga909.com.ar\/wp-content\/uploads\/2017\/06\/ambulanteeee.jpg",591,365,false],"large":["https:\/\/fmamiga909.com.ar\/wp-content\/uploads\/2017\/06\/ambulanteeee.jpg",591,365,false],"1536x1536":["https:\/\/fmamiga909.com.ar\/wp-content\/uploads\/2017\/06\/ambulanteeee.jpg",591,365,false],"2048x2048":["https:\/\/fmamiga909.com.ar\/wp-content\/uploads\/2017\/06\/ambulanteeee.jpg",591,365,false],"newsium-slider-full":["https:\/\/fmamiga909.com.ar\/wp-content\/uploads\/2017\/06\/ambulanteeee.jpg",591,365,false],"newsium-featured":["https:\/\/fmamiga909.com.ar\/wp-content\/uploads\/2017\/06\/ambulanteeee.jpg",591,365,false],"newsium-medium":["https:\/\/fmamiga909.com.ar\/wp-content\/uploads\/2017\/06\/ambulanteeee.jpg",591,365,false]},"author_info":{"display_name":"Fredy Giuliano","author_link":"https:\/\/fmamiga909.com.ar\/?author=3"},"category_info":"<a href=\"https:\/\/fmamiga909.com.ar\/?cat=1\" rel=\"category\">La radio<\/a> <a href=\"https:\/\/fmamiga909.com.ar\/?cat=3\" rel=\"category\">Noticias<\/a>","tag_info":"Noticias","comment_count":"0","_links":{"self":[{"href":"https:\/\/fmamiga909.com.ar\/index.php?rest_route=\/wp\/v2\/posts\/5289","targetHints":{"allow":["GET"]}}],"collection":[{"href":"https:\/\/fmamiga909.com.ar\/index.php?rest_route=\/wp\/v2\/posts"}],"about":[{"href":"https:\/\/fmamiga909.com.ar\/index.php?rest_route=\/wp\/v2\/types\/post"}],"author":[{"embeddable":true,"href":"https:\/\/fmamiga909.com.ar\/index.php?rest_route=\/wp\/v2\/users\/3"}],"replies":[{"embeddable":true,"href":"https:\/\/fmamiga909.com.ar\/index.php?rest_route=%2Fwp%2Fv2%2Fcomments&post=5289"}],"version-history":[{"count":1,"href":"https:\/\/fmamiga909.com.ar\/index.php?rest_route=\/wp\/v2\/posts\/5289\/revisions"}],"predecessor-version":[{"id":5293,"href":"https:\/\/fmamiga909.com.ar\/index.php?rest_route=\/wp\/v2\/posts\/5289\/revisions\/5293"}],"wp:featuredmedia":[{"embeddable":true,"href":"https:\/\/fmamiga909.com.ar\/index.php?rest_route=\/wp\/v2\/media\/5292"}],"wp:attachment":[{"href":"https:\/\/fmamiga909.com.ar\/index.php?rest_route=%2Fwp%2Fv2%2Fmedia&parent=5289"}],"wp:term":[{"taxonomy":"category","embeddable":true,"href":"https:\/\/fmamiga909.com.ar\/index.php?rest_route=%2Fwp%2Fv2%2Fcategories&post=5289"},{"taxonomy":"post_tag","embeddable":true,"href":"https:\/\/fmamiga909.com.ar\/index.php?rest_route=%2Fwp%2Fv2%2Ftags&post=5289"}],"curies":[{"name":"wp","href":"https:\/\/api.w.org\/{rel}","templated":true}]}}