{"id":5294,"date":"2017-06-22T21:50:04","date_gmt":"2017-06-22T21:50:04","guid":{"rendered":"http:\/\/fmamiga909.com.ar\/?p=5294"},"modified":"2017-06-22T21:50:04","modified_gmt":"2017-06-22T21:50:04","slug":"bonificacion-a-comerciantes-afectados-por-aut-giro","status":"publish","type":"post","link":"https:\/\/fmamiga909.com.ar\/?p=5294","title":{"rendered":"BONIFICACI\u00d3N A COMERCIANTES AFECTADOS POR \u00abAUT. GIRO\u00bb"},"content":{"rendered":"<p>Ante el reclamo de algunos comerciantes que le solicitaron al presidente Comunal Celestino Nicolau la prohibici\u00f3n de la apertura de una sucursal del Autoservicio GIRO en nuestra localidad, la comisi\u00f3n comunal desdi\u00f3 abrir un registro para todos aquellos comercio afectados y, luego de analizar la situaci\u00f3n de cada uno, otorgar un beneficio de un 50 % de descuento en el DREI.<\/p>\n<p><img loading=\"lazy\" decoding=\"async\" class=\"alignnone size-medium wp-image-5295\" src=\"https:\/\/fmamiga909.com.ar\/wp-content\/uploads\/2017\/06\/2085-1-200x300.jpg\" alt=\"\" width=\"200\" height=\"300\" srcset=\"https:\/\/fmamiga909.com.ar\/wp-content\/uploads\/2017\/06\/2085-1-200x300.jpg 200w, https:\/\/fmamiga909.com.ar\/wp-content\/uploads\/2017\/06\/2085-1-683x1024.jpg 683w, https:\/\/fmamiga909.com.ar\/wp-content\/uploads\/2017\/06\/2085-1-950x1425.jpg 950w\" sizes=\"auto, (max-width: 200px) 100vw, 200px\" \/> <img loading=\"lazy\" decoding=\"async\" class=\"alignnone size-medium wp-image-5296\" src=\"https:\/\/fmamiga909.com.ar\/wp-content\/uploads\/2017\/06\/2085-2-235x300.jpg\" alt=\"\" width=\"235\" height=\"300\" srcset=\"https:\/\/fmamiga909.com.ar\/wp-content\/uploads\/2017\/06\/2085-2-235x300.jpg 235w, https:\/\/fmamiga909.com.ar\/wp-content\/uploads\/2017\/06\/2085-2-802x1024.jpg 802w, https:\/\/fmamiga909.com.ar\/wp-content\/uploads\/2017\/06\/2085-2-950x1213.jpg 950w\" sizes=\"auto, (max-width: 235px) 100vw, 235px\" \/><\/p>\n","protected":false},"excerpt":{"rendered":"<p>Ante el reclamo de algunos comerciantes que le solicitaron al presidente Comunal Celestino Nicolau la&#8230;<\/p>\n","protected":false},"author":3,"featured_media":3712,"comment_status":"closed","ping_status":"closed","sticky":false,"template":"","format":"standard","meta":{"footnotes":""},"categories":[1,3],"tags":[],"class_list":["post-5294","post","type-post","status-publish","format-standard","has-post-thumbnail","hentry","category-uncategorized","category-noticias"],"featured_image_urls":{"full":["https:\/\/fmamiga909.com.ar\/wp-content\/uploads\/2015\/12\/12375017_533038526854460_4839456018242897361_o.jpg",2048,1536,false],"thumbnail":["https:\/\/fmamiga909.com.ar\/wp-content\/uploads\/2015\/12\/12375017_533038526854460_4839456018242897361_o-150x150.jpg",150,150,true],"medium":["https:\/\/fmamiga909.com.ar\/wp-content\/uploads\/2015\/12\/12375017_533038526854460_4839456018242897361_o-300x225.jpg",300,225,true],"medium_large":["https:\/\/fmamiga909.com.ar\/wp-content\/uploads\/2015\/12\/12375017_533038526854460_4839456018242897361_o.jpg",2048,1536,false],"large":["https:\/\/fmamiga909.com.ar\/wp-content\/uploads\/2015\/12\/12375017_533038526854460_4839456018242897361_o-1024x768.jpg",640,480,true],"1536x1536":["https:\/\/fmamiga909.com.ar\/wp-content\/uploads\/2015\/12\/12375017_533038526854460_4839456018242897361_o.jpg",1536,1152,false],"2048x2048":["https:\/\/fmamiga909.com.ar\/wp-content\/uploads\/2015\/12\/12375017_533038526854460_4839456018242897361_o.jpg",2048,1536,false],"newsium-slider-full":["https:\/\/fmamiga909.com.ar\/wp-content\/uploads\/2015\/12\/12375017_533038526854460_4839456018242897361_o.jpg",1127,845,false],"newsium-featured":["https:\/\/fmamiga909.com.ar\/wp-content\/uploads\/2015\/12\/12375017_533038526854460_4839456018242897361_o.jpg",1024,768,false],"newsium-medium":["https:\/\/fmamiga909.com.ar\/wp-content\/uploads\/2015\/12\/12375017_533038526854460_4839456018242897361_o.jpg",633,475,false]},"author_info":{"display_name":"Fredy Giuliano","author_link":"https:\/\/fmamiga909.com.ar\/?author=3"},"category_info":"<a href=\"https:\/\/fmamiga909.com.ar\/?cat=1\" rel=\"category\">La radio<\/a> <a href=\"https:\/\/fmamiga909.com.ar\/?cat=3\" rel=\"category\">Noticias<\/a>","tag_info":"Noticias","comment_count":"0","_links":{"self":[{"href":"https:\/\/fmamiga909.com.ar\/index.php?rest_route=\/wp\/v2\/posts\/5294","targetHints":{"allow":["GET"]}}],"collection":[{"href":"https:\/\/fmamiga909.com.ar\/index.php?rest_route=\/wp\/v2\/posts"}],"about":[{"href":"https:\/\/fmamiga909.com.ar\/index.php?rest_route=\/wp\/v2\/types\/post"}],"author":[{"embeddable":true,"href":"https:\/\/fmamiga909.com.ar\/index.php?rest_route=\/wp\/v2\/users\/3"}],"replies":[{"embeddable":true,"href":"https:\/\/fmamiga909.com.ar\/index.php?rest_route=%2Fwp%2Fv2%2Fcomments&post=5294"}],"version-history":[{"count":1,"href":"https:\/\/fmamiga909.com.ar\/index.php?rest_route=\/wp\/v2\/posts\/5294\/revisions"}],"predecessor-version":[{"id":5297,"href":"https:\/\/fmamiga909.com.ar\/index.php?rest_route=\/wp\/v2\/posts\/5294\/revisions\/5297"}],"wp:featuredmedia":[{"embeddable":true,"href":"https:\/\/fmamiga909.com.ar\/index.php?rest_route=\/wp\/v2\/media\/3712"}],"wp:attachment":[{"href":"https:\/\/fmamiga909.com.ar\/index.php?rest_route=%2Fwp%2Fv2%2Fmedia&parent=5294"}],"wp:term":[{"taxonomy":"category","embeddable":true,"href":"https:\/\/fmamiga909.com.ar\/index.php?rest_route=%2Fwp%2Fv2%2Fcategories&post=5294"},{"taxonomy":"post_tag","embeddable":true,"href":"https:\/\/fmamiga909.com.ar\/index.php?rest_route=%2Fwp%2Fv2%2Ftags&post=5294"}],"curies":[{"name":"wp","href":"https:\/\/api.w.org\/{rel}","templated":true}]}}