{"id":5658,"date":"2017-12-05T01:56:31","date_gmt":"2017-12-05T01:56:31","guid":{"rendered":"http:\/\/fmamiga909.com.ar\/?p=5658"},"modified":"2017-12-05T01:56:31","modified_gmt":"2017-12-05T01:56:31","slug":"hersilia-dice-no-a-la-violencia-de-genero","status":"publish","type":"post","link":"https:\/\/fmamiga909.com.ar\/?p=5658","title":{"rendered":"Hersilia dice No a la violencia de G\u00e9nero"},"content":{"rendered":"<p>Visitaron nuestro estudio la Psic\u00f3loga Mar\u00eda Elisa Lucero, y las Asistentes Sociales Graciela Rocha y Luciana Mainero para comentarnos sobre la jornada que se desarrollo d\u00edas atr\u00e1s en la Plaza San Mart\u00edn sobre la concientizaci\u00f3n\u00a0 contra la Violencia de Genero.\u00a0Todo comenz\u00f3 a las 18 hs donde hubo puestos con informaci\u00f3n sobre la problem\u00e1tica, tambi\u00e9n recreativos, art\u00edsticos, interactivos y m\u00fasica.<span class=\"text_exposed_show\"><br \/>\nA las 19 hs se realiz\u00f3 una caminata hasta el Club Uni\u00f3n Social y Deportiva donde se pint\u00f3 un Mural alusivo.<\/span><\/p>\n<p>Desde la Comuna local se cre\u00f3 el \u00c1rea de la Mujer. Desde all\u00ed se trabaja en conjunto entre las Asistentes Sociales, la Psicol\u00f3gica, la Polic\u00eda y el Juez dando ayuda, acompa\u00f1amiento y contenci\u00f3n a mujeres en distintas situaciones.<\/p>\n<p>Toda persona que necesite ayuda puede dirigirse a la Estaci\u00f3n del Ferrocarril los d\u00edas lunes por la ma\u00f1ana, contactarse con las Asistentes Sociales o tambi\u00e9n pueden mandar un e-mail a areadelamujerhersilia@gmail.com .<\/p>\n<p>&nbsp;<\/p>\n<p><img loading=\"lazy\" decoding=\"async\" class=\"alignnone size-medium wp-image-5660\" src=\"https:\/\/fmamiga909.com.ar\/wp-content\/uploads\/2017\/12\/violencia-300x225.jpg\" alt=\"\" width=\"300\" height=\"225\" srcset=\"https:\/\/fmamiga909.com.ar\/wp-content\/uploads\/2017\/12\/violencia-300x225.jpg 300w, https:\/\/fmamiga909.com.ar\/wp-content\/uploads\/2017\/12\/violencia-1024x768.jpg 1024w, https:\/\/fmamiga909.com.ar\/wp-content\/uploads\/2017\/12\/violencia-259x194.jpg 259w, https:\/\/fmamiga909.com.ar\/wp-content\/uploads\/2017\/12\/violencia-950x713.jpg 950w, https:\/\/fmamiga909.com.ar\/wp-content\/uploads\/2017\/12\/violencia.jpg 1600w\" sizes=\"auto, (max-width: 300px) 100vw, 300px\" \/>\u00a0 \u00a0<img loading=\"lazy\" decoding=\"async\" class=\"alignnone size-medium wp-image-5661\" src=\"https:\/\/fmamiga909.com.ar\/wp-content\/uploads\/2017\/12\/20171204_094140-300x225.jpg\" alt=\"\" width=\"300\" height=\"225\" srcset=\"https:\/\/fmamiga909.com.ar\/wp-content\/uploads\/2017\/12\/20171204_094140-300x225.jpg 300w, https:\/\/fmamiga909.com.ar\/wp-content\/uploads\/2017\/12\/20171204_094140-1024x768.jpg 1024w, https:\/\/fmamiga909.com.ar\/wp-content\/uploads\/2017\/12\/20171204_094140-259x194.jpg 259w, https:\/\/fmamiga909.com.ar\/wp-content\/uploads\/2017\/12\/20171204_094140-950x713.jpg 950w\" sizes=\"auto, (max-width: 300px) 100vw, 300px\" \/><\/p>\n<p>&nbsp;<\/p>\n","protected":false},"excerpt":{"rendered":"<p>Visitaron nuestro estudio la Psic\u00f3loga Mar\u00eda Elisa Lucero, y las Asistentes Sociales Graciela Rocha y&#8230;<\/p>\n","protected":false},"author":3,"featured_media":5659,"comment_status":"closed","ping_status":"closed","sticky":false,"template":"","format":"standard","meta":{"footnotes":""},"categories":[1,3],"tags":[],"class_list":["post-5658","post","type-post","status-publish","format-standard","has-post-thumbnail","hentry","category-uncategorized","category-noticias"],"featured_image_urls":{"full":["https:\/\/fmamiga909.com.ar\/wp-content\/uploads\/2017\/12\/20171204_092406.jpg",4128,3096,false],"thumbnail":["https:\/\/fmamiga909.com.ar\/wp-content\/uploads\/2017\/12\/20171204_092406-150x150.jpg",150,150,true],"medium":["https:\/\/fmamiga909.com.ar\/wp-content\/uploads\/2017\/12\/20171204_092406-300x225.jpg",300,225,true],"medium_large":["https:\/\/fmamiga909.com.ar\/wp-content\/uploads\/2017\/12\/20171204_092406.jpg",4128,3096,false],"large":["https:\/\/fmamiga909.com.ar\/wp-content\/uploads\/2017\/12\/20171204_092406-1024x768.jpg",640,480,true],"1536x1536":["https:\/\/fmamiga909.com.ar\/wp-content\/uploads\/2017\/12\/20171204_092406.jpg",1536,1152,false],"2048x2048":["https:\/\/fmamiga909.com.ar\/wp-content\/uploads\/2017\/12\/20171204_092406.jpg",2048,1536,false],"newsium-slider-full":["https:\/\/fmamiga909.com.ar\/wp-content\/uploads\/2017\/12\/20171204_092406.jpg",1127,845,false],"newsium-featured":["https:\/\/fmamiga909.com.ar\/wp-content\/uploads\/2017\/12\/20171204_092406.jpg",1024,768,false],"newsium-medium":["https:\/\/fmamiga909.com.ar\/wp-content\/uploads\/2017\/12\/20171204_092406.jpg",633,475,false]},"author_info":{"display_name":"Fredy Giuliano","author_link":"https:\/\/fmamiga909.com.ar\/?author=3"},"category_info":"<a href=\"https:\/\/fmamiga909.com.ar\/?cat=1\" rel=\"category\">La radio<\/a> <a href=\"https:\/\/fmamiga909.com.ar\/?cat=3\" rel=\"category\">Noticias<\/a>","tag_info":"Noticias","comment_count":"0","_links":{"self":[{"href":"https:\/\/fmamiga909.com.ar\/index.php?rest_route=\/wp\/v2\/posts\/5658","targetHints":{"allow":["GET"]}}],"collection":[{"href":"https:\/\/fmamiga909.com.ar\/index.php?rest_route=\/wp\/v2\/posts"}],"about":[{"href":"https:\/\/fmamiga909.com.ar\/index.php?rest_route=\/wp\/v2\/types\/post"}],"author":[{"embeddable":true,"href":"https:\/\/fmamiga909.com.ar\/index.php?rest_route=\/wp\/v2\/users\/3"}],"replies":[{"embeddable":true,"href":"https:\/\/fmamiga909.com.ar\/index.php?rest_route=%2Fwp%2Fv2%2Fcomments&post=5658"}],"version-history":[{"count":1,"href":"https:\/\/fmamiga909.com.ar\/index.php?rest_route=\/wp\/v2\/posts\/5658\/revisions"}],"predecessor-version":[{"id":5662,"href":"https:\/\/fmamiga909.com.ar\/index.php?rest_route=\/wp\/v2\/posts\/5658\/revisions\/5662"}],"wp:featuredmedia":[{"embeddable":true,"href":"https:\/\/fmamiga909.com.ar\/index.php?rest_route=\/wp\/v2\/media\/5659"}],"wp:attachment":[{"href":"https:\/\/fmamiga909.com.ar\/index.php?rest_route=%2Fwp%2Fv2%2Fmedia&parent=5658"}],"wp:term":[{"taxonomy":"category","embeddable":true,"href":"https:\/\/fmamiga909.com.ar\/index.php?rest_route=%2Fwp%2Fv2%2Fcategories&post=5658"},{"taxonomy":"post_tag","embeddable":true,"href":"https:\/\/fmamiga909.com.ar\/index.php?rest_route=%2Fwp%2Fv2%2Ftags&post=5658"}],"curies":[{"name":"wp","href":"https:\/\/api.w.org\/{rel}","templated":true}]}}