{"id":5679,"date":"2017-12-12T12:34:48","date_gmt":"2017-12-12T12:34:48","guid":{"rendered":"http:\/\/fmamiga909.com.ar\/?p=5679"},"modified":"2017-12-12T12:34:48","modified_gmt":"2017-12-12T12:34:48","slug":"morini-asumio-el-ministerio-de-obras-publicas","status":"publish","type":"post","link":"https:\/\/fmamiga909.com.ar\/?p=5679","title":{"rendered":"Morini asumi\u00f3 el Ministerio de Obras P\u00fablicas"},"content":{"rendered":"<div>El gobernador de Santa Fe,<b>\u00a0Miguel Lifschitz, puso en funciones este lunes a los nuevos ministros<\/b>de Salud, Andrea Uboldi; de la Producci\u00f3n, Alicia Ciciliani; de Ciencia, Tecnolog\u00eda e Innovaci\u00f3n Productiva, Erica Hynes; y de Obras P\u00fablicas, Pedro Morini.<\/div>\n<div><\/div>\n<div>\u00abCreo que hemos\u00a0<b>demostrado que hay un equipo de trabajo,\u00a0<\/b>coordinaci\u00f3n y sinton\u00eda, un esfuerzo compartido en funci\u00f3n de objetivos comunes y de un proyecto colectivo que es el del Frente Progresista, C\u00edvico y Social, que comenz\u00f3 el ex gobernador Hermes Binner hace 10 a\u00f1os, y que me toca a m\u00ed el honor en esta etapa de darle continuidad\u201d, afirm\u00f3 el gobernador.<\/div>\n<div><\/div>\n<div>\u201cSoy\u00a0<b>optimista respecto del futuro y estoy muy conforme con lo que hemos podido lograr<\/b>\u00a0en estos 24 meses al frente del gobierno de Santa Fe. Si repasan aquellas cuestiones que planteamos en nuestra campa\u00f1a electoral y aquellas prioridades que establecimos en el primer discurso en la Legislatura, podr\u00e1n advertir que pr\u00e1cticamente todo lo que planteamos como una expresi\u00f3n de deseo, proyecto o meta, hoy es una realidad, algunos proyectos est\u00e1n en marcha, otros han sido concluidos y otros est\u00e1n en principio de ejecuci\u00f3n\u201d.<\/div>\n<div><\/div>\n<div>\u201cNos quedan dos a\u00f1os por delante, que seguramente van a ser muy intensos, porque como todo gobierno no s\u00f3lo hay que pensar el d\u00eda a d\u00eda, sino tambi\u00e9n el futuro y proyectar hacia adelante. A\u00fan siendo el t\u00e9rmino de nuestra gesti\u00f3n en 24 meses m\u00e1s, nuestra mirada y perspectiva es de largo plazo para imaginar la provincia que queremos y las bases sobre las cu\u00e1les tenemos que construir para llegar a esos objetivos y metas\u201d.<\/div>\n<div><\/div>\n<div>Lifschitz manifest\u00f3 su \u201corgullo de poder integrar este equipo que est\u00e1 en marcha con personas que tienen experiencia, trayectoria pol\u00edtica, que conocen la gesti\u00f3n, que son parte de nuestro proyecto com\u00fan y han participado activamente desde otros lugares en este trabajo que venimos desarrollando en la provincia. Seguramente van a estar a la altura de las circunstancias y le aportar\u00e1n su impronta, su personalidad y experiencia para seguir avanzando y sostener nuevos objetivos\u201d.<\/div>\n<div><\/div>\n<div><b>NUEVOS MINISTROS DEL GABINETE<\/b><\/div>\n<div><\/div>\n<div>La\u00a0<b>ministra de la Producci\u00f3n, Alicia Ciciliani<\/b>, expres\u00f3 que su principal objetivo es \u201ctener un ministerio acorde con la importancia productiva de la provincia. Para lo cual, tenemos que tener una colaboraci\u00f3n p\u00fablico-privada para desarrollar la producci\u00f3n y aspiramos a que el Estado provincial sea un aliado estrat\u00e9gico de todos los emprendedores y productores\u201d.<\/div>\n<div><\/div>\n<div>La\u00a0<b>ministra de Ciencia, Tecnolog\u00eda e Innovaci\u00f3n Productiva, Erica Hynes,\u00a0<\/b>precis\u00f3 que \u201clos desaf\u00edos tienen que ver con agregar y permitir el flujo de conocimiento desde los lugares donde se produce, centros de investigaci\u00f3n y universidades, hacia los lugares que lo requieren en nuestra provincia; no solo el sector productivo, tambi\u00e9n al Estado y las organizaciones sociales y sus redes. Estamos esperando con mucha expectativa lograr esto, en articulaci\u00f3n con el resto del gabinete\u201d.<\/div>\n<div><\/div>\n<div>La<b>\u00a0ministra de Salud, Andrea Uboldi,<\/b>\u00a0se refiri\u00f3 a \u00ablos desaf\u00edos que hay por delante en el corto plazo, como el Centro de Especialidades M\u00e9dicas de Santa Fe, que es la posibilidad de dar respuesta, en calidad y en cantidad, a la consulta ambulatoria de especialidades. Tambi\u00e9n vienen nuevos desaf\u00edos, como el hospital Iturraspe, los hospitales de Reconquista y de Coronda. Viene la posibilidad de seguir constituyendo los equipos b\u00e1sicos a lo largo de la provincia, que es una necesidad imperiosa de la provincia y del pa\u00eds\u201d.<\/div>\n<div><\/div>\n<div>El<b>\u00a0ministro de Obras P\u00fablicas, Pedro Morini\u00a0<\/b>afirm\u00f3 que \u00abla provincia tiene una gran obra p\u00fablica, con un desempe\u00f1o muy importante, una impronta del gobernador y con recursos. La provincia hoy cuenta con recursos para hacer las obras y tambi\u00e9n con el personal id\u00f3neo para poder llevar adelante\u00bb.<\/div>\n","protected":false},"excerpt":{"rendered":"<p>El gobernador de Santa Fe,\u00a0Miguel Lifschitz, puso en funciones este lunes a los nuevos ministrosde&#8230;<\/p>\n","protected":false},"author":3,"featured_media":5680,"comment_status":"closed","ping_status":"closed","sticky":false,"template":"","format":"standard","meta":{"footnotes":""},"categories":[1,3],"tags":[],"class_list":["post-5679","post","type-post","status-publish","format-standard","has-post-thumbnail","hentry","category-uncategorized","category-noticias"],"featured_image_urls":{"full":["https:\/\/fmamiga909.com.ar\/wp-content\/uploads\/2017\/12\/0001111.jpg",821,527,false],"thumbnail":["https:\/\/fmamiga909.com.ar\/wp-content\/uploads\/2017\/12\/0001111-150x150.jpg",150,150,true],"medium":["https:\/\/fmamiga909.com.ar\/wp-content\/uploads\/2017\/12\/0001111-300x193.jpg",300,193,true],"medium_large":["https:\/\/fmamiga909.com.ar\/wp-content\/uploads\/2017\/12\/0001111.jpg",821,527,false],"large":["https:\/\/fmamiga909.com.ar\/wp-content\/uploads\/2017\/12\/0001111.jpg",640,411,false],"1536x1536":["https:\/\/fmamiga909.com.ar\/wp-content\/uploads\/2017\/12\/0001111.jpg",821,527,false],"2048x2048":["https:\/\/fmamiga909.com.ar\/wp-content\/uploads\/2017\/12\/0001111.jpg",821,527,false],"newsium-slider-full":["https:\/\/fmamiga909.com.ar\/wp-content\/uploads\/2017\/12\/0001111.jpg",821,527,false],"newsium-featured":["https:\/\/fmamiga909.com.ar\/wp-content\/uploads\/2017\/12\/0001111.jpg",821,527,false],"newsium-medium":["https:\/\/fmamiga909.com.ar\/wp-content\/uploads\/2017\/12\/0001111.jpg",720,462,false]},"author_info":{"display_name":"Fredy Giuliano","author_link":"https:\/\/fmamiga909.com.ar\/?author=3"},"category_info":"<a href=\"https:\/\/fmamiga909.com.ar\/?cat=1\" rel=\"category\">La radio<\/a> <a href=\"https:\/\/fmamiga909.com.ar\/?cat=3\" rel=\"category\">Noticias<\/a>","tag_info":"Noticias","comment_count":"0","_links":{"self":[{"href":"https:\/\/fmamiga909.com.ar\/index.php?rest_route=\/wp\/v2\/posts\/5679","targetHints":{"allow":["GET"]}}],"collection":[{"href":"https:\/\/fmamiga909.com.ar\/index.php?rest_route=\/wp\/v2\/posts"}],"about":[{"href":"https:\/\/fmamiga909.com.ar\/index.php?rest_route=\/wp\/v2\/types\/post"}],"author":[{"embeddable":true,"href":"https:\/\/fmamiga909.com.ar\/index.php?rest_route=\/wp\/v2\/users\/3"}],"replies":[{"embeddable":true,"href":"https:\/\/fmamiga909.com.ar\/index.php?rest_route=%2Fwp%2Fv2%2Fcomments&post=5679"}],"version-history":[{"count":1,"href":"https:\/\/fmamiga909.com.ar\/index.php?rest_route=\/wp\/v2\/posts\/5679\/revisions"}],"predecessor-version":[{"id":5681,"href":"https:\/\/fmamiga909.com.ar\/index.php?rest_route=\/wp\/v2\/posts\/5679\/revisions\/5681"}],"wp:featuredmedia":[{"embeddable":true,"href":"https:\/\/fmamiga909.com.ar\/index.php?rest_route=\/wp\/v2\/media\/5680"}],"wp:attachment":[{"href":"https:\/\/fmamiga909.com.ar\/index.php?rest_route=%2Fwp%2Fv2%2Fmedia&parent=5679"}],"wp:term":[{"taxonomy":"category","embeddable":true,"href":"https:\/\/fmamiga909.com.ar\/index.php?rest_route=%2Fwp%2Fv2%2Fcategories&post=5679"},{"taxonomy":"post_tag","embeddable":true,"href":"https:\/\/fmamiga909.com.ar\/index.php?rest_route=%2Fwp%2Fv2%2Ftags&post=5679"}],"curies":[{"name":"wp","href":"https:\/\/api.w.org\/{rel}","templated":true}]}}