{"id":5717,"date":"2018-01-12T22:00:38","date_gmt":"2018-01-12T22:00:38","guid":{"rendered":"http:\/\/fmamiga909.com.ar\/?p=5717"},"modified":"2018-01-12T22:44:28","modified_gmt":"2018-01-12T22:44:28","slug":"un-millon-de-pesos-para-la-cooperativa-de-servicios-publicos","status":"publish","type":"post","link":"https:\/\/fmamiga909.com.ar\/?p=5717","title":{"rendered":"Un Mill\u00f3n de Pesos para la Cooperativa de Servicios P\u00fablicos"},"content":{"rendered":"<p>La cooperativa de Servicios P\u00fablicos de Hersilia recibi\u00f3 de manos del Senador Felipe Michlig,\u00a0el Vice-Pte. de la EPE, Dr. Fabi\u00e1n Bast\u00eda, y de la Secretaria de Energ\u00eda de la Provincia Ver\u00f3nica Gesse un aporte no reintegrable de $ 1.000.000.-\u00a0 El importe esta destinado a palear necesidades en el servici\u00f3 de electrificaci\u00f3n rural que brinda esta Cooperativa.<\/p>\n<p>Sonia Llull, Presidente del Consejo de la Cooperativa, dijo: \u00abes una ayuda muy importante ya que se esta dando electricidad a productores rurales, pero tambi\u00e9n cabe destacar que\u00a0 hoy por hoy son muchos menos los abonados que tenemos ya que por distintas situaciones clim\u00e1ticas vividas se fueron cerrando los tambos que eran muchos y hoy son muy pocos los que est\u00e1n funcionando\u00bb<\/p>\n<p><img loading=\"lazy\" decoding=\"async\" class=\"alignnone size-medium wp-image-5718\" src=\"https:\/\/fmamiga909.com.ar\/wp-content\/uploads\/2018\/01\/20180109_120010-300x225.jpg\" alt=\"\" width=\"300\" height=\"225\" srcset=\"https:\/\/fmamiga909.com.ar\/wp-content\/uploads\/2018\/01\/20180109_120010-300x225.jpg 300w, https:\/\/fmamiga909.com.ar\/wp-content\/uploads\/2018\/01\/20180109_120010-1024x768.jpg 1024w, https:\/\/fmamiga909.com.ar\/wp-content\/uploads\/2018\/01\/20180109_120010-259x194.jpg 259w, https:\/\/fmamiga909.com.ar\/wp-content\/uploads\/2018\/01\/20180109_120010-950x713.jpg 950w\" sizes=\"auto, (max-width: 300px) 100vw, 300px\" \/>\u00a0<img loading=\"lazy\" decoding=\"async\" class=\"alignnone size-medium wp-image-5724\" src=\"https:\/\/fmamiga909.com.ar\/wp-content\/uploads\/2018\/01\/20180109_120502-1-300x225.jpg\" alt=\"\" width=\"300\" height=\"225\" srcset=\"https:\/\/fmamiga909.com.ar\/wp-content\/uploads\/2018\/01\/20180109_120502-1-300x225.jpg 300w, https:\/\/fmamiga909.com.ar\/wp-content\/uploads\/2018\/01\/20180109_120502-1-1024x768.jpg 1024w, https:\/\/fmamiga909.com.ar\/wp-content\/uploads\/2018\/01\/20180109_120502-1-259x194.jpg 259w, https:\/\/fmamiga909.com.ar\/wp-content\/uploads\/2018\/01\/20180109_120502-1-950x713.jpg 950w\" sizes=\"auto, (max-width: 300px) 100vw, 300px\" \/> <img loading=\"lazy\" decoding=\"async\" class=\"alignnone size-medium wp-image-5723\" src=\"https:\/\/fmamiga909.com.ar\/wp-content\/uploads\/2018\/01\/20180109_121914-1-300x225.jpg\" alt=\"\" width=\"300\" height=\"225\" srcset=\"https:\/\/fmamiga909.com.ar\/wp-content\/uploads\/2018\/01\/20180109_121914-1-300x225.jpg 300w, https:\/\/fmamiga909.com.ar\/wp-content\/uploads\/2018\/01\/20180109_121914-1-1024x768.jpg 1024w, https:\/\/fmamiga909.com.ar\/wp-content\/uploads\/2018\/01\/20180109_121914-1-259x194.jpg 259w, https:\/\/fmamiga909.com.ar\/wp-content\/uploads\/2018\/01\/20180109_121914-1-950x713.jpg 950w\" sizes=\"auto, (max-width: 300px) 100vw, 300px\" \/> <img loading=\"lazy\" decoding=\"async\" class=\"alignnone size-medium wp-image-5719\" src=\"https:\/\/fmamiga909.com.ar\/wp-content\/uploads\/2018\/01\/20180109_120030-300x225.jpg\" alt=\"\" width=\"300\" height=\"225\" srcset=\"https:\/\/fmamiga909.com.ar\/wp-content\/uploads\/2018\/01\/20180109_120030-300x225.jpg 300w, https:\/\/fmamiga909.com.ar\/wp-content\/uploads\/2018\/01\/20180109_120030-1024x768.jpg 1024w, https:\/\/fmamiga909.com.ar\/wp-content\/uploads\/2018\/01\/20180109_120030-259x194.jpg 259w, https:\/\/fmamiga909.com.ar\/wp-content\/uploads\/2018\/01\/20180109_120030-950x713.jpg 950w\" sizes=\"auto, (max-width: 300px) 100vw, 300px\" \/> <img loading=\"lazy\" decoding=\"async\" class=\"alignnone size-medium wp-image-5721\" src=\"https:\/\/fmamiga909.com.ar\/wp-content\/uploads\/2018\/01\/20180109_120714-300x225.jpg\" alt=\"\" width=\"300\" height=\"225\" srcset=\"https:\/\/fmamiga909.com.ar\/wp-content\/uploads\/2018\/01\/20180109_120714-300x225.jpg 300w, https:\/\/fmamiga909.com.ar\/wp-content\/uploads\/2018\/01\/20180109_120714-1024x768.jpg 1024w, https:\/\/fmamiga909.com.ar\/wp-content\/uploads\/2018\/01\/20180109_120714-259x194.jpg 259w, https:\/\/fmamiga909.com.ar\/wp-content\/uploads\/2018\/01\/20180109_120714-950x713.jpg 950w\" sizes=\"auto, (max-width: 300px) 100vw, 300px\" \/><\/p>\n","protected":false},"excerpt":{"rendered":"<p>La cooperativa de Servicios P\u00fablicos de Hersilia recibi\u00f3 de manos del Senador Felipe Michlig,\u00a0el Vice-Pte&#8230;.<\/p>\n","protected":false},"author":3,"featured_media":5724,"comment_status":"closed","ping_status":"closed","sticky":false,"template":"","format":"standard","meta":{"footnotes":""},"categories":[1],"tags":[],"class_list":["post-5717","post","type-post","status-publish","format-standard","has-post-thumbnail","hentry","category-uncategorized"],"featured_image_urls":{"full":["https:\/\/fmamiga909.com.ar\/wp-content\/uploads\/2018\/01\/20180109_120502-1.jpg",4128,3096,false],"thumbnail":["https:\/\/fmamiga909.com.ar\/wp-content\/uploads\/2018\/01\/20180109_120502-1-150x150.jpg",150,150,true],"medium":["https:\/\/fmamiga909.com.ar\/wp-content\/uploads\/2018\/01\/20180109_120502-1-300x225.jpg",300,225,true],"medium_large":["https:\/\/fmamiga909.com.ar\/wp-content\/uploads\/2018\/01\/20180109_120502-1.jpg",4128,3096,false],"large":["https:\/\/fmamiga909.com.ar\/wp-content\/uploads\/2018\/01\/20180109_120502-1-1024x768.jpg",640,480,true],"1536x1536":["https:\/\/fmamiga909.com.ar\/wp-content\/uploads\/2018\/01\/20180109_120502-1.jpg",1536,1152,false],"2048x2048":["https:\/\/fmamiga909.com.ar\/wp-content\/uploads\/2018\/01\/20180109_120502-1.jpg",2048,1536,false],"newsium-slider-full":["https:\/\/fmamiga909.com.ar\/wp-content\/uploads\/2018\/01\/20180109_120502-1.jpg",1127,845,false],"newsium-featured":["https:\/\/fmamiga909.com.ar\/wp-content\/uploads\/2018\/01\/20180109_120502-1.jpg",1024,768,false],"newsium-medium":["https:\/\/fmamiga909.com.ar\/wp-content\/uploads\/2018\/01\/20180109_120502-1.jpg",633,475,false]},"author_info":{"display_name":"Fredy Giuliano","author_link":"https:\/\/fmamiga909.com.ar\/?author=3"},"category_info":"<a href=\"https:\/\/fmamiga909.com.ar\/?cat=1\" rel=\"category\">La radio<\/a>","tag_info":"La radio","comment_count":"0","_links":{"self":[{"href":"https:\/\/fmamiga909.com.ar\/index.php?rest_route=\/wp\/v2\/posts\/5717","targetHints":{"allow":["GET"]}}],"collection":[{"href":"https:\/\/fmamiga909.com.ar\/index.php?rest_route=\/wp\/v2\/posts"}],"about":[{"href":"https:\/\/fmamiga909.com.ar\/index.php?rest_route=\/wp\/v2\/types\/post"}],"author":[{"embeddable":true,"href":"https:\/\/fmamiga909.com.ar\/index.php?rest_route=\/wp\/v2\/users\/3"}],"replies":[{"embeddable":true,"href":"https:\/\/fmamiga909.com.ar\/index.php?rest_route=%2Fwp%2Fv2%2Fcomments&post=5717"}],"version-history":[{"count":3,"href":"https:\/\/fmamiga909.com.ar\/index.php?rest_route=\/wp\/v2\/posts\/5717\/revisions"}],"predecessor-version":[{"id":5727,"href":"https:\/\/fmamiga909.com.ar\/index.php?rest_route=\/wp\/v2\/posts\/5717\/revisions\/5727"}],"wp:featuredmedia":[{"embeddable":true,"href":"https:\/\/fmamiga909.com.ar\/index.php?rest_route=\/wp\/v2\/media\/5724"}],"wp:attachment":[{"href":"https:\/\/fmamiga909.com.ar\/index.php?rest_route=%2Fwp%2Fv2%2Fmedia&parent=5717"}],"wp:term":[{"taxonomy":"category","embeddable":true,"href":"https:\/\/fmamiga909.com.ar\/index.php?rest_route=%2Fwp%2Fv2%2Fcategories&post=5717"},{"taxonomy":"post_tag","embeddable":true,"href":"https:\/\/fmamiga909.com.ar\/index.php?rest_route=%2Fwp%2Fv2%2Ftags&post=5717"}],"curies":[{"name":"wp","href":"https:\/\/api.w.org\/{rel}","templated":true}]}}