{"id":5749,"date":"2018-01-23T10:04:15","date_gmt":"2018-01-23T10:04:15","guid":{"rendered":"http:\/\/fmamiga909.com.ar\/?p=5749"},"modified":"2018-01-23T10:04:15","modified_gmt":"2018-01-23T10:04:15","slug":"brindaron-precisiones-en-torno-a-la-fiebre-amarilla","status":"publish","type":"post","link":"https:\/\/fmamiga909.com.ar\/?p=5749","title":{"rendered":"Brindaron precisiones en torno a la fiebre amarilla"},"content":{"rendered":"<div>La Ministra de Salud, Andrea Uboldi,<b>\u00a0realiz\u00f3 una conferencia de prensa en la ciudad de Santa Fe para brindar recomendaciones a los viajeros<\/b>\u00a0ante la situaci\u00f3n de fiebre amarilla que atraviesa Brasil y otros pa\u00edses tur\u00edsticos.<\/div>\n<div><\/div>\n<div>En primer lugar, Uboldi remarc\u00f3 la importancia de que \u201cla poblaci\u00f3n, una vez que decida el destino de sus vacaciones o viaje,\u00a0<b>tenga cierta anticipaci\u00f3n en una consulta m\u00e9dica,\u00a0<\/b>no s\u00f3lo por Brasil sino tambi\u00e9n por cualquier otro destino, para saber qu\u00e9 est\u00e1 pasando en cada lugar\u201d.<\/div>\n<div><\/div>\n<div>\u201cDurante el per\u00edodo previo a las vacaciones estuvimos insistiendo en base a cu\u00e1l era la situaci\u00f3n epidemiol\u00f3gica real de Brasil. Esta es una vacuna que puede ser exigida para ingresar a ciertos pa\u00edses porque est\u00e1 sujeta al Reglamento Sanitario Internacional. De todas maneras, actualmente Brasil no est\u00e1 pidiendo la colocaci\u00f3n de la vacuna y Argentina tampoco exige su inoculaci\u00f3n para salir del pa\u00eds\u201d, a\u00f1adi\u00f3.<\/div>\n<div><\/div>\n<div>Adem\u00e1s,<b>\u00a0la ministra destac\u00f3 que \u201cdesde 2016 la vacuna contra la fiebre amarilla se aplica una vez en la vida.<\/b>\u00a0Es decir que quienes ya se la aplicaron desde ese a\u00f1o a la actualidad, y tenga el certificado, no necesitan volverse a vacunar\u201d.<\/div>\n<div><\/div>\n<div>\u201cM\u00e1s all\u00e1 del tema en particular de la fiebre amarilla, es muy importante que el ciudadano tenga el calendario de vacunaci\u00f3n al d\u00eda porque es m\u00e1s probable que uno se lastime o se corte en la playa que tenga fiebre amarilla\u201d, agreg\u00f3.<\/div>\n<div><\/div>\n<div>Finalmente,<b>\u00a0Uboldi se\u00f1al\u00f3 que \u201cal momento de la inoculaci\u00f3n de la vacuna,<\/b>\u00a0esta no tiene un efecto inmediato, sino que el paciente va a necesitar 15 d\u00edas de tiempo para generar anticuerpos. Por eso, desaconsejamos que la persona con el auto cargado y el d\u00eda previo a viajar concurra a un efector a vacunarse, esto no corresponde y tienen la indicaci\u00f3n los vacunadores de no aplicar la dosis\u201d.<\/div>\n<div><\/div>\n<div><b>\u00bfQU\u00c9 ES LA FIEBRE AMARILLA Y C\u00d3MO SE TRANSMITE?<\/b><\/div>\n<div><\/div>\n<div>Es una enfermedad viral que se transmite a trav\u00e9s de la picadura de mosquitos hemat\u00f3fagos infectados previamente por el virus, perteneciente a la familia Flaviviridae<\/p>\n<\/div>\n<div>Se describen cl\u00e1sicamente en Am\u00e9rica\u00a0<b>dos ciclos de transmisi\u00f3n de la fiebre amarilla, el selv\u00e1tico y el urbano.<\/b>\u00a0El ciclo selv\u00e1tico es mantenido entre primates no humanos y mosquitos t\u00edpicos de la selva. En el ciclo urbano, intervienen el hombre y mosquitos Aedes Aegypti, vector con caracter\u00edsticas dom\u00e9sticas.<\/div>\n<div><b>\u00a0<\/b><\/div>\n<div><b>RECOMENDACIONES<\/b><\/div>\n<div><\/div>\n<div>Por su parte, la Sociedad Argentina de Vacunologia y Epidemiolog\u00eda (SAVE) expres\u00f3 algunos conceptos claves en relaci\u00f3n a la vacunaci\u00f3n contra fiebre amarilla:<\/div>\n<div><\/div>\n<div><b>&lt;&lt;&lt;\u00a0<\/b>Solo deben recibir la vacuna aquellos viajeros que visiten \u00e1reas de riesgo y no tengan contraindicaciones.<\/div>\n<div><\/div>\n<div><b>&lt;&lt;&lt;\u00a0<\/b>Las \u00e1reas geogr\u00e1ficas que se han incorporado a las recomendaciones son los estados brasile\u00f1os de R\u00edo de Janeiro, San Pablo, Esp\u00edritu Santo y gran parte de Bah\u00eda, incluyendo las ciudades de Salvador de Bah\u00eda y Praia do Forte.<\/div>\n<div><\/div>\n<div><b>&lt;&lt;&lt;\u00a0<\/b>Los destinos de la costa, como Florian\u00f3polis, Camboriu, Fortaleza, Natal, Recife, entre otros, no requieren vacunaci\u00f3n.<\/div>\n<div><\/div>\n<div><b>&lt;&lt;&lt;<\/b>\u00a0No deben vacunarse aquellos que viajen tanto por tierra o por v\u00eda a\u00e9rea a destinos situados en la costa de los Estados de Paran\u00e1, Santa Catarina y Rio Grande do Sul ni quienes permanezcan menos de 72 horas en una zona de riesgo como escala de viaje.<\/div>\n<div><\/div>\n<div><b>&lt;&lt;&lt;<\/b>\u00a0Se debe priorizar la vacunaci\u00f3n a aquellas personas que van a realizar viajes en el corto plazo con el fin de optimizar la utilizaci\u00f3n del insumo y no saturar el sistema de salud.<\/div>\n<div><\/div>\n<div><b>&lt;&lt;&lt;\u00a0<\/b>La vacuna contra fiebre amarilla debe aplicarse al menos 10 d\u00edas antes del viaje y no es necesario recibir refuerzos ya que una \u00fanica dosis es suficiente para estar protegido a lo largo de la vida.<\/div>\n<div><\/div>\n<div><b>&lt;&lt;&lt;\u00a0<\/b>El gobierno de Brasil no exige el Certificado Internacional de Vacunaci\u00f3n contra fiebre amarilla para ingresar a dicho pa\u00eds. No es obligatoria la vacunaci\u00f3n para viajar a Brasil.<\/div>\n<div><\/div>\n<div><b>&lt;&lt;&lt;<\/b>\u00a0La vacuna es elaborada con virus vivos y atenuados, por lo que est\u00e1 contraindicada para los menores de 6 meses, embarazadas, para quienes tengan alteraciones del sistema inmune, personas con enfermedad del timo, miastenia gravis, s\u00edndrome de Digeorge, tumores malignos, trasplantes de \u00f3rganos, patolog\u00edas que requieran tratamientos con inmunosupresores y\/o inmunomoduladores, siendo mayor el riesgo que el beneficio en todos estos casos.<\/div>\n<div><\/div>\n<div><b>&lt;&lt;&lt;\u00a0<\/b>Se debe tener precauci\u00f3n especial con los ni\u00f1os entre 6 y 9 meses de edad (evaluar indicaci\u00f3n en situaci\u00f3n de brote), adultos mayores de 60 a\u00f1os de edad, VIH asintom\u00e1ticos y lactancia, por lo que en estos casos se recomienda evaluar el riesgo beneficio de la vacunaci\u00f3n bajo asesoramiento m\u00e9dico.<\/div>\n<div><\/div>\n<div><b>&lt;&lt;&lt;\u00a0<\/b>Las estrategias de prevenci\u00f3n, adem\u00e1s de la vacuna, son la aplicaci\u00f3n de repelentes, el uso de ropa de mangas largas y de colores claros.<\/div>\n<div><\/div>\n<div><b>MANIFESTACIONES CL\u00cdNICAS DE LA FIEBRE AMARILLA<\/b><\/div>\n<div><\/div>\n<div>Las manifestaciones cl\u00ednicas son variables y van desde formas asintom\u00e1ticas, pasando por formas leves con sintomatolog\u00eda inespec\u00edfica, hasta la fiebre hemorr\u00e1gica cl\u00e1sica.<\/div>\n<div><\/div>\n<div>El\u00a0<b>per\u00edodo de infecci\u00f3n aparece de 3 a 6 d\u00edas despu\u00e9s de la picadura del mosquito.\u00a0<\/b>El comienzo es abrupto, y el paciente presenta fiebre mayor de 39 grados, escalofr\u00edos, cefalea, n\u00e1useas, mareos, malestar general y dolor muscular, congesti\u00f3n facial. Durante este per\u00edodo el paciente se encuentra vir\u00e9mico, por lo que puede ser fuente de infecci\u00f3n para mosquitos.<\/div>\n","protected":false},"excerpt":{"rendered":"<p>La Ministra de Salud, Andrea Uboldi,\u00a0realiz\u00f3 una conferencia de prensa en la ciudad de Santa&#8230;<\/p>\n","protected":false},"author":3,"featured_media":5750,"comment_status":"closed","ping_status":"closed","sticky":false,"template":"","format":"standard","meta":{"footnotes":""},"categories":[3],"tags":[],"class_list":["post-5749","post","type-post","status-publish","format-standard","has-post-thumbnail","hentry","category-noticias"],"featured_image_urls":{"full":["https:\/\/fmamiga909.com.ar\/wp-content\/uploads\/2018\/01\/andrea.jpg",768,556,false],"thumbnail":["https:\/\/fmamiga909.com.ar\/wp-content\/uploads\/2018\/01\/andrea-150x150.jpg",150,150,true],"medium":["https:\/\/fmamiga909.com.ar\/wp-content\/uploads\/2018\/01\/andrea-300x217.jpg",300,217,true],"medium_large":["https:\/\/fmamiga909.com.ar\/wp-content\/uploads\/2018\/01\/andrea.jpg",768,556,false],"large":["https:\/\/fmamiga909.com.ar\/wp-content\/uploads\/2018\/01\/andrea.jpg",640,463,false],"1536x1536":["https:\/\/fmamiga909.com.ar\/wp-content\/uploads\/2018\/01\/andrea.jpg",768,556,false],"2048x2048":["https:\/\/fmamiga909.com.ar\/wp-content\/uploads\/2018\/01\/andrea.jpg",768,556,false],"newsium-slider-full":["https:\/\/fmamiga909.com.ar\/wp-content\/uploads\/2018\/01\/andrea.jpg",768,556,false],"newsium-featured":["https:\/\/fmamiga909.com.ar\/wp-content\/uploads\/2018\/01\/andrea.jpg",768,556,false],"newsium-medium":["https:\/\/fmamiga909.com.ar\/wp-content\/uploads\/2018\/01\/andrea.jpg",656,475,false]},"author_info":{"display_name":"Fredy Giuliano","author_link":"https:\/\/fmamiga909.com.ar\/?author=3"},"category_info":"<a href=\"https:\/\/fmamiga909.com.ar\/?cat=3\" rel=\"category\">Noticias<\/a>","tag_info":"Noticias","comment_count":"0","_links":{"self":[{"href":"https:\/\/fmamiga909.com.ar\/index.php?rest_route=\/wp\/v2\/posts\/5749","targetHints":{"allow":["GET"]}}],"collection":[{"href":"https:\/\/fmamiga909.com.ar\/index.php?rest_route=\/wp\/v2\/posts"}],"about":[{"href":"https:\/\/fmamiga909.com.ar\/index.php?rest_route=\/wp\/v2\/types\/post"}],"author":[{"embeddable":true,"href":"https:\/\/fmamiga909.com.ar\/index.php?rest_route=\/wp\/v2\/users\/3"}],"replies":[{"embeddable":true,"href":"https:\/\/fmamiga909.com.ar\/index.php?rest_route=%2Fwp%2Fv2%2Fcomments&post=5749"}],"version-history":[{"count":1,"href":"https:\/\/fmamiga909.com.ar\/index.php?rest_route=\/wp\/v2\/posts\/5749\/revisions"}],"predecessor-version":[{"id":5751,"href":"https:\/\/fmamiga909.com.ar\/index.php?rest_route=\/wp\/v2\/posts\/5749\/revisions\/5751"}],"wp:featuredmedia":[{"embeddable":true,"href":"https:\/\/fmamiga909.com.ar\/index.php?rest_route=\/wp\/v2\/media\/5750"}],"wp:attachment":[{"href":"https:\/\/fmamiga909.com.ar\/index.php?rest_route=%2Fwp%2Fv2%2Fmedia&parent=5749"}],"wp:term":[{"taxonomy":"category","embeddable":true,"href":"https:\/\/fmamiga909.com.ar\/index.php?rest_route=%2Fwp%2Fv2%2Fcategories&post=5749"},{"taxonomy":"post_tag","embeddable":true,"href":"https:\/\/fmamiga909.com.ar\/index.php?rest_route=%2Fwp%2Fv2%2Ftags&post=5749"}],"curies":[{"name":"wp","href":"https:\/\/api.w.org\/{rel}","templated":true}]}}