{"id":5787,"date":"2018-02-20T03:09:39","date_gmt":"2018-02-20T03:09:39","guid":{"rendered":"http:\/\/fmamiga909.com.ar\/?p=5787"},"modified":"2018-02-20T03:09:39","modified_gmt":"2018-02-20T03:09:39","slug":"evitemos-una-crisis-asistencial-de-la-salud","status":"publish","type":"post","link":"https:\/\/fmamiga909.com.ar\/?p=5787","title":{"rendered":"Evitemos una crisis asistencial de la salud"},"content":{"rendered":"<p class=\"selectionShareable\">La Obra Social brinda servicios de salud a m\u00e1s de 550.000 personas en nuestra provincia, en los \u00faltimos a\u00f1os ha mejorado \u00a0ostensiblemente las prestaciones que brinda, adhiriendo a programas como el de salud mental, salud reproductiva, discapacidad, etc., como tambi\u00e9n la accesibilidad a los mismos y al resto de las prestaciones a trav\u00e9s de sistemas online de autorizaci\u00f3n, \u00a0obtenci\u00f3n de bonos por cajeros autom\u00e1ticos y v\u00eda homebanking y la calidad en la atenci\u00f3n y prevenci\u00f3n de la salud.<\/p>\n<p class=\"selectionShareable\">\n<p class=\"selectionShareable\">Nuestras estructuras sanatoriales y profesionales acompa\u00f1aron ese proceso aumentando los niveles de cobertura y el acceso a los mismos.<\/p>\n<p class=\"selectionShareable\">\n<p class=\"selectionShareable\">Todo lo antes dicho genera un aumento en los costos globales de la Obra Social que deben necesariamente acompa\u00f1arse de una mejora del financiamiento a la misma y a los prestadores que brindan efectivamente los servicios antes mencionados.<\/p>\n<p class=\"selectionShareable\">\n<p class=\"selectionShareable\">En el caso del Departamento La Capital, notamos tambi\u00e9n un importante volumen de prestaciones a afiliados de departamentos del interior de nuestra Provincia en porcentajes que superan el 35% de los consumos totales lo que empeora la situaci\u00f3n local gener\u00e1ndose adem\u00e1s una situaci\u00f3n de discriminaci\u00f3n \u00a0de nuestro convenio con respecto al del Departamento Rosario, donde la Obra Social \u00a0esas prestaciones las abona por separado.<\/p>\n<p class=\"selectionShareable\">\n<p class=\"selectionShareable\">En el \u00faltimo a\u00f1o la Obra Social no ha respondido a los razonables requerimientos del sector que representamos con una pol\u00edtica arancelaria coherente, habiendo modificado sus aranceles por \u00faltima vez en julio 2017, hace ya m\u00e1s de 7 meses. Nos resulta sorprendente este comportamiento cuando desde todos los sectores de la comunidad y del propio estado se reconoce que nos encontramos inmersos en un proceso inflacionario \u00a0muy importante que hace necesario \u00a0readecuar los valores abonados para mantener los servicios.<\/p>\n<p class=\"selectionShareable\">\n<p class=\"selectionShareable\">Hemos planteado la necesidad de mejora en innumerables oportunidades, llevando datos de consumo, estad\u00edsticas, valores de mercado de las prestaciones, datos del aumento particular de los costos en salud por insumos importados, salarios, servicios y la propia inflaci\u00f3n general, pero hasta la fecha la \u00fanica respuesta es que el presupuesto de la Obra Social no se ha modificado por lo que no habr\u00e1 ninguna mejora, respuesta inadmisible dado que NADA a conservado su valor fijo desde Julio de 2017 en la Argentina.<\/p>\n<p class=\"selectionShareable\">\n<p class=\"selectionShareable\">La inflaci\u00f3n interanual del orden del 25 %, los aumentos salariales del sector, cuyo \u00faltimo tramo fue en este Enero de 2018 por activaci\u00f3n de cl\u00e1usula gatillo fijada por paritaria (al igual que la de los empleados de la Provincia afiliados a la Obra Social) hacen indispensable un aumento de la valorizaci\u00f3n de las prestaciones (hoy un 50% por debajo de los valores de plaza) y el ajuste por consumo de las mismas (hoy soportan pagos porcentuales entre 60 y 80%) que permita continuar con los servicios de manera normal.<\/p>\n<p class=\"selectionShareable\">\n<p class=\"selectionShareable\">La falta de respuesta por parte de los responsables nos conduce inexorablemente a un deterioro continuo de la calidad y nos obliga a\u00a0<strong><em>comunicarles que no nos ser\u00e1 posible continuar provisionando servicios con normalidad<\/em><\/strong>, a pesar de los esfuerzos que realizamos para evitar situaciones de conflicto.<\/p>\n<p class=\"selectionShareable\">\n<p class=\"selectionShareable\">Llamamos a la reflexi\u00f3n a las autoridades pol\u00edticas, sanitarias y de la Obra Social para que se analice con prontitud una salida que permita evitar una segura crisis prestacional, y poder continuar dando servicios normalmente en tan dif\u00edcil situaci\u00f3n.<\/p>\n<p class=\"selectionShareable\">\n<p class=\"selectionShareable\"><strong><em>Asociaci\u00f3n de Sanatorios, Cl\u00ednicas y Sociedades de Asistencia M\u00e9dica de Santa Fe.<\/em><\/strong><\/p>\n<p>Fuente: Ellitoral<\/p>\n","protected":false},"excerpt":{"rendered":"<p>La Obra Social brinda servicios de salud a m\u00e1s de 550.000 personas en nuestra provincia,&#8230;<\/p>\n","protected":false},"author":3,"featured_media":5764,"comment_status":"closed","ping_status":"closed","sticky":false,"template":"","format":"standard","meta":{"footnotes":""},"categories":[1],"tags":[],"class_list":["post-5787","post","type-post","status-publish","format-standard","has-post-thumbnail","hentry","category-uncategorized"],"featured_image_urls":{"full":["https:\/\/fmamiga909.com.ar\/wp-content\/uploads\/2018\/02\/IAPOS.jpg",642,425,false],"thumbnail":["https:\/\/fmamiga909.com.ar\/wp-content\/uploads\/2018\/02\/IAPOS-150x150.jpg",150,150,true],"medium":["https:\/\/fmamiga909.com.ar\/wp-content\/uploads\/2018\/02\/IAPOS-300x199.jpg",300,199,true],"medium_large":["https:\/\/fmamiga909.com.ar\/wp-content\/uploads\/2018\/02\/IAPOS.jpg",642,425,false],"large":["https:\/\/fmamiga909.com.ar\/wp-content\/uploads\/2018\/02\/IAPOS.jpg",640,424,false],"1536x1536":["https:\/\/fmamiga909.com.ar\/wp-content\/uploads\/2018\/02\/IAPOS.jpg",642,425,false],"2048x2048":["https:\/\/fmamiga909.com.ar\/wp-content\/uploads\/2018\/02\/IAPOS.jpg",642,425,false],"newsium-slider-full":["https:\/\/fmamiga909.com.ar\/wp-content\/uploads\/2018\/02\/IAPOS.jpg",642,425,false],"newsium-featured":["https:\/\/fmamiga909.com.ar\/wp-content\/uploads\/2018\/02\/IAPOS.jpg",642,425,false],"newsium-medium":["https:\/\/fmamiga909.com.ar\/wp-content\/uploads\/2018\/02\/IAPOS.jpg",642,425,false]},"author_info":{"display_name":"Fredy Giuliano","author_link":"https:\/\/fmamiga909.com.ar\/?author=3"},"category_info":"<a href=\"https:\/\/fmamiga909.com.ar\/?cat=1\" rel=\"category\">La radio<\/a>","tag_info":"La radio","comment_count":"0","_links":{"self":[{"href":"https:\/\/fmamiga909.com.ar\/index.php?rest_route=\/wp\/v2\/posts\/5787","targetHints":{"allow":["GET"]}}],"collection":[{"href":"https:\/\/fmamiga909.com.ar\/index.php?rest_route=\/wp\/v2\/posts"}],"about":[{"href":"https:\/\/fmamiga909.com.ar\/index.php?rest_route=\/wp\/v2\/types\/post"}],"author":[{"embeddable":true,"href":"https:\/\/fmamiga909.com.ar\/index.php?rest_route=\/wp\/v2\/users\/3"}],"replies":[{"embeddable":true,"href":"https:\/\/fmamiga909.com.ar\/index.php?rest_route=%2Fwp%2Fv2%2Fcomments&post=5787"}],"version-history":[{"count":1,"href":"https:\/\/fmamiga909.com.ar\/index.php?rest_route=\/wp\/v2\/posts\/5787\/revisions"}],"predecessor-version":[{"id":5788,"href":"https:\/\/fmamiga909.com.ar\/index.php?rest_route=\/wp\/v2\/posts\/5787\/revisions\/5788"}],"wp:featuredmedia":[{"embeddable":true,"href":"https:\/\/fmamiga909.com.ar\/index.php?rest_route=\/wp\/v2\/media\/5764"}],"wp:attachment":[{"href":"https:\/\/fmamiga909.com.ar\/index.php?rest_route=%2Fwp%2Fv2%2Fmedia&parent=5787"}],"wp:term":[{"taxonomy":"category","embeddable":true,"href":"https:\/\/fmamiga909.com.ar\/index.php?rest_route=%2Fwp%2Fv2%2Fcategories&post=5787"},{"taxonomy":"post_tag","embeddable":true,"href":"https:\/\/fmamiga909.com.ar\/index.php?rest_route=%2Fwp%2Fv2%2Ftags&post=5787"}],"curies":[{"name":"wp","href":"https:\/\/api.w.org\/{rel}","templated":true}]}}